{"id":145752,"date":"2013-08-31T20:50:45","date_gmt":"2013-09-01T01:50:45","guid":{"rendered":"http:\/\/www.diarioimagen.net\/?p=145752"},"modified":"2013-09-03T04:52:33","modified_gmt":"2013-09-03T09:52:33","slug":"la-cnte-descarta-manifestarse-en-camara-de-diputados","status":"publish","type":"post","link":"https:\/\/www.diarioimagen.net\/?p=145752","title":{"rendered":"La CNTE descarta manifestarse en C\u00e1mara de Diputados"},"content":{"rendered":"<p><a href=\"http:\/\/www.diarioimagen.net\/wp-content\/uploads\/2013\/09\/cnte.jpg\"><img loading=\"lazy\" decoding=\"async\" class=\"alignleft size-medium wp-image-145753\" style=\"margin-right: 9px; margin-bottom: 9px;\" alt=\"cnte\" src=\"http:\/\/www.diarioimagen.net\/wp-content\/uploads\/2013\/09\/cnte-240x135.jpg\" width=\"240\" height=\"135\" srcset=\"https:\/\/www.diarioimagen.net\/wp-content\/uploads\/2013\/09\/cnte-240x135.jpg 240w, https:\/\/www.diarioimagen.net\/wp-content\/uploads\/2013\/09\/cnte-420x236.jpg 420w, https:\/\/www.diarioimagen.net\/wp-content\/uploads\/2013\/09\/cnte-235x132.jpg 235w, https:\/\/www.diarioimagen.net\/wp-content\/uploads\/2013\/09\/cnte-202x114.jpg 202w, https:\/\/www.diarioimagen.net\/wp-content\/uploads\/2013\/09\/cnte-350x196.jpg 350w, https:\/\/www.diarioimagen.net\/wp-content\/uploads\/2013\/09\/cnte-220x123.jpg 220w, https:\/\/www.diarioimagen.net\/wp-content\/uploads\/2013\/09\/cnte-237x132.jpg 237w, https:\/\/www.diarioimagen.net\/wp-content\/uploads\/2013\/09\/cnte.jpg 480w\" sizes=\"auto, (max-width: 240px) 100vw, 240px\" \/><\/a>La comisi\u00f3n bicameral que analiza el conflicto magisterial, acept\u00f3 la petici\u00f3n de la Coordinadora Nacional de Trabajadores de la Educaci\u00f3n (CNTE) de decretar un receso en la mesa de dialogo, en tanto que los maestros aseguraron que no ir\u00e1n a la C\u00e1mara de Diputados a manifestarse ma\u00f1ana.<\/p>\n<p>Luego de poco m\u00e1s de una hora de trabajo, los grupos parlamentarios del PRI, PVEM y PRD, as\u00ed como los profesores informaron que fue a petici\u00f3n de estos \u00faltimos que se decret\u00f3 el receso, sin romper el di\u00e1logo, debido a que pidieron a la bancada priista asumir car\u00e1cter resolutivo y no s\u00f3lo de deliberaci\u00f3n.<\/p>\n<p>La CNTE dijo que tal receso no podr\u00e1 exceder de 24 horas, es decir, que la mesa deber\u00e1 reanudarse ma\u00f1ana a las 20:00 horas, y adelant\u00f3 que mantendr\u00e1n vigente su estrategia jur\u00eddica, pol\u00edtica y pedag\u00f3gica.<\/p>\n<p>El senador Ra\u00fal Mor\u00f3n Orozco y los diputados Roxana Luna Porquillo y V\u00edctor Reymundo N\u00e1jera Medina, todos del PRD, dijeron que ellos s\u00ed llegaron a la mesa con facultades resolutivas y respaldan el reclamo de los profesores de que se suspenda la aprobaci\u00f3n de la Ley del Servicio Profesional Docente.<\/p>\n<p>Se pronunciaron por que el gobierno federal y los legisladores de otros partidos tengan la sensibilidad pol\u00edtica de convocar a una gran consulta nacional sobre el contenido de la reforma educativa que el pa\u00eds requiere.<\/p>\n<p>Por su parte, los diputados y senadores del PRI y del PVEM encabezados por el diputado Arnoldo Ochoa Gonz\u00e1lez y el senador Daniel Amador Gaxiola, explicaron que ellos son s\u00f3lo una parte de Congreso General y por tanto no pueden suspender los procesos y tiempos legislativos.<\/p>\n<p>Empero se\u00f1alaron que tienen toda la voluntad de seguir escuchando a este interlocutor del sector magisterial, que no es el \u00fanico involucrado, por lo que llevaran la propuesta de la CNTE de que no se apruebe la Ley del Servicio Profesional Docente y ser\u00e1n las juntas de Coordinaci\u00f3n Pol\u00edtica y las mesas directivas de ambas c\u00e1maras las que decidan.<\/p>\n","protected":false},"excerpt":{"rendered":"<p>La comisi\u00f3n bicameral que analiza el conflicto magisterial, acept\u00f3 la petici\u00f3n de la Coordinadora Nacional de Trabajadores de la Educaci\u00f3n (CNTE) de decretar un receso en la mesa de dialogo, en tanto que los maestros aseguraron que no ir\u00e1n a la C\u00e1mara de Diputados a manifestarse ma\u00f1ana. Luego de poco m\u00e1s de una hora de trabajo, los grupos parlamentarios del PRI, PVEM y PRD, as\u00ed como los profesores informaron que fue a petici\u00f3n de estos \u00faltimos que se decret\u00f3 el receso, sin romper el di\u00e1logo, debido a que pidieron a la bancada priista asumir car\u00e1cter resolutivo y no s\u00f3lo de deliberaci\u00f3n.<\/p>\n","protected":false},"author":1,"featured_media":145753,"comment_status":"open","ping_status":"open","sticky":false,"template":"","format":"standard","meta":{"_monsterinsights_skip_tracking":false,"_monsterinsights_sitenote_active":false,"_monsterinsights_sitenote_note":"","_monsterinsights_sitenote_category":0,"footnotes":""},"categories":[17,3],"tags":[],"class_list":["post-145752","post","type-post","status-publish","format-standard","has-post-thumbnail","hentry","category-especiales","category-nacional"],"_links":{"self":[{"href":"https:\/\/www.diarioimagen.net\/index.php?rest_route=\/wp\/v2\/posts\/145752","targetHints":{"allow":["GET"]}}],"collection":[{"href":"https:\/\/www.diarioimagen.net\/index.php?rest_route=\/wp\/v2\/posts"}],"about":[{"href":"https:\/\/www.diarioimagen.net\/index.php?rest_route=\/wp\/v2\/types\/post"}],"author":[{"embeddable":true,"href":"https:\/\/www.diarioimagen.net\/index.php?rest_route=\/wp\/v2\/users\/1"}],"replies":[{"embeddable":true,"href":"https:\/\/www.diarioimagen.net\/index.php?rest_route=%2Fwp%2Fv2%2Fcomments&post=145752"}],"version-history":[{"count":0,"href":"https:\/\/www.diarioimagen.net\/index.php?rest_route=\/wp\/v2\/posts\/145752\/revisions"}],"wp:featuredmedia":[{"embeddable":true,"href":"https:\/\/www.diarioimagen.net\/index.php?rest_route=\/wp\/v2\/media\/145753"}],"wp:attachment":[{"href":"https:\/\/www.diarioimagen.net\/index.php?rest_route=%2Fwp%2Fv2%2Fmedia&parent=145752"}],"wp:term":[{"taxonomy":"category","embeddable":true,"href":"https:\/\/www.diarioimagen.net\/index.php?rest_route=%2Fwp%2Fv2%2Fcategories&post=145752"},{"taxonomy":"post_tag","embeddable":true,"href":"https:\/\/www.diarioimagen.net\/index.php?rest_route=%2Fwp%2Fv2%2Ftags&post=145752"}],"curies":[{"name":"wp","href":"https:\/\/api.w.org\/{rel}","templated":true}]}}