{"id":145777,"date":"2013-09-02T00:13:32","date_gmt":"2013-09-02T05:13:32","guid":{"rendered":"http:\/\/www.diarioimagen.net\/?p=145777"},"modified":"2013-09-02T03:15:17","modified_gmt":"2013-09-02T08:15:17","slug":"rinde-frutos-alianza-con-la-iniciativa-privada","status":"publish","type":"post","link":"https:\/\/www.diarioimagen.net\/?p=145777","title":{"rendered":"Rinde frutos  alianza con la iniciativa privada"},"content":{"rendered":"<h2>Arco Norte<\/h2>\n<h5>Jos\u00e9 Luis Monta\u00f1ez Aguilar<\/h5>\n<p><span>\u00a0<\/span><\/p>\n<div id=\"attachment_145742\" style=\"width: 250px\" class=\"wp-caption alignleft\"><a href=\"http:\/\/www.diarioimagen.net\/wp-content\/uploads\/2013\/09\/eruviel-unilever.jpg\"><img loading=\"lazy\" decoding=\"async\" aria-describedby=\"caption-attachment-145742\" class=\"size-medium wp-image-145742\" alt=\"El gobernador Eruviel \u00c1vila Villegas anunci\u00f3 una inversi\u00f3n cercana a los 6 mil millones de pesos por parte de las empresas UNILEVER y Fibra Uno, con lo cual se generar\u00e1n m\u00e1s de 12 mil empleos directos e indirectos, y es muestra que con el trabajo en equipo entre iniciativa privada y el gobierno se logran grandes resultados, ya que es una alianza que refuerza la econom\u00eda estatal.\" src=\"http:\/\/www.diarioimagen.net\/wp-content\/uploads\/2013\/09\/eruviel-unilever-240x159.jpg\" width=\"240\" height=\"159\" srcset=\"https:\/\/www.diarioimagen.net\/wp-content\/uploads\/2013\/09\/eruviel-unilever-240x159.jpg 240w, https:\/\/www.diarioimagen.net\/wp-content\/uploads\/2013\/09\/eruviel-unilever-420x279.jpg 420w, https:\/\/www.diarioimagen.net\/wp-content\/uploads\/2013\/09\/eruviel-unilever.jpg 480w\" sizes=\"auto, (max-width: 240px) 100vw, 240px\" \/><\/a><p id=\"caption-attachment-145742\" class=\"wp-caption-text\">El gobernador Eruviel \u00c1vila Villegas anunci\u00f3 una inversi\u00f3n cercana a los 6 mil millones de pesos por parte de las empresas UNILEVER y Fibra Uno.<\/p><\/div>\n<p><span>Una muestra de los resultados que el trabajo en equipo entre la iniciativa privada y el gobierno dle Estado de M\u00e9xico pueden lograr es la creaci\u00f3n de empleos, como los que se generar\u00e1n con la inversi\u00f3n cercana a los 6 mil millones de pesos que las empresas Fibra Uno y UNILEVER realizar\u00e1n en la entidad, las cuales permitir\u00e1n crear alrededor de 12 mil plazas laborales directas e indirectas. Asimismo, es una muestra de que las alianzas refuerzan la econom\u00eda estatal, lo que se refleja en m\u00e1s fuentes laborales y mexiquenses m\u00e1s productivos y m\u00e1s fuertes. \u201cEsta es una muy buena noticia para la entidad y para M\u00e9xico; independientemente de las circunstancias econ\u00f3micas que se viven a nivel mundial, la desaceleraci\u00f3n de las econom\u00edas emergentes, la problem\u00e1tica econ\u00f3mica, por ejemplo, de Europa y de otros pa\u00edses como Estados Unidos, desde luego, tambi\u00e9n afectan a M\u00e9xico, pero qu\u00e9 bueno que en el Estado de M\u00e9xico las inversiones sigan floreciendo, generando los empleos, siga creciendo la econom\u00eda y esto es gracias a que el Estado de M\u00e9xico da la mano a los empresarios, a los industriales y a la gente buena que\u00a0 invierte en esta entidad, que genera empleos y que nos permite elevar la competitividad de nuestro estado y permite crecer en la productividad\u201d, afirm\u00f3. Acompa\u00f1ado por directivos de ambos consorcios, en reuniones realizadas por separado, Eruviel \u00c1vila agradeci\u00f3 la confianza de estas empresas al decidir invertir en la entidad, y asegur\u00f3 que las condiciones de crecimiento en la entidad son \u00f3ptimas gracias a que se brindan facilidades a los empresarios, as\u00ed como a la r\u00e1pida movilidad que permite la amplia infraestructura vial estatal y al trabajo en equipo que realiza el gobierno mexiquense con la federaci\u00f3n. El gerente general adjunto de Fibra Uno, Gonzalo Robina Ibarra precis\u00f3 que esta compa\u00f1\u00eda destinar\u00e1 2 mil 790 millones de pesos, que crear\u00e1n 4 mil empleos directos y 6 mil indirectos, con la construcci\u00f3n de dos parques industriales.<\/span><\/p>\n<p><em><\/em><em><a href=\"mailto:montanezaguilar@gmail.com\" target=\"_blank\">montanezaguilar@gmail.com<\/a><\/em><\/p>\n","protected":false},"excerpt":{"rendered":"<p><span style=\"color: #005497;\"><strong>Jos\u00e9 Luis Monta\u00f1ez Aguilar<\/strong><\/span><br \/>\n<br \/>\nUna muestra de los resultados que el trabajo en equipo entre la iniciativa privada y el gobierno dle Estado de M\u00e9xico pueden lograr es la creaci\u00f3n de empleos, como los que se generar\u00e1n con la inversi\u00f3n cercana a los 6 mil millones de pesos que las empresas Fibra Uno y UNILEVER realizar\u00e1n en la entidad, las cuales permitir\u00e1n crear alrededor de 12 mil plazas laborales directas e indirectas. <\/p>\n","protected":false},"author":3,"featured_media":145742,"comment_status":"open","ping_status":"open","sticky":false,"template":"","format":"standard","meta":{"_monsterinsights_skip_tracking":false,"_monsterinsights_sitenote_active":false,"_monsterinsights_sitenote_note":"","_monsterinsights_sitenote_category":0,"footnotes":""},"categories":[5],"tags":[13284,43675,43704,43674],"class_list":["post-145777","post","type-post","status-publish","format-standard","has-post-thumbnail","hentry","category-estado-de-mexico","tag-arco-norte","tag-estado-de-mexico","tag-jose-luis-montanez-aguilar","tag-opinion"],"_links":{"self":[{"href":"https:\/\/www.diarioimagen.net\/index.php?rest_route=\/wp\/v2\/posts\/145777","targetHints":{"allow":["GET"]}}],"collection":[{"href":"https:\/\/www.diarioimagen.net\/index.php?rest_route=\/wp\/v2\/posts"}],"about":[{"href":"https:\/\/www.diarioimagen.net\/index.php?rest_route=\/wp\/v2\/types\/post"}],"author":[{"embeddable":true,"href":"https:\/\/www.diarioimagen.net\/index.php?rest_route=\/wp\/v2\/users\/3"}],"replies":[{"embeddable":true,"href":"https:\/\/www.diarioimagen.net\/index.php?rest_route=%2Fwp%2Fv2%2Fcomments&post=145777"}],"version-history":[{"count":0,"href":"https:\/\/www.diarioimagen.net\/index.php?rest_route=\/wp\/v2\/posts\/145777\/revisions"}],"wp:featuredmedia":[{"embeddable":true,"href":"https:\/\/www.diarioimagen.net\/index.php?rest_route=\/wp\/v2\/media\/145742"}],"wp:attachment":[{"href":"https:\/\/www.diarioimagen.net\/index.php?rest_route=%2Fwp%2Fv2%2Fmedia&parent=145777"}],"wp:term":[{"taxonomy":"category","embeddable":true,"href":"https:\/\/www.diarioimagen.net\/index.php?rest_route=%2Fwp%2Fv2%2Fcategories&post=145777"},{"taxonomy":"post_tag","embeddable":true,"href":"https:\/\/www.diarioimagen.net\/index.php?rest_route=%2Fwp%2Fv2%2Ftags&post=145777"}],"curies":[{"name":"wp","href":"https:\/\/api.w.org\/{rel}","templated":true}]}}