{"id":145882,"date":"2013-09-02T00:05:26","date_gmt":"2013-09-02T05:05:26","guid":{"rendered":"http:\/\/www.diarioimagen.net\/?p=145882"},"modified":"2013-09-03T04:54:27","modified_gmt":"2013-09-03T09:54:27","slug":"pena-nieto-da-hoy-un-mensaje-a-la-nacion","status":"publish","type":"post","link":"https:\/\/www.diarioimagen.net\/?p=145882","title":{"rendered":"Pe\u00f1a Nieto da hoy un mensaje a la naci\u00f3n"},"content":{"rendered":"<ul>\n<li><em><b>En la residencia oficial de Los Pinos<\/b><\/em><\/li>\n<\/ul>\n<p>&nbsp;<\/p>\n<div id=\"attachment_145883\" style=\"width: 250px\" class=\"wp-caption alignleft\"><a href=\"http:\/\/www.diarioimagen.net\/wp-content\/uploads\/2013\/09\/epn-2176.jpg\"><img loading=\"lazy\" decoding=\"async\" aria-describedby=\"caption-attachment-145883\" class=\"size-medium wp-image-145883\" alt=\"Enrique Pe\u00f1a Nieto, presidente de M\u00e9xico.\" src=\"http:\/\/www.diarioimagen.net\/wp-content\/uploads\/2013\/09\/epn-2176-240x168.jpg\" width=\"240\" height=\"168\" srcset=\"https:\/\/www.diarioimagen.net\/wp-content\/uploads\/2013\/09\/epn-2176-240x168.jpg 240w, https:\/\/www.diarioimagen.net\/wp-content\/uploads\/2013\/09\/epn-2176-420x294.jpg 420w, https:\/\/www.diarioimagen.net\/wp-content\/uploads\/2013\/09\/epn-2176.jpg 480w\" sizes=\"auto, (max-width: 240px) 100vw, 240px\" \/><\/a><p id=\"caption-attachment-145883\" class=\"wp-caption-text\">Enrique Pe\u00f1a Nieto, presidente de M\u00e9xico.<\/p><\/div>\n<p>El presidente Enrique Pe\u00f1a Nieto emitir\u00e1 hoy un mensaje a la naci\u00f3n con motivo de su Primer Informe de Gobierno, el cual comprende las principales acciones emprendidas entre el 1 de diciembre de 2012 y el 31 de agosto de 2013.<\/p>\n<p>Previo al informe, en la p\u00e1gina oficial de Presidencia de la Rep\u00fablica www.presidencia.gob.mx\/informe\/ destacan algunas de las actividades que se efectuaron en los nueve meses de la actual administraci\u00f3n federal.<\/p>\n<p>Lo que caracteriz\u00f3 a dicha administraci\u00f3n, en un principio, fue el acuerdo al que llegaron las bancadas del PRI, PAN y PRD al firmar el Pacto por M\u00e9xico, en el que acordaron una agenda compartida de 95 compromisos en torno a cinco acuerdos.<\/p>\n<p>Ellos, en temas de Sociedad de Derechos y Libertades; Crecimiento Econ\u00f3mico, Empleo y Competitividad; Seguridad y Justicia; Transparencia, Rendici\u00f3n de Cuentas y Combate a la Corrupci\u00f3n; as\u00ed como Gobernabilidad Democr\u00e1tica.<\/p>\n<p>A partir de dicho acuerdo se concretaron diversas reformas, algunas incluso constitucionales, destacando la aprobaci\u00f3n de varias reformas como la Educativa, Telecomunicaciones, de Competencia Econ\u00f3mica, y la presentaci\u00f3n de la Reforma Financiera.<\/p>\n<p>En materia de infraestructura, resalta el Programa de Inversiones en Infraestructura de Transporte y Comunicaciones 2013-2018, que prev\u00e9 inversiones p\u00fablicas y privadas por 1.28 billones de pesos.<\/p>\n<p>Tan s\u00f3lo en este a\u00f1o, de dicha cantidad, se utilizaron 310 mil millones de pesos, mientras que en todo el sexenio se estima invertir al menos cuatro billones en proyectos de infraestructura.<\/p>\n<p>Asimismo, detalla que se reunieron con 43 mandatarios en busca de importantes acuerdos a favor de M\u00e9xico para consolidar un Estado que respeta y promueve el derecho internacional, as\u00ed como una naci\u00f3n solidaria, responsable, que abandera la paz y defiende los Derechos Humanos.<\/p>\n<p>&nbsp;<\/p>\n","protected":false},"excerpt":{"rendered":"<p>El presidente Enrique Pe\u00f1a Nieto emitir\u00e1 hoy un mensaje a la naci\u00f3n con motivo de su Primer Informe de Gobierno, el cual comprende las principales acciones emprendidas entre el 1 de diciembre de 2012 y el 31 de agosto de 2013. Previo al informe, en la p\u00e1gina oficial de Presidencia de la Rep\u00fablica www.presidencia.gob.mx\/informe\/ destacan algunas de las actividades que se efectuaron en los nueve meses de la actual administraci\u00f3n federal.<\/p>\n","protected":false},"author":1,"featured_media":145883,"comment_status":"open","ping_status":"open","sticky":false,"template":"","format":"standard","meta":{"_monsterinsights_skip_tracking":false,"_monsterinsights_sitenote_active":false,"_monsterinsights_sitenote_note":"","_monsterinsights_sitenote_category":0,"footnotes":""},"categories":[17,3],"tags":[18,43673,10626],"class_list":["post-145882","post","type-post","status-publish","format-standard","has-post-thumbnail","hentry","category-especiales","category-nacional","tag-enrique-pena-nieto","tag-nacional","tag-primer-informe-de-gobierno"],"_links":{"self":[{"href":"https:\/\/www.diarioimagen.net\/index.php?rest_route=\/wp\/v2\/posts\/145882","targetHints":{"allow":["GET"]}}],"collection":[{"href":"https:\/\/www.diarioimagen.net\/index.php?rest_route=\/wp\/v2\/posts"}],"about":[{"href":"https:\/\/www.diarioimagen.net\/index.php?rest_route=\/wp\/v2\/types\/post"}],"author":[{"embeddable":true,"href":"https:\/\/www.diarioimagen.net\/index.php?rest_route=\/wp\/v2\/users\/1"}],"replies":[{"embeddable":true,"href":"https:\/\/www.diarioimagen.net\/index.php?rest_route=%2Fwp%2Fv2%2Fcomments&post=145882"}],"version-history":[{"count":0,"href":"https:\/\/www.diarioimagen.net\/index.php?rest_route=\/wp\/v2\/posts\/145882\/revisions"}],"wp:featuredmedia":[{"embeddable":true,"href":"https:\/\/www.diarioimagen.net\/index.php?rest_route=\/wp\/v2\/media\/145883"}],"wp:attachment":[{"href":"https:\/\/www.diarioimagen.net\/index.php?rest_route=%2Fwp%2Fv2%2Fmedia&parent=145882"}],"wp:term":[{"taxonomy":"category","embeddable":true,"href":"https:\/\/www.diarioimagen.net\/index.php?rest_route=%2Fwp%2Fv2%2Fcategories&post=145882"},{"taxonomy":"post_tag","embeddable":true,"href":"https:\/\/www.diarioimagen.net\/index.php?rest_route=%2Fwp%2Fv2%2Ftags&post=145882"}],"curies":[{"name":"wp","href":"https:\/\/api.w.org\/{rel}","templated":true}]}}