{"id":145907,"date":"2013-09-03T00:02:33","date_gmt":"2013-09-03T05:02:33","guid":{"rendered":"http:\/\/www.diarioimagen.net\/?p=145907"},"modified":"2013-09-04T05:23:58","modified_gmt":"2013-09-04T10:23:58","slug":"cae-el-hermano-de-el-senor-de-los-cielos-alberto-carrillo-fuentes","status":"publish","type":"post","link":"https:\/\/www.diarioimagen.net\/?p=145907","title":{"rendered":"Cae el hermano de \u201cEl Se\u00f1or de los Cielos\u201d, Alberto Carrillo Fuentes"},"content":{"rendered":"<ul>\n<li><em><strong>Elementos de la Polic\u00eda Federal detuvieron a \u2018Betty la Fea\u2019, l\u00edder del Nuevo C\u00e1rtel de Ju\u00e1rez durante un operativo realizado en Playa \u00a0Bucer\u00edas, Nayarit<\/strong><\/em><\/li>\n<\/ul>\n<div id=\"attachment_145908\" style=\"width: 250px\" class=\"wp-caption alignleft\"><a href=\"http:\/\/www.diarioimagen.net\/wp-content\/uploads\/2013\/09\/CAPO-portal.jpg\"><img loading=\"lazy\" decoding=\"async\" aria-describedby=\"caption-attachment-145908\" class=\"size-medium wp-image-145908\" alt=\"A \u201cBetty la Fea\u201d se le vincula con la ola de violencia generada en Ciudad Ju\u00e1rez, Chihuahua, y en Sinaloa, Durango, Sonora y Coahuila, derivada de los enfrentamientos con los grupos encabezados por Joaqu\u00edn El Chapo Guzm\u00e1n y Heriberto Lazcano Lazcano.\" src=\"http:\/\/www.diarioimagen.net\/wp-content\/uploads\/2013\/09\/CAPO-portal-240x135.jpg\" width=\"240\" height=\"135\" srcset=\"https:\/\/www.diarioimagen.net\/wp-content\/uploads\/2013\/09\/CAPO-portal-240x135.jpg 240w, https:\/\/www.diarioimagen.net\/wp-content\/uploads\/2013\/09\/CAPO-portal-420x236.jpg 420w, https:\/\/www.diarioimagen.net\/wp-content\/uploads\/2013\/09\/CAPO-portal-235x132.jpg 235w, https:\/\/www.diarioimagen.net\/wp-content\/uploads\/2013\/09\/CAPO-portal-202x114.jpg 202w, https:\/\/www.diarioimagen.net\/wp-content\/uploads\/2013\/09\/CAPO-portal-350x196.jpg 350w, https:\/\/www.diarioimagen.net\/wp-content\/uploads\/2013\/09\/CAPO-portal-220x123.jpg 220w, https:\/\/www.diarioimagen.net\/wp-content\/uploads\/2013\/09\/CAPO-portal-237x132.jpg 237w, https:\/\/www.diarioimagen.net\/wp-content\/uploads\/2013\/09\/CAPO-portal.jpg 480w\" sizes=\"auto, (max-width: 240px) 100vw, 240px\" \/><\/a><p id=\"caption-attachment-145908\" class=\"wp-caption-text\">A \u201cBetty la Fea\u201d se le vincula con la ola de violencia generada en Ciudad Ju\u00e1rez, Chihuahua, y en Sinaloa, Durango, Sonora y Coahuila, derivada de los enfrentamientos con los grupos encabezados por Joaqu\u00edn El Chapo Guzm\u00e1n y Heriberto Lazcano Lazcano.<\/p><\/div>\n<p>Alberto Carrillo Fuentes, hermano de fallecido fundador del Nuevo C\u00e1rtel de Ju\u00e1rez, Amado Carrillo Fuentes, \u201cEl Se\u00f1or de los Cielos\u201d, fue detenido.<\/p>\n<p>Personajes del gabinete de Seguridad, que solicitaron no ser identificadas, confirmaron que la captura se realiz\u00f3 la noche del pasado s\u00e1bado en una zona residencial de la Riviera Nayarita por elementos de la Polic\u00eda Federal, durante un operativo realizado en esa zona tur\u00edstica.<\/p>\n<p>Derivado de trabajos de inteligencia, ubicaron a Alberto Carrillo Fuentes, \u201cBetty la Fea\u201d, en una residencia del lugar y su detenci\u00f3n se realiz\u00f3 sin el uso de fuerza.<\/p>\n<p>De acuerdo con investigaciones de la PGR, tras la muerte de El Se\u00f1or de los Cielos, en 1997, la dirigencia del c\u00e1rtel de Ju\u00e1rez fue asumida por su hermano, Vicente Carrillo Fuentes, El Viceroy.<\/p>\n<p>Durante la ma\u00f1ana de ayer, el presunto l\u00edder del llamado Nuevo C\u00e1rtel de Ju\u00e1rez, fue puesto a disposici\u00f3n de la Subprocuradur\u00eda Especializada en Investigaci\u00f3n de Delincuencia Organizada (SEIDO), de la Procuradur\u00eda General de la Rep\u00fablica (PGR).<\/p>\n<p>Las fuentes indicaron que los detalles de la captura se dar\u00e1n a conocer en las pr\u00f3ximas horas, por parte del vocero del gabinete de Seguridad del gobierno federal, Eduardo S\u00e1nchez, en la Secretar\u00eda de Gobernaci\u00f3n.<\/p>\n<p>&nbsp;<\/p>\n","protected":false},"excerpt":{"rendered":"<p>Alberto Carrillo Fuentes, hermano de fallecido fundador del Nuevo C\u00e1rtel de Ju\u00e1rez, Amado Carrillo Fuentes, \u201cEl Se\u00f1or de los Cielos\u201d, fue detenido. Personajes del gabinete de Seguridad, que solicitaron no ser identificadas, confirmaron que la captura se realiz\u00f3 la noche del pasado s\u00e1bado en una zona residencial de la Riviera Nayarita por elementos de la Polic\u00eda Federal, durante un operativo realizado en esa zona tur\u00edstica.<\/p>\n","protected":false},"author":5,"featured_media":145908,"comment_status":"open","ping_status":"open","sticky":false,"template":"","format":"standard","meta":{"_monsterinsights_skip_tracking":false,"_monsterinsights_sitenote_active":false,"_monsterinsights_sitenote_note":"","_monsterinsights_sitenote_category":0,"footnotes":""},"categories":[17,7],"tags":[28172,232,43677],"class_list":["post-145907","post","type-post","status-publish","format-standard","has-post-thumbnail","hentry","category-especiales","category-seguridad","tag-el-senor-de-los-cielos","tag-pgr","tag-seguridad"],"_links":{"self":[{"href":"https:\/\/www.diarioimagen.net\/index.php?rest_route=\/wp\/v2\/posts\/145907","targetHints":{"allow":["GET"]}}],"collection":[{"href":"https:\/\/www.diarioimagen.net\/index.php?rest_route=\/wp\/v2\/posts"}],"about":[{"href":"https:\/\/www.diarioimagen.net\/index.php?rest_route=\/wp\/v2\/types\/post"}],"author":[{"embeddable":true,"href":"https:\/\/www.diarioimagen.net\/index.php?rest_route=\/wp\/v2\/users\/5"}],"replies":[{"embeddable":true,"href":"https:\/\/www.diarioimagen.net\/index.php?rest_route=%2Fwp%2Fv2%2Fcomments&post=145907"}],"version-history":[{"count":0,"href":"https:\/\/www.diarioimagen.net\/index.php?rest_route=\/wp\/v2\/posts\/145907\/revisions"}],"wp:featuredmedia":[{"embeddable":true,"href":"https:\/\/www.diarioimagen.net\/index.php?rest_route=\/wp\/v2\/media\/145908"}],"wp:attachment":[{"href":"https:\/\/www.diarioimagen.net\/index.php?rest_route=%2Fwp%2Fv2%2Fmedia&parent=145907"}],"wp:term":[{"taxonomy":"category","embeddable":true,"href":"https:\/\/www.diarioimagen.net\/index.php?rest_route=%2Fwp%2Fv2%2Fcategories&post=145907"},{"taxonomy":"post_tag","embeddable":true,"href":"https:\/\/www.diarioimagen.net\/index.php?rest_route=%2Fwp%2Fv2%2Ftags&post=145907"}],"curies":[{"name":"wp","href":"https:\/\/api.w.org\/{rel}","templated":true}]}}