{"id":146290,"date":"2013-09-05T00:05:21","date_gmt":"2013-09-05T05:05:21","guid":{"rendered":"http:\/\/www.diarioimagen.net\/?p=146290"},"modified":"2013-09-06T02:32:37","modified_gmt":"2013-09-06T07:32:37","slug":"en-espera","status":"publish","type":"post","link":"https:\/\/www.diarioimagen.net\/?p=146290","title":{"rendered":"En espera"},"content":{"rendered":"<h2>De frente y de perfil<\/h2>\n<h5>Ram\u00f3n Zurita Sahag\u00fan<\/h5>\n<p><span><br \/>\nConsumado el primer cap\u00edtulo del largo libro que se pretende escribir desde el gobierno federal en materia de reformas, los siguientes d\u00edas ser\u00e1n esclarecedores del rumbo que tomar\u00e1n los acontecimientos.<\/span><\/p>\n<p>Senadores y diputados cumplieron, finalmente, con la aprobaci\u00f3n de las leyes secundarias de la reforma educativa, donde la Ley del Servicio Docente era parte fundamental de dichas reformas. Ahora, la parte faltante es que el presidente de la Rep\u00fablica emita el decreto para publicarlas y que se pongan en vigor.<\/p>\n<p>Por tratarse de leyes secundarias no tienen que ser aprobadas por los Congresos estatales -situaci\u00f3n que corresponde a las reformas constitucionales- ya que el Congreso de la Uni\u00f3n las aprob\u00f3 por mayor\u00eda.<\/p>\n<p>Con dichas modificaciones la reforma educativa deber\u00e1 ser llevada a las aulas y se pretende que en julio del 2014 se realice la primera evaluaci\u00f3n docente, cuyos resultados ser\u00edan conocidos en abril del siguiente a\u00f1o (2015).<\/p>\n<p>De acuerdo con el secretario de Educaci\u00f3n P\u00fablica, Emilio Chuayffet Chemor, los maestros podr\u00e1n presentar su examen en tres ocasiones, la evaluaci\u00f3n se dar\u00e1 a conocer en abril, si no pasan ninguna de sus pruebas, significar\u00e1 que no est\u00e1n capacitados para ser docentes\u201d, reconoci\u00f3.<\/p>\n<p>Chuayffet Chemor reapareci\u00f3 con los temas educativos una vez aprobados por el Congreso y en entrevistas con conductores de radio y televisi\u00f3n precis\u00f3 que en el tema de educaci\u00f3n \u201ces una inversi\u00f3n de muchos a\u00f1os\u201d por lo cual, dijo, tendr\u00e1n que pasar al menos 10 a\u00f1os para que se llegue al nivel esperado.<\/p>\n<p>\u201cTenemos que llevar a cabo las reglas. El maestro ser\u00e1 sometido a cursos de capacitaci\u00f3n para que se tengan los mecanismos necesarios para incrementar el desempe\u00f1o profesional\u201d, sostuvo. Agreg\u00f3 que los cursos deber\u00e1n estar acompa\u00f1ados por una tutor\u00eda para que al a\u00f1o siguiente presenten su evaluaci\u00f3n y en caso de no pasar a la primera tendr\u00e1n dos oportunidades.<\/p>\n<p>El ex secretario de Gobernaci\u00f3n y ex gobernador del Estado de M\u00e9xico rechaz\u00f3 haberse resguardado ante la tempestad desatada por dicha reforma y explic\u00f3 que dej\u00f3 todo en manos de la secretar\u00eda de Gobernaci\u00f3n y el Congreso de la Uni\u00f3n, aunque particip\u00f3 en las modificaciones que se le hicieron al texto original. De lo que se trata, explic\u00f3, es que los maestros eleven su calidad profesional.<\/p>\n<p>Ayer fue el primer d\u00eda de manifestaciones de los integrantes de la Coordinadora Nacional de Trabajadores de la Educaci\u00f3n, ya con leyes aprobadas y el caos provocado en la capital del pa\u00eds fue espectacular.<\/p>\n<p>Con este antecedente, lo que viene puede ser todav\u00eda peor.<\/p>\n<p>El domingo se realizar\u00e1 la concentraci\u00f3n convocada por Andr\u00e9s Manuel L\u00f3pez Obrador, la que se espera, para conocer la fuerza que todav\u00eda concentra el tabasque\u00f1o.<\/p>\n<p>Imbuido en el proceso de formaci\u00f3n de su nuevo partido pol\u00edtico (MORENA), L\u00f3pez Obrador se recicla con su oposici\u00f3n a la reforma energ\u00e9tica, cuya iniciativa ser\u00e1 la siguiente que discutir\u00e1n diputados y senadores\u00a0 Ser\u00e1 entonces cuando se sepa el respaldo con que cuenta esa parte de la izquierda mexicana y si maestros de la CNTE, integrantes del ex Sindicato Mexicano de Electricistas, ex trabajadores de la desaparecida Mexicana de Aviaci\u00f3n \u00a0y otros sectores se al\u00edan con el sector que comanda el dos veces candidato presidencial.<\/p>\n<p>Por lo pronto al caos del Distrito Federal se suma lo sucedido en algunos otros estados del pa\u00eds, aunque tambi\u00e9n se debe destacar que en Tabasco, los maestros ya regresaron a las aulas. Sin embargo, en algunas entidades como Baja California Sur, Quintana Roo, Chihuahua, Coahuila, Oaxaca, Veracruz, Tlaxcala, \u00a0Nayarit y el ya citado Distrito Federal, se mantuvieron las protestas magisteriales. En Los Cabos el bloqueo de profesores oblig\u00f3 a los turistas a caminar buenas distancias, arrastrando su equipaje, igual que sucedi\u00f3 hace varios a\u00f1os, durante la disputa por el servicio de transporte en ese sitio.<\/p>\n<p align=\"center\"><b>MISI\u00d3N CUMPLIDA<\/b><\/p>\n<p>\u00a0Desacostumbrados a trabajar como lo han hecho ahora, diputados y senadores, cumplieron con su promesa de aprobar las leyes secundarias necesarias para hacer realidad la reforma educativa.<\/p>\n<p>Fue todo un acontecimiento que el mismo d\u00eda de inicio del per\u00edodo ordinario de sesiones, los diputados dieran entrada a la iniciativa de rigor, la misma que hab\u00edan sacado de la agenda legislativa del per\u00edodo extraordinario de sesiones unos d\u00edas antes, presionados por las manifestaciones p\u00fablicas de los profesores pertenecientes a la Coordinadora Nacional de Trabajadores de la Educaci\u00f3n.<\/p>\n<p>Los senadores lo hicieron en horario extra, con desvelada y todo, pero tambi\u00e9n cumplieron con su ofrecimiento. La imagen p\u00fablica que unos y otros dejaron unos d\u00edas antes, puede cambiar, si los legisladores se mantienen en sus prop\u00f3sitos y no se dejan intimidar como sucedi\u00f3 la primera ocasi\u00f3n.<\/p>\n<p align=\"center\"><b>III INFORME\u00a0 EN ZACATECAS<\/b><\/p>\n<p>\u00a0Miguel Alonso Reyes, gobernador de Zacatecas rendir\u00e1 el pr\u00f3ximo domingo su tercer informe de gobierno. Han confirmado su asistencia a este evento de mitad de sexenio varios gobernadores afiliados al PRI, pero tambi\u00e9n Rafael Moreno Valle, de Puebla; \u00a0militante del PAN; Graco Ram\u00edrez, de Morelos, integrante del PRD y Miguel \u00c1ngel Mancera, Jefe de Gobierno del Distrito Federal, sin filiaci\u00f3n partidista, aunque simpatizante de la izqu\u00adier\u00adda, \u00a0entre otros. Se espera tambi\u00e9n la presencia del presidente del CEN del PRI, C\u00e9sar Camacho; de Manlio Fabio Beltrones, coordinador de los diputados del PRI y Emilio Gamboa, coordinador de la fracci\u00f3n tricolor en el Senado de la Rep\u00fablica.<\/p>\n<p>La representaci\u00f3n del Pre\u00adsidente \u00a0Enrique Pe\u00f1a Nieto, la llevar\u00e1 la secretaria de Salud, Mercedes Juan. Ayer estuvo en Zacatecas el secretario de Energ\u00eda, Pedro Joaqu\u00edn Coldwell, \u00a0\u00a0para constatar los avances del gasoducto que por all\u00e1 se construye. El s\u00e1bado ir\u00e1 el director general de la CONAGUA, David Korenfield para inaugurar junto con el gobernador la Planta Tratadora de Aguas Residuales.<\/p>\n<p><em><a href=\"mailto:ramonzurita44@hotmail.com\" target=\"_blank\">ramonzurita44@hotmail.com<br \/>\n<\/a><a href=\"mailto:zurita_sahagun@hotmail.com\" target=\"_blank\">zurita_sahagun@hotmail.com<\/a><\/em><\/p>\n","protected":false},"excerpt":{"rendered":"<p><span style=\"color: #005497;\"><strong>Ram\u00f3n Zurita Sahag\u00fan<\/strong><\/span><\/p>\n","protected":false},"author":3,"featured_media":0,"comment_status":"open","ping_status":"open","sticky":false,"template":"","format":"standard","meta":{"_monsterinsights_skip_tracking":false,"_monsterinsights_sitenote_active":false,"_monsterinsights_sitenote_note":"","_monsterinsights_sitenote_category":0,"footnotes":""},"categories":[234],"tags":[304,43674,43687],"class_list":["post-146290","post","type-post","status-publish","format-standard","hentry","category-ramon-zurita-sahagun","tag-de-frente-y-de-perfil","tag-opinion","tag-ramon-zurita-sahagun"],"_links":{"self":[{"href":"https:\/\/www.diarioimagen.net\/index.php?rest_route=\/wp\/v2\/posts\/146290","targetHints":{"allow":["GET"]}}],"collection":[{"href":"https:\/\/www.diarioimagen.net\/index.php?rest_route=\/wp\/v2\/posts"}],"about":[{"href":"https:\/\/www.diarioimagen.net\/index.php?rest_route=\/wp\/v2\/types\/post"}],"author":[{"embeddable":true,"href":"https:\/\/www.diarioimagen.net\/index.php?rest_route=\/wp\/v2\/users\/3"}],"replies":[{"embeddable":true,"href":"https:\/\/www.diarioimagen.net\/index.php?rest_route=%2Fwp%2Fv2%2Fcomments&post=146290"}],"version-history":[{"count":0,"href":"https:\/\/www.diarioimagen.net\/index.php?rest_route=\/wp\/v2\/posts\/146290\/revisions"}],"wp:attachment":[{"href":"https:\/\/www.diarioimagen.net\/index.php?rest_route=%2Fwp%2Fv2%2Fmedia&parent=146290"}],"wp:term":[{"taxonomy":"category","embeddable":true,"href":"https:\/\/www.diarioimagen.net\/index.php?rest_route=%2Fwp%2Fv2%2Fcategories&post=146290"},{"taxonomy":"post_tag","embeddable":true,"href":"https:\/\/www.diarioimagen.net\/index.php?rest_route=%2Fwp%2Fv2%2Ftags&post=146290"}],"curies":[{"name":"wp","href":"https:\/\/api.w.org\/{rel}","templated":true}]}}