{"id":146694,"date":"2013-09-09T12:21:32","date_gmt":"2013-09-09T17:21:32","guid":{"rendered":"http:\/\/www.diarioimagen.net\/?p=146694"},"modified":"2013-09-10T03:12:04","modified_gmt":"2013-09-10T08:12:04","slug":"avion-aterriza-de-emergencia-y-se-despista-en-el-aeropuerto-de-hermosillo","status":"publish","type":"post","link":"https:\/\/www.diarioimagen.net\/?p=146694","title":{"rendered":"Avi\u00f3n aterriza de emergencia y se despista en el aeropuerto de Hermosillo"},"content":{"rendered":"<ul>\n<li><strong><em>Por causas a\u00fan indeterminadas, un Learjet, procedente de Estados Unidos, qued\u00f3 entre los matorrales que rodean el aeropuerto; no hay v\u00edctimas.<\/em><\/strong><\/li>\n<\/ul>\n<div id=\"attachment_146695\" style=\"width: 250px\" class=\"wp-caption alignleft\"><a href=\"http:\/\/www.diarioimagen.net\/wp-content\/uploads\/2013\/09\/AVION-PORTAL.jpg\"><img loading=\"lazy\" decoding=\"async\" aria-describedby=\"caption-attachment-146695\" class=\"size-medium wp-image-146695\" alt=\"De acuerdo con el reporte de la Polic\u00eda Municipal, el avi\u00f3n qued\u00f3 entre los matorrales que rodean el aeropuerto, pero todav\u00eda la autoridad competente deben investigar la causa del percance.\" src=\"http:\/\/www.diarioimagen.net\/wp-content\/uploads\/2013\/09\/AVION-PORTAL-240x135.jpg\" width=\"240\" height=\"135\" srcset=\"https:\/\/www.diarioimagen.net\/wp-content\/uploads\/2013\/09\/AVION-PORTAL-240x135.jpg 240w, https:\/\/www.diarioimagen.net\/wp-content\/uploads\/2013\/09\/AVION-PORTAL-420x236.jpg 420w, https:\/\/www.diarioimagen.net\/wp-content\/uploads\/2013\/09\/AVION-PORTAL-235x132.jpg 235w, https:\/\/www.diarioimagen.net\/wp-content\/uploads\/2013\/09\/AVION-PORTAL-202x114.jpg 202w, https:\/\/www.diarioimagen.net\/wp-content\/uploads\/2013\/09\/AVION-PORTAL-350x196.jpg 350w, https:\/\/www.diarioimagen.net\/wp-content\/uploads\/2013\/09\/AVION-PORTAL-220x123.jpg 220w, https:\/\/www.diarioimagen.net\/wp-content\/uploads\/2013\/09\/AVION-PORTAL-237x132.jpg 237w, https:\/\/www.diarioimagen.net\/wp-content\/uploads\/2013\/09\/AVION-PORTAL.jpg 480w\" sizes=\"auto, (max-width: 240px) 100vw, 240px\" \/><\/a><p id=\"caption-attachment-146695\" class=\"wp-caption-text\">De acuerdo con el reporte de la Polic\u00eda Municipal, el avi\u00f3n qued\u00f3 entre los matorrales que rodean el aeropuerto, pero todav\u00eda la autoridad competente deben investigar la causa del percance.<\/p><\/div>\n<p>HERMOSILLO. \u2013 Un avi\u00f3n Learjet, procedente de Estados Unidos, aterriz\u00f3 de emergencia en el aeropuerto de esta capital y se sali\u00f3 de la pista, sin que hubiera heridos.<\/p>\n<p>La primera informaci\u00f3n a las 21:13 horas (tiempo local): \u201c066 informa que al intentar aterrizar, una avioneta se sali\u00f3 de la pista. No hay lesionados\u201d.<\/p>\n<p>La Unidad Estatal de Protecci\u00f3n Civil (UEPC) de Sonora inform\u00f3 que anoche, dos horas despu\u00e9s, tiempo local, a trav\u00e9s del mismo medio, indic\u00f3 que el Sistema de Emergencias 066 confirm\u00f3 que el aparato que se sali\u00f3 de la pista del aeropuerto internacional de Hermosillo es tipo Learjet 35 con matr\u00edcula XA-DAZ.<\/p>\n<p>Agreg\u00f3 que dicha aeronave ven\u00eda procedente de San Francisco, California, y ten\u00eda como destino la ciudad de Toluca, Estado de M\u00e9xico, adem\u00e1s de confirmar que no hubo lesionados entre los tripulantes.<\/p>\n<p>&nbsp;<\/p>\n","protected":false},"excerpt":{"rendered":"<p>Un avi\u00f3n Learjet, procedente de Estados Unidos, aterriz\u00f3 de emergencia en el aeropuerto de esta capital y se sali\u00f3 de la pista, sin que hubiera heridos.<\/p>\n","protected":false},"author":5,"featured_media":146695,"comment_status":"open","ping_status":"open","sticky":false,"template":"","format":"standard","meta":{"_monsterinsights_skip_tracking":false,"_monsterinsights_sitenote_active":false,"_monsterinsights_sitenote_note":"","_monsterinsights_sitenote_category":0,"footnotes":""},"categories":[17,7],"tags":[],"class_list":["post-146694","post","type-post","status-publish","format-standard","has-post-thumbnail","hentry","category-especiales","category-seguridad"],"_links":{"self":[{"href":"https:\/\/www.diarioimagen.net\/index.php?rest_route=\/wp\/v2\/posts\/146694","targetHints":{"allow":["GET"]}}],"collection":[{"href":"https:\/\/www.diarioimagen.net\/index.php?rest_route=\/wp\/v2\/posts"}],"about":[{"href":"https:\/\/www.diarioimagen.net\/index.php?rest_route=\/wp\/v2\/types\/post"}],"author":[{"embeddable":true,"href":"https:\/\/www.diarioimagen.net\/index.php?rest_route=\/wp\/v2\/users\/5"}],"replies":[{"embeddable":true,"href":"https:\/\/www.diarioimagen.net\/index.php?rest_route=%2Fwp%2Fv2%2Fcomments&post=146694"}],"version-history":[{"count":0,"href":"https:\/\/www.diarioimagen.net\/index.php?rest_route=\/wp\/v2\/posts\/146694\/revisions"}],"wp:featuredmedia":[{"embeddable":true,"href":"https:\/\/www.diarioimagen.net\/index.php?rest_route=\/wp\/v2\/media\/146695"}],"wp:attachment":[{"href":"https:\/\/www.diarioimagen.net\/index.php?rest_route=%2Fwp%2Fv2%2Fmedia&parent=146694"}],"wp:term":[{"taxonomy":"category","embeddable":true,"href":"https:\/\/www.diarioimagen.net\/index.php?rest_route=%2Fwp%2Fv2%2Fcategories&post=146694"},{"taxonomy":"post_tag","embeddable":true,"href":"https:\/\/www.diarioimagen.net\/index.php?rest_route=%2Fwp%2Fv2%2Ftags&post=146694"}],"curies":[{"name":"wp","href":"https:\/\/api.w.org\/{rel}","templated":true}]}}