{"id":146796,"date":"2013-09-10T00:01:15","date_gmt":"2013-09-10T05:01:15","guid":{"rendered":"http:\/\/www.diarioimagen.net\/?p=146796"},"modified":"2013-09-11T02:56:58","modified_gmt":"2013-09-11T07:56:58","slug":"los-ricos-lloran","status":"publish","type":"post","link":"https:\/\/www.diarioimagen.net\/?p=146796","title":{"rendered":"Los ricos lloran"},"content":{"rendered":"<h2>Pol\u00edtica Spot<\/h2>\n<h5>Juan Manuel Maga\u00f1a<\/h5>\n<p><spam><br \/>\n\u00bfPor qu\u00e9 hacen los empresarios como que les doli\u00f3 lo de la reforma hacendaria que lanz\u00f3 el gobierno?<\/p>\n<p>\u00bfY por qu\u00e9 reaccion\u00f3 ayer la Bolsa Mexicana de Valores con una ganancia de 2.60 por ciento, la mejor en lo que va del a\u00f1o y desde noviembre de 2011?<\/p>\n<p>Los analistas del caso, que suelen ver las cosas con una gran frialdad, dijeron ayer que el dejar fuera cualquier aumento del IVA a alimentos y medicinas beneficia a las empresas del sector consumo, adem\u00e1s de que no se proponen en la reforma incrementos a los grav\u00e1menes corporativos.<\/p>\n<p>Tambi\u00e9n explicaron que el mercado se encontraba aliviado con la propuesta de reforma fiscal pues a las empresas s\u00f3lo se les afectar\u00eda con la desaparici\u00f3n de algunos beneficios tributarios, mas no con un nuevo gravamen directo a sus ganancias, como se esperaba.<\/p>\n<p>Si este mundo de las grandes empresas respir\u00f3 ayer con alivio, si se sienten a salvo, entonces, \u00bfpor qu\u00e9 se quejan?<\/p>\n<p>Ayer, el presidente de la Confederaci\u00f3n Patronal de la Rep\u00fablica Mexicana, la Coparmex, Juan Pablo Casta\u00f1\u00f3n, lament\u00f3 que con la propuesta hacendaria \u201cno se ampl\u00eda la base del contribuyente\u201d, por lo que plante\u00f3 que para que no sigan siendo las mismas personas las que paguen impuestos la forma m\u00e1s sencilla es el impuesto al consumo. Es decir, insiste en el IVA.<\/p>\n<p>Dijo: \u201csomos los que trabajamos en las empresas, las empresas grandes y peque\u00f1as, las mismas que estamos contribuyendo al erario nacional. El impuesto m\u00e1s sencillo para recolectar, que se pague por lo que se gasta, es el impuesto sobre el consumo y hay una oposici\u00f3n muy f\u00e9rrea por parte de la autoridad para que esto se d\u00e9 en M\u00e9xico\u201d.<\/p>\n<p>Simplemente no concuerdan los dichos del dirigente patronal con los hechos del mercado burs\u00e1til.<\/p>\n<p>A lo mejor la parte cierta es la que dice con preocupaci\u00f3n el presidente del Consejo Coordinador Empresarial (CCE), Gerardo Guti\u00e9rrez Candiani, porque el proyecto de reforma afecta a la clase media. Y \u201cese sector es nuestro motor y hay que protegerlo y potenciarlo\u201d, afirm\u00f3.<\/p>\n<p>Seg\u00fan el dirigente, a esa clase se le afecta a trav\u00e9s de mayores impuestos, en vez de que se ampl\u00ede la base de contribuyentes. Y puso de ejemplo la de elevar el IVA en las fronteras y aplicar un gravamen a las colegiaturas, as\u00ed como la homologaci\u00f3n del r\u00e9gimen del ISR a los trabajadores del campo y de las cuotas obrero patronales.<\/p>\n<p>Qui\u00e9n lo dir\u00eda. Ayer hasta Mart\u00ed Batres, dirigente formal de Morena festejaba como triunfo uno de los contenidos de la reforma gubernamental, mientras son los empresarios los que est\u00e1n por declararse en pie de guerra contra todo lo que consideren amenazante de lo propuesto.<\/p>\n<p>Lo dijo Guti\u00e9rrez Candiani: el sector empresarial cabildear\u00e1 para modificar las disposiciones que a su juicio afectan a las personas de ingreso medio. Pero quieren el IVA contra los que menos tienen.<\/p>\n<p><em><a href=\"mailto: maganapalace@yahoo.com.mx\" target=\"_blank\">maganapalace@yahoo.com.mx<\/a><\/em><\/spam><\/p>\n","protected":false},"excerpt":{"rendered":"<p><span style=\"color: #005497;\"><strong>Juan Manuel Maga\u00f1a<\/strong><\/span><\/p>\n","protected":false},"author":1,"featured_media":0,"comment_status":"open","ping_status":"open","sticky":false,"template":"","format":"standard","meta":{"_monsterinsights_skip_tracking":false,"_monsterinsights_sitenote_active":false,"_monsterinsights_sitenote_note":"","_monsterinsights_sitenote_category":0,"footnotes":""},"categories":[22905],"tags":[43709,43674,22904],"class_list":["post-146796","post","type-post","status-publish","format-standard","hentry","category-juan-manuel-magana","tag-juan-manuel-magana","tag-opinion","tag-politica-spot"],"_links":{"self":[{"href":"https:\/\/www.diarioimagen.net\/index.php?rest_route=\/wp\/v2\/posts\/146796","targetHints":{"allow":["GET"]}}],"collection":[{"href":"https:\/\/www.diarioimagen.net\/index.php?rest_route=\/wp\/v2\/posts"}],"about":[{"href":"https:\/\/www.diarioimagen.net\/index.php?rest_route=\/wp\/v2\/types\/post"}],"author":[{"embeddable":true,"href":"https:\/\/www.diarioimagen.net\/index.php?rest_route=\/wp\/v2\/users\/1"}],"replies":[{"embeddable":true,"href":"https:\/\/www.diarioimagen.net\/index.php?rest_route=%2Fwp%2Fv2%2Fcomments&post=146796"}],"version-history":[{"count":0,"href":"https:\/\/www.diarioimagen.net\/index.php?rest_route=\/wp\/v2\/posts\/146796\/revisions"}],"wp:attachment":[{"href":"https:\/\/www.diarioimagen.net\/index.php?rest_route=%2Fwp%2Fv2%2Fmedia&parent=146796"}],"wp:term":[{"taxonomy":"category","embeddable":true,"href":"https:\/\/www.diarioimagen.net\/index.php?rest_route=%2Fwp%2Fv2%2Fcategories&post=146796"},{"taxonomy":"post_tag","embeddable":true,"href":"https:\/\/www.diarioimagen.net\/index.php?rest_route=%2Fwp%2Fv2%2Ftags&post=146796"}],"curies":[{"name":"wp","href":"https:\/\/api.w.org\/{rel}","templated":true}]}}