{"id":146854,"date":"2013-09-11T00:06:42","date_gmt":"2013-09-11T05:06:42","guid":{"rendered":"http:\/\/www.diarioimagen.net\/?p=146854"},"modified":"2013-09-12T04:17:10","modified_gmt":"2013-09-12T09:17:10","slug":"eruviel-llama-a-dar-vigencia-a-la-reforma-educativa","status":"publish","type":"post","link":"https:\/\/www.diarioimagen.net\/?p=146854","title":{"rendered":"Eruviel llama a dar vigencia a la reforma educativa"},"content":{"rendered":"<h2>Arco Norte<\/h2>\n<h5>Jos\u00e9 Luis Monta\u00f1ez Aguilar<\/h5>\n<div id=\"attachment_146931\" style=\"width: 250px\" class=\"wp-caption alignleft\"><a href=\"http:\/\/www.diarioimagen.net\/wp-content\/uploads\/2013\/09\/eruviel-arco-2183.jpg\"><img loading=\"lazy\" decoding=\"async\" aria-describedby=\"caption-attachment-146931\" class=\"size-medium wp-image-146931\" alt=\"Eruviel \u00c1vila Villegas, gobernador del Estado de M\u00e9xico.\" src=\"http:\/\/www.diarioimagen.net\/wp-content\/uploads\/2013\/09\/eruviel-arco-2183-240x135.jpg\" width=\"240\" height=\"135\" srcset=\"https:\/\/www.diarioimagen.net\/wp-content\/uploads\/2013\/09\/eruviel-arco-2183-240x135.jpg 240w, https:\/\/www.diarioimagen.net\/wp-content\/uploads\/2013\/09\/eruviel-arco-2183-420x236.jpg 420w, https:\/\/www.diarioimagen.net\/wp-content\/uploads\/2013\/09\/eruviel-arco-2183-235x132.jpg 235w, https:\/\/www.diarioimagen.net\/wp-content\/uploads\/2013\/09\/eruviel-arco-2183-202x114.jpg 202w, https:\/\/www.diarioimagen.net\/wp-content\/uploads\/2013\/09\/eruviel-arco-2183-350x196.jpg 350w, https:\/\/www.diarioimagen.net\/wp-content\/uploads\/2013\/09\/eruviel-arco-2183-220x123.jpg 220w, https:\/\/www.diarioimagen.net\/wp-content\/uploads\/2013\/09\/eruviel-arco-2183-237x132.jpg 237w, https:\/\/www.diarioimagen.net\/wp-content\/uploads\/2013\/09\/eruviel-arco-2183.jpg 480w\" sizes=\"auto, (max-width: 240px) 100vw, 240px\" \/><\/a><p id=\"caption-attachment-146931\" class=\"wp-caption-text\">Eruviel \u00c1vila Villegas, gobernador del Estado de M\u00e9xico.<\/p><\/div>\n<p>En el marco de la promulgaci\u00f3n de las leyes reglamentarias de la reforma educativa, el gobernador Eruviel \u00c1vila reconoci\u00f3 el liderazgo del presidente Enrique Pe\u00f1a Nieto, por impulsar reformas como \u00e9sta, que trascienden en la vida de la gente, por lo que afirm\u00f3 que todos los mexicanos est\u00e1n llamados a hacerla vigente, y en el caso del Estado de M\u00e9xico, ya se trabaja para actualizar, homologar y hacer cumplir la legislaci\u00f3n relacionada y tener mexiquenses mejor preparados. \u201cTodos estamos llamados a hacer vigente la reforma educativa, a cumplir y hacer cumplir estas leyes que son determinantes para que la educaci\u00f3n mejore en M\u00e9xico y en el Estado de M\u00e9xico, por lo que se refiere a nuestra entidad, ya estamos trabajando con el secretario general de Gobierno, con la consejera Jur\u00eddica, con el secretario de Educaci\u00f3n del estado, para actualizar, en su caso, homologar las leyes federales con las leyes estatales. Aqu\u00ed en la entidad haremos cumplir cada detalle, cada punto, cada coma, de estas leyes reglamentarias, las haremos vigentes en nuestra entidad\u201d, asever\u00f3. Eruviel \u00c1vila tambi\u00e9n reiter\u00f3 su llamado a los maestros que se oponen a la reforma para que cesen los movimientos y piensen en los ni\u00f1os y j\u00f3venes del pa\u00eds, quienes son el presente y el futuro de M\u00e9xico, para que recuperen su derecho a estudiar y que adem\u00e1s la gente pueda transitar con tranquilidad por las avenidas y carreteras federales. \u201cY aprovecho para hacer un llamado a las maestras, a los maestros que se oponen a esta reforma educativa, a que piensen en las ni\u00f1as, a que piensen en los j\u00f3venes, a que piensen en quienes son el presente y el futuro del pa\u00eds; si bien tienen derecho a protestar, tambi\u00e9n nuestros ni\u00f1os tienen derecho a estudiar, a formarse, tambi\u00e9n la gente tiene derecho a transitar por las calles y avenidas y por las carreteras federales y por esta gran zona metropolitana\u201d, concluy\u00f3.<\/p>\n<p><em><\/em><em><a href=\"mailto:montanezaguilar@gmail.com\" target=\"_blank\">montanezaguilar@gmail.com<\/a><\/em><\/p>\n","protected":false},"excerpt":{"rendered":"<p><span style=\"color: #005497;\"><strong>Jos\u00e9 Luis Monta\u00f1ez Aguilar<\/strong><\/span><br \/>\n<br \/>\nEn el marco de la promulgaci\u00f3n de las leyes reglamentarias de la reforma educativa, el gobernador Eruviel \u00c1vila reconoci\u00f3 el liderazgo del presidente Enrique Pe\u00f1a Nieto, por impulsar reformas como \u00e9sta, que trascienden en la vida de la gente, por lo que afirm\u00f3 que todos los mexicanos est\u00e1n llamados a hacerla vigente, y en el caso del Estado de M\u00e9xico, ya se trabaja para actualizar, homologar y hacer cumplir la legislaci\u00f3n relacionada y tener mexiquenses mejor preparados. <\/p>\n","protected":false},"author":3,"featured_media":146931,"comment_status":"open","ping_status":"open","sticky":false,"template":"","format":"standard","meta":{"_monsterinsights_skip_tracking":false,"_monsterinsights_sitenote_active":false,"_monsterinsights_sitenote_note":"","_monsterinsights_sitenote_category":0,"footnotes":""},"categories":[17,5],"tags":[13284,18,5828,43675,43704,43674],"class_list":["post-146854","post","type-post","status-publish","format-standard","has-post-thumbnail","hentry","category-especiales","category-estado-de-mexico","tag-arco-norte","tag-enrique-pena-nieto","tag-eruviel-avila-villegas","tag-estado-de-mexico","tag-jose-luis-montanez-aguilar","tag-opinion"],"_links":{"self":[{"href":"https:\/\/www.diarioimagen.net\/index.php?rest_route=\/wp\/v2\/posts\/146854","targetHints":{"allow":["GET"]}}],"collection":[{"href":"https:\/\/www.diarioimagen.net\/index.php?rest_route=\/wp\/v2\/posts"}],"about":[{"href":"https:\/\/www.diarioimagen.net\/index.php?rest_route=\/wp\/v2\/types\/post"}],"author":[{"embeddable":true,"href":"https:\/\/www.diarioimagen.net\/index.php?rest_route=\/wp\/v2\/users\/3"}],"replies":[{"embeddable":true,"href":"https:\/\/www.diarioimagen.net\/index.php?rest_route=%2Fwp%2Fv2%2Fcomments&post=146854"}],"version-history":[{"count":0,"href":"https:\/\/www.diarioimagen.net\/index.php?rest_route=\/wp\/v2\/posts\/146854\/revisions"}],"wp:featuredmedia":[{"embeddable":true,"href":"https:\/\/www.diarioimagen.net\/index.php?rest_route=\/wp\/v2\/media\/146931"}],"wp:attachment":[{"href":"https:\/\/www.diarioimagen.net\/index.php?rest_route=%2Fwp%2Fv2%2Fmedia&parent=146854"}],"wp:term":[{"taxonomy":"category","embeddable":true,"href":"https:\/\/www.diarioimagen.net\/index.php?rest_route=%2Fwp%2Fv2%2Fcategories&post=146854"},{"taxonomy":"post_tag","embeddable":true,"href":"https:\/\/www.diarioimagen.net\/index.php?rest_route=%2Fwp%2Fv2%2Ftags&post=146854"}],"curies":[{"name":"wp","href":"https:\/\/api.w.org\/{rel}","templated":true}]}}