{"id":147161,"date":"2013-09-12T12:09:52","date_gmt":"2013-09-12T17:09:52","guid":{"rendered":"http:\/\/www.diarioimagen.net\/?p=147161"},"modified":"2013-09-13T06:28:45","modified_gmt":"2013-09-13T11:28:45","slug":"sindicatos-marchan-hacia-el-senado-y-la-camara-de-diputados","status":"publish","type":"post","link":"https:\/\/www.diarioimagen.net\/?p=147161","title":{"rendered":"Sindicatos marchan hacia el Senado y la C\u00e1mara de Diputados"},"content":{"rendered":"<ul>\n<li><em><strong>Se trata de aproximadamente 2 mil integrantes de diversas organizaciones encabezadas por el SME, Alianza de Tranviarios de M\u00e9xico y del Barz\u00f3n Popular<\/strong><\/em><\/li>\n<\/ul>\n<div id=\"attachment_147162\" style=\"width: 250px\" class=\"wp-caption alignleft\"><a href=\"http:\/\/www.diarioimagen.net\/wp-content\/uploads\/2013\/09\/MARCHA-PORTAL1.jpg\"><img loading=\"lazy\" decoding=\"async\" aria-describedby=\"caption-attachment-147162\" class=\"size-medium wp-image-147162\" alt=\"Aproximadamente 2 mil manifestantes se reunieron en el Monumento a la Revoluci\u00f3n para caminar, primero al Senado de la Rep\u00fablica.\" src=\"http:\/\/www.diarioimagen.net\/wp-content\/uploads\/2013\/09\/MARCHA-PORTAL1-240x135.jpg\" width=\"240\" height=\"135\" srcset=\"https:\/\/www.diarioimagen.net\/wp-content\/uploads\/2013\/09\/MARCHA-PORTAL1-240x135.jpg 240w, https:\/\/www.diarioimagen.net\/wp-content\/uploads\/2013\/09\/MARCHA-PORTAL1-420x236.jpg 420w, https:\/\/www.diarioimagen.net\/wp-content\/uploads\/2013\/09\/MARCHA-PORTAL1-235x132.jpg 235w, https:\/\/www.diarioimagen.net\/wp-content\/uploads\/2013\/09\/MARCHA-PORTAL1-202x114.jpg 202w, https:\/\/www.diarioimagen.net\/wp-content\/uploads\/2013\/09\/MARCHA-PORTAL1-350x196.jpg 350w, https:\/\/www.diarioimagen.net\/wp-content\/uploads\/2013\/09\/MARCHA-PORTAL1-220x123.jpg 220w, https:\/\/www.diarioimagen.net\/wp-content\/uploads\/2013\/09\/MARCHA-PORTAL1-237x132.jpg 237w, https:\/\/www.diarioimagen.net\/wp-content\/uploads\/2013\/09\/MARCHA-PORTAL1.jpg 480w\" sizes=\"auto, (max-width: 240px) 100vw, 240px\" \/><\/a><p id=\"caption-attachment-147162\" class=\"wp-caption-text\">Aproximadamente 2 mil manifestantes se reunieron en el Monumento a la Revoluci\u00f3n para caminar, primero al Senado de la Rep\u00fablica.<\/p><\/div>\n<p>Integrantes de diversas organizaciones encabezadas por el Sindicato Mexicano de Electricistas (SME), la Alianza de Tranviarios de M\u00e9xico y del Barz\u00f3n Popular, iniciaron una marcha hacia las C\u00e1maras de Senadores y Diputados.<\/p>\n<p>Aproximadamente 2 mil manifestantes se reunieron en el Monumento a la Revoluci\u00f3n para caminar, primero al Senado de la Rep\u00fablica, para despu\u00e9s dirigirse a Congreso de la Uni\u00f3n.<\/p>\n<p>Elementos de la Secretar\u00eda de Seguridad P\u00fablica del Distrito Federal (SSPDF) realizan los cortes a la circulaci\u00f3n, mientras que elementos de la Polic\u00eda Federal resguarda el recinto ubicado en Paseo de la Reforma.<\/p>\n","protected":false},"excerpt":{"rendered":"<p>Integrantes de diversas organizaciones encabezadas por el Sindicato Mexicano de Electricistas (SME), la Alianza de Tranviarios de M\u00e9xico y del Barz\u00f3n Popular, iniciaron una marcha hacia las C\u00e1maras de Senadores y Diputados.<\/p>\n","protected":false},"author":5,"featured_media":147162,"comment_status":"open","ping_status":"open","sticky":false,"template":"","format":"standard","meta":{"_monsterinsights_skip_tracking":false,"_monsterinsights_sitenote_active":false,"_monsterinsights_sitenote_note":"","_monsterinsights_sitenote_category":0,"footnotes":""},"categories":[17,3],"tags":[98,1409,26901],"class_list":["post-147161","post","type-post","status-publish","format-standard","has-post-thumbnail","hentry","category-especiales","category-nacional","tag-camara-de-diputados","tag-senado","tag-sindicatos"],"_links":{"self":[{"href":"https:\/\/www.diarioimagen.net\/index.php?rest_route=\/wp\/v2\/posts\/147161","targetHints":{"allow":["GET"]}}],"collection":[{"href":"https:\/\/www.diarioimagen.net\/index.php?rest_route=\/wp\/v2\/posts"}],"about":[{"href":"https:\/\/www.diarioimagen.net\/index.php?rest_route=\/wp\/v2\/types\/post"}],"author":[{"embeddable":true,"href":"https:\/\/www.diarioimagen.net\/index.php?rest_route=\/wp\/v2\/users\/5"}],"replies":[{"embeddable":true,"href":"https:\/\/www.diarioimagen.net\/index.php?rest_route=%2Fwp%2Fv2%2Fcomments&post=147161"}],"version-history":[{"count":0,"href":"https:\/\/www.diarioimagen.net\/index.php?rest_route=\/wp\/v2\/posts\/147161\/revisions"}],"wp:featuredmedia":[{"embeddable":true,"href":"https:\/\/www.diarioimagen.net\/index.php?rest_route=\/wp\/v2\/media\/147162"}],"wp:attachment":[{"href":"https:\/\/www.diarioimagen.net\/index.php?rest_route=%2Fwp%2Fv2%2Fmedia&parent=147161"}],"wp:term":[{"taxonomy":"category","embeddable":true,"href":"https:\/\/www.diarioimagen.net\/index.php?rest_route=%2Fwp%2Fv2%2Fcategories&post=147161"},{"taxonomy":"post_tag","embeddable":true,"href":"https:\/\/www.diarioimagen.net\/index.php?rest_route=%2Fwp%2Fv2%2Ftags&post=147161"}],"curies":[{"name":"wp","href":"https:\/\/api.w.org\/{rel}","templated":true}]}}