{"id":147333,"date":"2013-09-14T22:50:44","date_gmt":"2013-09-15T03:50:44","guid":{"rendered":"http:\/\/www.diarioimagen.net\/?p=147333"},"modified":"2013-09-16T04:13:03","modified_gmt":"2013-09-16T09:13:03","slug":"en-oaxaca-se-desbordan-rios-por-efecto-de-ingrid-y-manuel","status":"publish","type":"post","link":"https:\/\/www.diarioimagen.net\/?p=147333","title":{"rendered":"En Oaxaca se desbordan r\u00edos por efecto de <em>Ingrid<\/em> y <em>Manuel<\/em>"},"content":{"rendered":"<div id=\"attachment_147334\" style=\"width: 169px\" class=\"wp-caption alignleft\"><a href=\"http:\/\/www.diarioimagen.net\/wp-content\/uploads\/2013\/09\/manuel-inner-2185.jpg\"><img loading=\"lazy\" decoding=\"async\" aria-describedby=\"caption-attachment-147334\" class=\"size-medium wp-image-147334\" alt=\"La tormenta tropical &quot;Manuel&quot; est\u00e1  frente a las costas de Guerrero.\" src=\"http:\/\/www.diarioimagen.net\/wp-content\/uploads\/2013\/09\/manuel-inner-2185-159x240.jpg\" width=\"159\" height=\"240\" srcset=\"https:\/\/www.diarioimagen.net\/wp-content\/uploads\/2013\/09\/manuel-inner-2185-159x240.jpg 159w, https:\/\/www.diarioimagen.net\/wp-content\/uploads\/2013\/09\/manuel-inner-2185-278x420.jpg 278w, https:\/\/www.diarioimagen.net\/wp-content\/uploads\/2013\/09\/manuel-inner-2185.jpg 464w\" sizes=\"auto, (max-width: 159px) 100vw, 159px\" \/><\/a><p id=\"caption-attachment-147334\" class=\"wp-caption-text\">La tormenta tropical \u00abManuel\u00bb est\u00e1 frente a las costas de Guerrero.<\/p><\/div>\n<p>El Instituto Estatal de Protecci\u00f3n Civil (IEPC) inform\u00f3 que las constantes lluvias provocadas por el hurac\u00e1n Ingrid y la tormenta tropical Manuel causaron el desborde de r\u00edos, principalmente en las regiones de la Costa, Mixteca e Istmo.<\/p>\n<p>En un comunicado, detall\u00f3 que ya fue abierta a la circulaci\u00f3n la carretera 175 Oaxaca-Tuxtepec en el kil\u00f3metro 194, mientras que cuadrillas de CAO y el Centro SCT Oaxaca trabajan para retirar el bloqueo del kil\u00f3metro 164 y liberar el tr\u00e1nsito vehicular en este camino federal.<\/p>\n<p>El organismo dio a conocer que alrededor de las 18:00 horas del s\u00e1bado, en la comunidad de Las Palmas, en San Jer\u00f3nimo Coatl\u00e1n, un ni\u00f1o de 10 a\u00f1os de edad fue arrastrado por la corriente de un arroyo, por lo que se intensifican las labores de b\u00fasqueda del menor de edad.<\/p>\n<p>Se\u00f1al\u00f3 tambi\u00e9n que producto las lluvias y el aumento en el caudal de r\u00edos y arroyos, se han presentado afectaciones en viviendas, carreteras, caminos y algunos edificios p\u00fablicos, que hasta el momento no han sido cuantificados.<\/p>\n<p>El IEPC mencion\u00f3 que en la zona de la Costa, se registra el aumento en el nivel de los r\u00edos Copalita, en inmediaciones de San Miguel del Puerto, por lo que la comunidad de Santiago Xanica permanece con las v\u00edas de comunicaci\u00f3n cerradas.<\/p>\n<p>Tambi\u00e9n se tiene reporte de la crecida en los r\u00edos El Ma\u00edz, en Santa Mar\u00eda Temaxcaltepec, as\u00ed como r\u00edo Verde, Santiago Jamiltepec, este \u00faltimo provocando da\u00f1os a cerca de 20 viviendas.<\/p>\n<p>Agreg\u00f3 que la intensidad de las lluvias tambi\u00e9n provoc\u00f3 el desbordamiento del arroyo de Las Arenas, as\u00ed como del arroyo que desemboca en las comunidades de Collantes, Carrizo y el Chivo, en Pinotepa Nacional, donde han sido evacuadas algunas familias.<\/p>\n<p>En esta regi\u00f3n, se presentaron deslaves en tramos carreteros Pinotepa-Corralero, en la carretera federal 200 de San Pedro Pochutla, as\u00ed como en los kil\u00f3metros 117 + 500 y 139 la carretera federal 175 Oaxaca-Puerto \u00c1ngel.<\/p>\n<p>En la zona de la Mixteca, personal de Protecci\u00f3n Civil y autoridades municipales reportaron la salida del R\u00edo Mixteco, en Santiago Juxtlahuaca y del r\u00edo La Cuchara, en Putla de Guerrero, generando inundaciones y afectaciones en viviendas.<\/p>\n<p>En Santiago Juxtlahuaca, se habilit\u00f3 un albergue en la Casa de Cultura, donde hay 136 personas, a quienes se les brinda apoyo alimenticio y de salud.<\/p>\n<p>En tanto, en el Istmo de Tehuantepec, se report\u00f3 que el R\u00edo Huamol se encuentra al 100 por ciento de su capacidad y el R\u00edo Ostuta a un 90 por ciento de su capacidad, causando mayores afectaciones a la altura del puente Tamarindo, que permanece cerrado a la circulaci\u00f3n.<\/p>\n<p>Indic\u00f3 que en la regi\u00f3n de la Cuenca del Papaloapan ha comenzado a descender el nivel del r\u00edo Valle Nacional, sin embargo, se mantiene la atenci\u00f3n en la zona, a fin de evitar poner en riesgo a la poblaci\u00f3n.<\/p>\n","protected":false},"excerpt":{"rendered":"<p>El Instituto Estatal de Protecci\u00f3n Civil (IEPC) inform\u00f3 que las constantes lluvias provocadas por el hurac\u00e1n Ingrid y la tormenta tropical Manuel causaron el desborde de r\u00edos, principalmente en las regiones de la Costa, Mixteca e Istmo. En un comunicado, detall\u00f3 que ya fue abierta a la circulaci\u00f3n la carretera 175 Oaxaca-Tuxtepec en el kil\u00f3metro 194, mientras que cuadrillas de CAO y el Centro SCT Oaxaca trabajan para retirar el bloqueo del kil\u00f3metro 164 y liberar el tr\u00e1nsito vehicular en este camino federal.<\/p>\n","protected":false},"author":1,"featured_media":147335,"comment_status":"open","ping_status":"open","sticky":false,"template":"","format":"standard","meta":{"_monsterinsights_skip_tracking":false,"_monsterinsights_sitenote_active":false,"_monsterinsights_sitenote_note":"","_monsterinsights_sitenote_category":0,"footnotes":""},"categories":[17,3],"tags":[28333,43673,491,28334],"class_list":["post-147333","post","type-post","status-publish","format-standard","has-post-thumbnail","hentry","category-especiales","category-nacional","tag-huracan-ingrid","tag-nacional","tag-oaxaca","tag-tormenta-tropical-manuel"],"_links":{"self":[{"href":"https:\/\/www.diarioimagen.net\/index.php?rest_route=\/wp\/v2\/posts\/147333","targetHints":{"allow":["GET"]}}],"collection":[{"href":"https:\/\/www.diarioimagen.net\/index.php?rest_route=\/wp\/v2\/posts"}],"about":[{"href":"https:\/\/www.diarioimagen.net\/index.php?rest_route=\/wp\/v2\/types\/post"}],"author":[{"embeddable":true,"href":"https:\/\/www.diarioimagen.net\/index.php?rest_route=\/wp\/v2\/users\/1"}],"replies":[{"embeddable":true,"href":"https:\/\/www.diarioimagen.net\/index.php?rest_route=%2Fwp%2Fv2%2Fcomments&post=147333"}],"version-history":[{"count":0,"href":"https:\/\/www.diarioimagen.net\/index.php?rest_route=\/wp\/v2\/posts\/147333\/revisions"}],"wp:featuredmedia":[{"embeddable":true,"href":"https:\/\/www.diarioimagen.net\/index.php?rest_route=\/wp\/v2\/media\/147335"}],"wp:attachment":[{"href":"https:\/\/www.diarioimagen.net\/index.php?rest_route=%2Fwp%2Fv2%2Fmedia&parent=147333"}],"wp:term":[{"taxonomy":"category","embeddable":true,"href":"https:\/\/www.diarioimagen.net\/index.php?rest_route=%2Fwp%2Fv2%2Fcategories&post=147333"},{"taxonomy":"post_tag","embeddable":true,"href":"https:\/\/www.diarioimagen.net\/index.php?rest_route=%2Fwp%2Fv2%2Ftags&post=147333"}],"curies":[{"name":"wp","href":"https:\/\/api.w.org\/{rel}","templated":true}]}}