{"id":147416,"date":"2013-09-16T00:07:42","date_gmt":"2013-09-16T05:07:42","guid":{"rendered":"http:\/\/www.diarioimagen.net\/?p=147416"},"modified":"2013-09-17T05:47:27","modified_gmt":"2013-09-17T10:47:27","slug":"enrique-pena-nieto-da-su-primer-grito-de-independencia-en-el-zocalo","status":"publish","type":"post","link":"https:\/\/www.diarioimagen.net\/?p=147416","title":{"rendered":"Enrique Pe\u00f1a Nieto, da su primer Grito de Independencia en el Z\u00f3calo"},"content":{"rendered":"<ul>\n<li><strong><em>203 aniversario de la gesta heorica<\/em><\/strong><\/li>\n<\/ul>\n<div id=\"attachment_147428\" style=\"width: 250px\" class=\"wp-caption alignleft\"><a href=\"http:\/\/www.diarioimagen.net\/wp-content\/uploads\/2013\/09\/epn-2186.jpg\"><img loading=\"lazy\" decoding=\"async\" aria-describedby=\"caption-attachment-147428\" class=\"size-medium wp-image-147428\" alt=\"Enrique Pe\u00f1a Nieto\" src=\"http:\/\/www.diarioimagen.net\/wp-content\/uploads\/2013\/09\/epn-2186-240x135.jpg\" width=\"240\" height=\"135\" srcset=\"https:\/\/www.diarioimagen.net\/wp-content\/uploads\/2013\/09\/epn-2186-240x135.jpg 240w, https:\/\/www.diarioimagen.net\/wp-content\/uploads\/2013\/09\/epn-2186-420x236.jpg 420w, https:\/\/www.diarioimagen.net\/wp-content\/uploads\/2013\/09\/epn-2186-235x132.jpg 235w, https:\/\/www.diarioimagen.net\/wp-content\/uploads\/2013\/09\/epn-2186-202x114.jpg 202w, https:\/\/www.diarioimagen.net\/wp-content\/uploads\/2013\/09\/epn-2186-350x196.jpg 350w, https:\/\/www.diarioimagen.net\/wp-content\/uploads\/2013\/09\/epn-2186-220x123.jpg 220w, https:\/\/www.diarioimagen.net\/wp-content\/uploads\/2013\/09\/epn-2186-237x132.jpg 237w, https:\/\/www.diarioimagen.net\/wp-content\/uploads\/2013\/09\/epn-2186.jpg 480w\" sizes=\"auto, (max-width: 240px) 100vw, 240px\" \/><\/a><p id=\"caption-attachment-147428\" class=\"wp-caption-text\">Enrique Pe\u00f1a Nieto en el 203 aniversario de la Independencia de M\u00e9xico.<\/p><\/div>\n<p>Enrique Pe\u00f1a Nieto encabez\u00f3 por primera vez como presidente de la Rep\u00fablica y ante miles de capitalinos que se reunieron en la plancha del Z\u00f3calo para la ceremonia del Grito de Independencia.<\/p>\n<p>Antes de las 23:00 horas, el mandatario arrib\u00f3 a Palacio Nacional acompa\u00f1ado por su esposa Ang\u00e9lica Rivera Hurtado y su familia. Ah\u00ed recibi\u00f3 el L\u00e1baro Patrio de manos de un cadete del Heroico Colegio Militar, para encabezar la ceremonia por el 203 aniversario de esa gesta heroica.<\/p>\n<p>Con la presencia de su gabinete e invitados, el mandatario sali\u00f3 al balc\u00f3n central en punto de las 23:00 horas para recordar a los caudillos de la Independencia, ta\u00f1ir las campanas, ondear la Bandera y escuchar el Himno Nacional.<\/p>\n<p>El presidente exclam\u00f3: \u00abMexicanos, \u00a1Vivan los h\u00e9roes que nos dieron patria y libertad!\u00bb, tras lo cual record\u00f3 a Miguel Hidalgo, Jos\u00e9 Mar\u00eda Morelos, Josefa Ortiz de Dom\u00ednguez, Ignacio Allende, Juan Aldama, Hermenegildo Galeana, Mariano Matamoros y Vicente Guerrero.<\/p>\n<p>El jefe de Estado finaliz\u00f3: \u00ab\u00a1Viva la Independencia Nacional! \u00a1Viva M\u00e9xico!, \u00a1Viva M\u00e9xico!, \u00a1Viva M\u00e9xico!\u00bb, a lo que miles de mexicanos respondieron desde la Plaza de la Constituci\u00f3n.<\/p>\n<p>Al concluir su arenga el Ejecutivo federal hizo repicar la campana de Hidalgo, mientras desde atr\u00e1s lo observaban su esposa, Ang\u00e9lica Rivera, ataviada con un vestido verde bandera, y sus hijos.<\/p>\n<p>Para entregar el L\u00e1baro Patrio a la escolta de cadetes del Heroico Colegio Militar, su esposa se retir\u00f3 por unos instantes, mientras que al \u00abSon de la negra\u00bb iniciaron los fuegos artificiales.<\/p>\n<p>En ese momento se reunieron con Enrique Pe\u00f1a Nieto su c\u00f3nyuge y los hijos de ambos. La m\u00e1s peque\u00f1a, Renata, emocionada por los fuegos artificiales, se prendi\u00f3 en un abrazo con el presidente de la Rep\u00fablica, mientras que en la plancha del Z\u00f3calo la gente aplaud\u00eda, pese a la lluvia que se intensific\u00f3 en ese momento.<\/p>\n<p>Despu\u00e9s todos los invitados al Palacio Nacional se retiraron al interior, para participar en la cena de gala que se lleva a cabo, como cada a\u00f1o, con la presencia de funcionarios federales y sus familias.<\/p>\n<p>Por el acceso a Palacio Nacional ubicado en la calle Moneda ya hab\u00edan ingresado, desde las 21:50 horas, el cuerpo diplom\u00e1tico acreditado en M\u00e9xico, l\u00edderes religiosos, pol\u00edticos, econ\u00f3micos y sociales, as\u00ed como legisladores entre otros invitados especiales.<\/p>\n","protected":false},"excerpt":{"rendered":"<p>Enrique Pe\u00f1a Nieto encabez\u00f3 por primera vez como presidente de la Rep\u00fablica y ante miles de capitalinos que se reunieron en la plancha del Z\u00f3calo para la ceremonia del Grito de Independencia.<\/p>\n","protected":false},"author":3,"featured_media":147428,"comment_status":"open","ping_status":"open","sticky":false,"template":"","format":"standard","meta":{"_monsterinsights_skip_tracking":false,"_monsterinsights_sitenote_active":false,"_monsterinsights_sitenote_note":"","_monsterinsights_sitenote_category":0,"footnotes":""},"categories":[17,3],"tags":[14492,18,12200,43673],"class_list":["post-147416","post","type-post","status-publish","format-standard","has-post-thumbnail","hentry","category-especiales","category-nacional","tag-angelica-rivera-hurtado","tag-enrique-pena-nieto","tag-grito-de-independencia","tag-nacional"],"_links":{"self":[{"href":"https:\/\/www.diarioimagen.net\/index.php?rest_route=\/wp\/v2\/posts\/147416","targetHints":{"allow":["GET"]}}],"collection":[{"href":"https:\/\/www.diarioimagen.net\/index.php?rest_route=\/wp\/v2\/posts"}],"about":[{"href":"https:\/\/www.diarioimagen.net\/index.php?rest_route=\/wp\/v2\/types\/post"}],"author":[{"embeddable":true,"href":"https:\/\/www.diarioimagen.net\/index.php?rest_route=\/wp\/v2\/users\/3"}],"replies":[{"embeddable":true,"href":"https:\/\/www.diarioimagen.net\/index.php?rest_route=%2Fwp%2Fv2%2Fcomments&post=147416"}],"version-history":[{"count":0,"href":"https:\/\/www.diarioimagen.net\/index.php?rest_route=\/wp\/v2\/posts\/147416\/revisions"}],"wp:featuredmedia":[{"embeddable":true,"href":"https:\/\/www.diarioimagen.net\/index.php?rest_route=\/wp\/v2\/media\/147428"}],"wp:attachment":[{"href":"https:\/\/www.diarioimagen.net\/index.php?rest_route=%2Fwp%2Fv2%2Fmedia&parent=147416"}],"wp:term":[{"taxonomy":"category","embeddable":true,"href":"https:\/\/www.diarioimagen.net\/index.php?rest_route=%2Fwp%2Fv2%2Fcategories&post=147416"},{"taxonomy":"post_tag","embeddable":true,"href":"https:\/\/www.diarioimagen.net\/index.php?rest_route=%2Fwp%2Fv2%2Ftags&post=147416"}],"curies":[{"name":"wp","href":"https:\/\/api.w.org\/{rel}","templated":true}]}}