{"id":147527,"date":"2013-09-17T00:09:13","date_gmt":"2013-09-17T05:09:13","guid":{"rendered":"http:\/\/www.diarioimagen.net\/?p=147527"},"modified":"2013-09-17T04:18:09","modified_gmt":"2013-09-17T09:18:09","slug":"edomex-instala-centros-de-acopio-de-ayuda-para-afectados-por-lluvias","status":"publish","type":"post","link":"https:\/\/www.diarioimagen.net\/?p=147527","title":{"rendered":"Edomex instala centros de acopio de ayuda para afectados por lluvias"},"content":{"rendered":"<ul>\n<li><strong><em>Damnificados de las tormentas \u201cIngrid\u201d y \u201cManuel\u201d<\/em><\/strong><\/li>\n<li><strong><em>En ellos, los mexiquenses podr\u00e1n depositar v\u00edveres, ropa y cobijas, que ser\u00e1n llevados a entidades que m\u00e1s los necesiten<\/em><\/strong><\/li>\n<\/ul>\n<p><strong><a href=\"http:\/\/www.diarioimagen.net\/wp-content\/uploads\/2013\/09\/difem-2187.jpg\"><img loading=\"lazy\" decoding=\"async\" class=\"alignleft size-medium wp-image-147609\" style=\"margin-right: 9px; margin-bottom: 9px;\" alt=\"difem-2187\" src=\"http:\/\/www.diarioimagen.net\/wp-content\/uploads\/2013\/09\/difem-2187-240x135.jpg\" width=\"240\" height=\"135\" srcset=\"https:\/\/www.diarioimagen.net\/wp-content\/uploads\/2013\/09\/difem-2187-240x135.jpg 240w, https:\/\/www.diarioimagen.net\/wp-content\/uploads\/2013\/09\/difem-2187-420x237.jpg 420w, https:\/\/www.diarioimagen.net\/wp-content\/uploads\/2013\/09\/difem-2187.jpg 480w, https:\/\/www.diarioimagen.net\/wp-content\/uploads\/2013\/09\/difem-2187-235x132.jpg 235w, https:\/\/www.diarioimagen.net\/wp-content\/uploads\/2013\/09\/difem-2187-202x114.jpg 202w, https:\/\/www.diarioimagen.net\/wp-content\/uploads\/2013\/09\/difem-2187-350x196.jpg 350w, https:\/\/www.diarioimagen.net\/wp-content\/uploads\/2013\/09\/difem-2187-220x123.jpg 220w, https:\/\/www.diarioimagen.net\/wp-content\/uploads\/2013\/09\/difem-2187-237x132.jpg 237w\" sizes=\"auto, (max-width: 240px) 100vw, 240px\" \/><\/a>Toluca, Estado de M\u00e9xico<\/strong>.- La presidenta del DIF Estado de M\u00e9xico (DIFEM), Isis \u00c1vila Mu\u00f1oz, inform\u00f3 que esa instituci\u00f3n y el gobierno del Estado de M\u00e9xico iniciaron la instalaci\u00f3n de centros de acopio de v\u00edveres y diversos art\u00edculos, para apoyar a los habitantes de las entidades del pa\u00eds que resultaron afectados por las intensas lluvias provocadas por el hurac\u00e1n \u201cIngrid\u201d en el\u00a0 Atl\u00e1ntico y la tormenta tropical \u201cManuel\u201d en el Pac\u00edfico.<\/p>\n<p>\u00abLos mexiquenses somos gente unida y solidaria, por eso hoy estamos dando inicio a una colecta de v\u00edveres, ropa y cobijas para apoyar a quienes hoy nos necesitan\u00bb, se\u00f1al\u00f3 la presidenta del DIFEM, tras hacer un llamado a la poblaci\u00f3n del Estado de M\u00e9xico para que participen en esta causa.<\/p>\n<p>La titular del DIFEM indic\u00f3 que ya se pusieron en operaci\u00f3n dos centros de acopio: uno para el Valle de M\u00e9xico, ubicado en V\u00eda L\u00f3pez Portillo esquina con 20 de Noviembre, en la colonia Ejidal Emiliano Zapata, municipio de Ecatepec, y otro para el Valle de Toluca, en Paseo Col\u00f3n esquina con Paseo Tollocan, en la colonia Isidro Fabela, municipio de Toluca, los cuales funcionan desde ayer lunes\u00a0 y hasta el viernes 20 de septiembre, en un horario de 09:00 a 18:00 horas.<\/p>\n<p>Tambi\u00e9n se dio a conocer que entre hoy y ma\u00f1ana se instalar\u00e1n m\u00f3dulos en cada uno de los 125 DIF municipales, en donde se recomienda donar:<\/p>\n<p>&#8211; Alimentos: at\u00fan, sardina y verduras en latas abre f\u00e1cil; bolsas de frijol, arroz y lentejas; aceite, caf\u00e9, az\u00facar, sopa de pasta, sal y galletas.<\/p>\n<p>&#8211; Art\u00edculos de higiene personal: papel sanitario, toallas femeninas, cepillos y pasta dentales, champ\u00fa y rastrillos. Si se entrega ropa y cobertores, \u00e9stos deber\u00e1n ser nuevos.<\/p>\n<p>&#8211; Art\u00edculos de limpieza: jab\u00f3n en polvo, pino, escobas, cepillos, jaladores, jergas, franelas y cubetas. Se sugiere no llevar medicamentos.<\/p>\n<p>Isis \u00c1vila se\u00f1al\u00f3 que se pondr\u00e1 en comunicaci\u00f3n con el DIF nacional encabezado por la se\u00f1ora Ang\u00e9lica Rivera de Pe\u00f1a, para sumar al DIFEM a las labores de apoyo y que tambi\u00e9n entrar\u00e1 en contacto con las presidentas de los DIF de Guerrero, Veracruz y Tamaulipas, que han sido estados m\u00e1s afectados por \u201cIngrid\u201d y \u201cManuel\u201d para externar la solidaridad de los mexiquenses de ella y del gobernador Eruviel \u00c1vila Villegas.<\/p>\n<p>El DIFEM tambi\u00e9n puso a disposici\u00f3n el n\u00famero telef\u00f3nico 01(722) 217-38-53 para cualquier duda o comentario relacionado con la campa\u00f1a de recolecci\u00f3n en apoyo a los damnificados por las tormentas.<\/p>\n<p align=\"center\"><b>Se trasladan Rel\u00e1mpagos a Guerrero<\/b><\/p>\n<p>Por su parte, un helic\u00f3ptero del Agrupamiento de Rescate A\u00e9reo Rel\u00e1mpagos del Estado de M\u00e9xico, se traslad\u00f3 al estado de Guerrero para sumarse a las labores de apoyo en aquella entidad. Adem\u00e1s del piloto y copiloto, viaja un m\u00e9dico para prestar atenci\u00f3n especializada; asimismo, si las condiciones meteorol\u00f3gicas lo permiten, podr\u00eda sumarse alguna unidad m\u00e1s a dichas tareas.<\/p>\n","protected":false},"excerpt":{"rendered":"<p>La presidenta del DIF Estado de M\u00e9xico (DIFEM), Isis \u00c1vila Mu\u00f1oz, inform\u00f3 que esa instituci\u00f3n y el gobierno del Estado de M\u00e9xico iniciaron la instalaci\u00f3n de centros de acopio de v\u00edveres y diversos art\u00edculos, para apoyar a los habitantes de las entidades del pa\u00eds que resultaron afectados por las intensas lluvias provocadas por el hurac\u00e1n \u201cIngrid\u201d en el  Atl\u00e1ntico y la tormenta tropical \u201cManuel\u201d en el Pac\u00edfico.<\/p>\n","protected":false},"author":3,"featured_media":147609,"comment_status":"open","ping_status":"open","sticky":false,"template":"","format":"standard","meta":{"_monsterinsights_skip_tracking":false,"_monsterinsights_sitenote_active":false,"_monsterinsights_sitenote_note":"","_monsterinsights_sitenote_category":0,"footnotes":""},"categories":[5],"tags":[43675,28207,452],"class_list":["post-147527","post","type-post","status-publish","format-standard","has-post-thumbnail","hentry","category-estado-de-mexico","tag-estado-de-mexico","tag-isis-avila-munoz","tag-toluca"],"_links":{"self":[{"href":"https:\/\/www.diarioimagen.net\/index.php?rest_route=\/wp\/v2\/posts\/147527","targetHints":{"allow":["GET"]}}],"collection":[{"href":"https:\/\/www.diarioimagen.net\/index.php?rest_route=\/wp\/v2\/posts"}],"about":[{"href":"https:\/\/www.diarioimagen.net\/index.php?rest_route=\/wp\/v2\/types\/post"}],"author":[{"embeddable":true,"href":"https:\/\/www.diarioimagen.net\/index.php?rest_route=\/wp\/v2\/users\/3"}],"replies":[{"embeddable":true,"href":"https:\/\/www.diarioimagen.net\/index.php?rest_route=%2Fwp%2Fv2%2Fcomments&post=147527"}],"version-history":[{"count":0,"href":"https:\/\/www.diarioimagen.net\/index.php?rest_route=\/wp\/v2\/posts\/147527\/revisions"}],"wp:featuredmedia":[{"embeddable":true,"href":"https:\/\/www.diarioimagen.net\/index.php?rest_route=\/wp\/v2\/media\/147609"}],"wp:attachment":[{"href":"https:\/\/www.diarioimagen.net\/index.php?rest_route=%2Fwp%2Fv2%2Fmedia&parent=147527"}],"wp:term":[{"taxonomy":"category","embeddable":true,"href":"https:\/\/www.diarioimagen.net\/index.php?rest_route=%2Fwp%2Fv2%2Fcategories&post=147527"},{"taxonomy":"post_tag","embeddable":true,"href":"https:\/\/www.diarioimagen.net\/index.php?rest_route=%2Fwp%2Fv2%2Ftags&post=147527"}],"curies":[{"name":"wp","href":"https:\/\/api.w.org\/{rel}","templated":true}]}}