{"id":147671,"date":"2013-09-17T12:13:24","date_gmt":"2013-09-17T17:13:24","guid":{"rendered":"http:\/\/www.diarioimagen.net\/?p=147671"},"modified":"2013-09-18T05:01:42","modified_gmt":"2013-09-18T10:01:42","slug":"para-evitar-que-regresen-maestros-resguardan-el-zocalo","status":"publish","type":"post","link":"https:\/\/www.diarioimagen.net\/?p=147671","title":{"rendered":"Para evitar que regresen maestros resguardan el Z\u00f3calo"},"content":{"rendered":"<ul>\n<li><em><strong>Elementos de la Polic\u00eda Federal y del Estado Mayor Presidencial mantendr\u00e1n las vallas met\u00e1licas hasta el pr\u00f3ximo 19 de septiembre<\/strong><\/em><\/li>\n<\/ul>\n<div id=\"attachment_147672\" style=\"width: 250px\" class=\"wp-caption alignleft\"><a href=\"http:\/\/www.diarioimagen.net\/wp-content\/uploads\/2013\/09\/zocalo-PORTAL.jpg\"><img loading=\"lazy\" decoding=\"async\" aria-describedby=\"caption-attachment-147672\" class=\"size-medium wp-image-147672\" alt=\"Elementos de la Polic\u00eda Federal y del Estado Mayor Presidencial resguardan el Z\u00f3calo para evitar que maestros de la CNTE regresen a poner su casas de campa\u00f1a.\" src=\"http:\/\/www.diarioimagen.net\/wp-content\/uploads\/2013\/09\/zocalo-PORTAL-240x135.jpg\" width=\"240\" height=\"135\" srcset=\"https:\/\/www.diarioimagen.net\/wp-content\/uploads\/2013\/09\/zocalo-PORTAL-240x135.jpg 240w, https:\/\/www.diarioimagen.net\/wp-content\/uploads\/2013\/09\/zocalo-PORTAL-420x236.jpg 420w, https:\/\/www.diarioimagen.net\/wp-content\/uploads\/2013\/09\/zocalo-PORTAL-235x132.jpg 235w, https:\/\/www.diarioimagen.net\/wp-content\/uploads\/2013\/09\/zocalo-PORTAL-202x114.jpg 202w, https:\/\/www.diarioimagen.net\/wp-content\/uploads\/2013\/09\/zocalo-PORTAL-350x196.jpg 350w, https:\/\/www.diarioimagen.net\/wp-content\/uploads\/2013\/09\/zocalo-PORTAL-220x123.jpg 220w, https:\/\/www.diarioimagen.net\/wp-content\/uploads\/2013\/09\/zocalo-PORTAL-237x132.jpg 237w, https:\/\/www.diarioimagen.net\/wp-content\/uploads\/2013\/09\/zocalo-PORTAL.jpg 480w\" sizes=\"auto, (max-width: 240px) 100vw, 240px\" \/><\/a><p id=\"caption-attachment-147672\" class=\"wp-caption-text\">Elementos de la Polic\u00eda Federal y del Estado Mayor Presidencial resguardan el Z\u00f3calo para evitar que maestros de la CNTE regresen a poner su casas de campa\u00f1a.<\/p><\/div>\n<p>Elementos de la Polic\u00eda Federal y del Estado Mayor Presidencial mantienen un cerco de seguridad en el Z\u00f3calo capitalino.<\/p>\n<p>Los cortes se encuentran alrededor de la plancha del Z\u00f3calo e impiden el acceso a las calles de Pino Su\u00e1rez, 20 de Noviembre, a la altura de Venustiano Carranza; 5 de Febrero, 5 de Mayo, Tacuba y Moneda.<\/p>\n<p>De acuerdo con los reportes, el resguardo con vallas met\u00e1licas permanecer\u00e1 hasta el pr\u00f3ximo 19 de septiembre, para evitar que integrantes de la Coordinadora Nacional de Trabajadores de la Educaci\u00f3n (CNTE) regresen al primer cuadro de la capital.<\/p>\n<p>Asimismo, el Sistema de Transporte Colectivo (STC) Metro, inform\u00f3 que se encuentran cerrados los accesos a la estaci\u00f3n Z\u00f3calo.<\/p>\n","protected":false},"excerpt":{"rendered":"<p>Elementos de la Polic\u00eda Federal y del Estado Mayor Presidencial mantienen un cerco de seguridad en el Z\u00f3calo capitalino.<\/p>\n","protected":false},"author":5,"featured_media":147672,"comment_status":"open","ping_status":"open","sticky":false,"template":"","format":"standard","meta":{"_monsterinsights_skip_tracking":false,"_monsterinsights_sitenote_active":false,"_monsterinsights_sitenote_note":"","_monsterinsights_sitenote_category":0,"footnotes":""},"categories":[17],"tags":[2546,2574,7056],"class_list":["post-147671","post","type-post","status-publish","format-standard","has-post-thumbnail","hentry","category-especiales","tag-estado-mayor-presidencial","tag-maestros","tag-zocalo"],"_links":{"self":[{"href":"https:\/\/www.diarioimagen.net\/index.php?rest_route=\/wp\/v2\/posts\/147671","targetHints":{"allow":["GET"]}}],"collection":[{"href":"https:\/\/www.diarioimagen.net\/index.php?rest_route=\/wp\/v2\/posts"}],"about":[{"href":"https:\/\/www.diarioimagen.net\/index.php?rest_route=\/wp\/v2\/types\/post"}],"author":[{"embeddable":true,"href":"https:\/\/www.diarioimagen.net\/index.php?rest_route=\/wp\/v2\/users\/5"}],"replies":[{"embeddable":true,"href":"https:\/\/www.diarioimagen.net\/index.php?rest_route=%2Fwp%2Fv2%2Fcomments&post=147671"}],"version-history":[{"count":0,"href":"https:\/\/www.diarioimagen.net\/index.php?rest_route=\/wp\/v2\/posts\/147671\/revisions"}],"wp:featuredmedia":[{"embeddable":true,"href":"https:\/\/www.diarioimagen.net\/index.php?rest_route=\/wp\/v2\/media\/147672"}],"wp:attachment":[{"href":"https:\/\/www.diarioimagen.net\/index.php?rest_route=%2Fwp%2Fv2%2Fmedia&parent=147671"}],"wp:term":[{"taxonomy":"category","embeddable":true,"href":"https:\/\/www.diarioimagen.net\/index.php?rest_route=%2Fwp%2Fv2%2Fcategories&post=147671"},{"taxonomy":"post_tag","embeddable":true,"href":"https:\/\/www.diarioimagen.net\/index.php?rest_route=%2Fwp%2Fv2%2Ftags&post=147671"}],"curies":[{"name":"wp","href":"https:\/\/api.w.org\/{rel}","templated":true}]}}