{"id":147677,"date":"2013-09-17T12:21:31","date_gmt":"2013-09-17T17:21:31","guid":{"rendered":"http:\/\/www.diarioimagen.net\/?p=147677"},"modified":"2013-09-18T05:01:54","modified_gmt":"2013-09-18T10:01:54","slug":"envian-238-mdp-del-fonden-para-guerrero-y-llega-ayuda-humanitaria","status":"publish","type":"post","link":"https:\/\/www.diarioimagen.net\/?p=147677","title":{"rendered":"Env\u00edan 238 mdp del Fonden para Guerrero y llega ayuda humanitaria"},"content":{"rendered":"<ul>\n<li><em><strong>Hay reportes de que varias comunidades se encuentran aisladas por las inundaciones, en el l\u00edmite de Guerrero con Oaxaca<\/strong><\/em><\/li>\n<\/ul>\n<div id=\"attachment_147678\" style=\"width: 250px\" class=\"wp-caption alignleft\"><a href=\"http:\/\/www.diarioimagen.net\/wp-content\/uploads\/2013\/09\/FONDEN-PORTAL.jpg\"><img loading=\"lazy\" decoding=\"async\" aria-describedby=\"caption-attachment-147678\" class=\"size-medium wp-image-147678\" alt=\"En muchas comunidades de la sierra y la monta\u00f1a no se tienen noticias de c\u00f3mo se encuentre la gente, por lo cual est\u00e1n saliendo brigadas hacia esos lugares de dif\u00edcil acceso, para ver las condiciones en que se encuentran.\" src=\"http:\/\/www.diarioimagen.net\/wp-content\/uploads\/2013\/09\/FONDEN-PORTAL-240x135.jpg\" width=\"240\" height=\"135\" srcset=\"https:\/\/www.diarioimagen.net\/wp-content\/uploads\/2013\/09\/FONDEN-PORTAL-240x135.jpg 240w, https:\/\/www.diarioimagen.net\/wp-content\/uploads\/2013\/09\/FONDEN-PORTAL-420x236.jpg 420w, https:\/\/www.diarioimagen.net\/wp-content\/uploads\/2013\/09\/FONDEN-PORTAL-235x132.jpg 235w, https:\/\/www.diarioimagen.net\/wp-content\/uploads\/2013\/09\/FONDEN-PORTAL-202x114.jpg 202w, https:\/\/www.diarioimagen.net\/wp-content\/uploads\/2013\/09\/FONDEN-PORTAL-350x196.jpg 350w, https:\/\/www.diarioimagen.net\/wp-content\/uploads\/2013\/09\/FONDEN-PORTAL-220x123.jpg 220w, https:\/\/www.diarioimagen.net\/wp-content\/uploads\/2013\/09\/FONDEN-PORTAL-237x132.jpg 237w, https:\/\/www.diarioimagen.net\/wp-content\/uploads\/2013\/09\/FONDEN-PORTAL.jpg 480w\" sizes=\"auto, (max-width: 240px) 100vw, 240px\" \/><\/a><p id=\"caption-attachment-147678\" class=\"wp-caption-text\">En muchas comunidades de la sierra y la monta\u00f1a no se tienen noticias de c\u00f3mo se encuentre la gente, por lo cual est\u00e1n saliendo brigadas hacia esos lugares de dif\u00edcil acceso, para ver las condiciones en que se encuentran.<\/p><\/div>\n<p>Chilpancingo, Guerrero. -El coordinador nacional de Protecci\u00f3n Civil de la Secretar\u00eda de Gobernaci\u00f3n, Luis Felipe Puente, anunci\u00f3 que fueron enviados 238 millones de pesos del Fondo de Desastres Naturales (Fonden) para enfrentar la emergencia que se registra en Guerrero a causa de las fuertes lluvias.<\/p>\n<p>\u201cEst\u00e1 llegando ayuda humanitaria a Chilpancingo, que es el primer punto donde podemos acceder, y desde ayer se abri\u00f3 un puente a\u00e9reo con las autoridades de Defensa y Marina, y estamos por avi\u00f3n enviando al principio ayuda humanitaria y hoy insistiremos en incrementarla y ojal\u00e1 la Secretar\u00eda de Comunicaciones nos ayude a abrir el aeropuerto de Acapulco\u201d, expres\u00f3.<\/p>\n<p>Luego de participar en la Reuni\u00f3n Nacional de Responsabilidad Social y Desastres, organizado por la C\u00e1mara Mexicana de la Industria de la Construcci\u00f3n (CMIC), precis\u00f3 que dicho monto se debe a que en esta zona existen 50 municipios afectados.<\/p>\n<p>El funcionario federal refiri\u00f3 que en lo que va del a\u00f1o se han ejercido 200 millones de pesos, ante las diferentes declaratorias de emergencia por fen\u00f3menos naturales que han afectado al pa\u00eds.<\/p>\n<p style=\"text-align: center;\"><strong>\u00a0En Acapulco sigue lloviendo<\/strong><\/p>\n<p>\u00a0En Guerrero contin\u00faan las labores de rescate en los diferentes puntos donde hay da\u00f1os provocados por las lluvias del fen\u00f3meno meteorol\u00f3gico \u2018Manuel\u2019.<\/p>\n<p>En Acapulco contin\u00faan las lluvias y a partir de esta ma\u00f1ana se inici\u00f3 un puente a\u00e9reo para que los turistas que se encuentran varados puedan regresar a sus lugares de origen; el aeropuerto \u201cJuan N. \u00c1lvarez\u201d ser\u00e1 abierto al p\u00fablico.<\/p>\n<p>En algunos puntos del estado ya dej\u00f3 de llover y esto ha servido para que se inicien las labores de rescate.<\/p>\n<p>&nbsp;<\/p>\n","protected":false},"excerpt":{"rendered":"<p>El coordinador nacional de Protecci\u00f3n Civil de la Secretar\u00eda de Gobernaci\u00f3n, Luis Felipe Puente, anunci\u00f3 que fueron enviados 238 millones de pesos del Fondo de Desastres Naturales (Fonden) para enfrentar la emergencia que se registra en Guerrero a causa de las fuertes lluvias.<\/p>\n","protected":false},"author":5,"featured_media":147678,"comment_status":"open","ping_status":"open","sticky":false,"template":"","format":"standard","meta":{"_monsterinsights_skip_tracking":false,"_monsterinsights_sitenote_active":false,"_monsterinsights_sitenote_note":"","_monsterinsights_sitenote_category":0,"footnotes":""},"categories":[17],"tags":[650,1968,3244],"class_list":["post-147677","post","type-post","status-publish","format-standard","has-post-thumbnail","hentry","category-especiales","tag-ayuda-humanitaria","tag-fonden","tag-guerrero"],"_links":{"self":[{"href":"https:\/\/www.diarioimagen.net\/index.php?rest_route=\/wp\/v2\/posts\/147677","targetHints":{"allow":["GET"]}}],"collection":[{"href":"https:\/\/www.diarioimagen.net\/index.php?rest_route=\/wp\/v2\/posts"}],"about":[{"href":"https:\/\/www.diarioimagen.net\/index.php?rest_route=\/wp\/v2\/types\/post"}],"author":[{"embeddable":true,"href":"https:\/\/www.diarioimagen.net\/index.php?rest_route=\/wp\/v2\/users\/5"}],"replies":[{"embeddable":true,"href":"https:\/\/www.diarioimagen.net\/index.php?rest_route=%2Fwp%2Fv2%2Fcomments&post=147677"}],"version-history":[{"count":0,"href":"https:\/\/www.diarioimagen.net\/index.php?rest_route=\/wp\/v2\/posts\/147677\/revisions"}],"wp:featuredmedia":[{"embeddable":true,"href":"https:\/\/www.diarioimagen.net\/index.php?rest_route=\/wp\/v2\/media\/147678"}],"wp:attachment":[{"href":"https:\/\/www.diarioimagen.net\/index.php?rest_route=%2Fwp%2Fv2%2Fmedia&parent=147677"}],"wp:term":[{"taxonomy":"category","embeddable":true,"href":"https:\/\/www.diarioimagen.net\/index.php?rest_route=%2Fwp%2Fv2%2Fcategories&post=147677"},{"taxonomy":"post_tag","embeddable":true,"href":"https:\/\/www.diarioimagen.net\/index.php?rest_route=%2Fwp%2Fv2%2Ftags&post=147677"}],"curies":[{"name":"wp","href":"https:\/\/api.w.org\/{rel}","templated":true}]}}