{"id":147700,"date":"2013-09-18T00:03:31","date_gmt":"2013-09-18T05:03:31","guid":{"rendered":"http:\/\/www.diarioimagen.net\/?p=147700"},"modified":"2013-09-19T07:45:46","modified_gmt":"2013-09-19T12:45:46","slug":"no-se-permitira-regreso-de-cnte-al-zocalo-mancera","status":"publish","type":"post","link":"https:\/\/www.diarioimagen.net\/?p=147700","title":{"rendered":"No se permitir\u00e1 regreso de CNTE al Z\u00f3calo: Mancera"},"content":{"rendered":"<ul>\n<li><em><strong>La secci\u00f3n 22 de Oaxaca mantiene posici\u00f3n de reocupar la Plaza de la Constituci\u00f3n<\/strong><\/em><\/li>\n<\/ul>\n<div id=\"attachment_147705\" style=\"width: 250px\" class=\"wp-caption alignleft\"><a href=\"http:\/\/www.diarioimagen.net\/wp-content\/uploads\/2013\/09\/MAESTROS-PORTAL1.jpg\"><img loading=\"lazy\" decoding=\"async\" aria-describedby=\"caption-attachment-147705\" class=\"size-medium wp-image-147705 \" alt=\"Por la tarde, integrantes del magisterio volver\u00edan a la Secretar\u00eda de Gobernaci\u00f3n para dar seguimiento a las pl\u00e1ticas interrumpidas la semana pasada, previo al desalojo del plant\u00f3n de maestros en el Z\u00f3calo.\" src=\"http:\/\/www.diarioimagen.net\/wp-content\/uploads\/2013\/09\/MAESTROS-PORTAL1-240x135.jpg\" width=\"240\" height=\"135\" srcset=\"https:\/\/www.diarioimagen.net\/wp-content\/uploads\/2013\/09\/MAESTROS-PORTAL1-240x135.jpg 240w, https:\/\/www.diarioimagen.net\/wp-content\/uploads\/2013\/09\/MAESTROS-PORTAL1-420x236.jpg 420w, https:\/\/www.diarioimagen.net\/wp-content\/uploads\/2013\/09\/MAESTROS-PORTAL1-235x132.jpg 235w, https:\/\/www.diarioimagen.net\/wp-content\/uploads\/2013\/09\/MAESTROS-PORTAL1-202x114.jpg 202w, https:\/\/www.diarioimagen.net\/wp-content\/uploads\/2013\/09\/MAESTROS-PORTAL1-350x196.jpg 350w, https:\/\/www.diarioimagen.net\/wp-content\/uploads\/2013\/09\/MAESTROS-PORTAL1-220x123.jpg 220w, https:\/\/www.diarioimagen.net\/wp-content\/uploads\/2013\/09\/MAESTROS-PORTAL1-237x132.jpg 237w, https:\/\/www.diarioimagen.net\/wp-content\/uploads\/2013\/09\/MAESTROS-PORTAL1.jpg 480w\" sizes=\"auto, (max-width: 240px) 100vw, 240px\" \/><\/a><p id=\"caption-attachment-147705\" class=\"wp-caption-text\">Los integrantes de la secci\u00f3n 22 de Oaxaca de la CNTE, pretendieron de nueva cuenta invadir el Z\u00f3calo, pero se encontraron con un dispositivo de seguridad.<\/p><\/div>\n<p>El jefe de gobierno del Distrito Federal, Miguel \u00c1ngel Mancera, afirm\u00f3 que \u201clos maestros no volver\u00e1n al Z\u00f3calo, el gobierno capitalino no lo permitir\u00e1\u201d. Explic\u00f3 que su aseveraci\u00f3n es producto de un acuerdo con los liderazgos de la Coordinadora Nacional de Trabajadores de la Educaci\u00f3n.<\/p>\n<p>Por eso, consider\u00f3 que no es casual que a la llegada de la Polic\u00eda Federal a la Plaza de la Constituci\u00f3n ya no hubiera resistencia de los maestros en los d\u00edas previos a la ceremonia del Grito.<\/p>\n<p>En una entrevista, dijo que no hubo desa\u00adlojo, sino una salida negociada. S\u00f3lo quedaba un grupo peque\u00f1o que buscaba el enfrentamiento y que no era precisamente de profesores. De otra manera, observ\u00f3, no se explica por qu\u00e9 entre los detenidos no hubo integrantes de la CNTE.<\/p>\n<p>En repuesta a Mancera, el secretario de organizaci\u00f3n de la secci\u00f3n 22 de la CNTE, Francisco Villalobos, sostuvo que esta fracci\u00f3n de Oaxaca mantiene la posici\u00f3n de regresar al Z\u00f3calo capitalino este d\u00eda, porque es un acuerdo tomado en el segundo encuentro nacional magisterial. Consider\u00f3 que las declaraciones de los funcionarios son parte de la din\u00e1mica en la que se desa\u00adrrolla la pol\u00edtica en M\u00e9xico.<\/p>\n<p>Sin embargo, el dirigente expres\u00f3 que la decisi\u00f3n de recuperar el Z\u00f3calo capitalino se iba a definir al interior de la Coordinadora Nacional de Trabajadores de la Educaci\u00f3n en una reuni\u00f3n.<\/p>\n<p>Por su parte, el secretario de Gobernaci\u00f3n, Miguel \u00c1ngel Osorio Chong, sostuvo que contin\u00faa el di\u00e1logo con la CNTE sobre su intenci\u00f3n de regresar al Z\u00f3calo.<\/p>\n<p>Entrevistado sobre el tema, luego de asistir al Primer Informe de Labores de Miguel \u00c1ngel Mancera, jefe de gobierno de Distrito Federal, el secretario se limit\u00f3 a responder que \u201cseguimos en di\u00e1logo\u201d.<\/p>\n<p>Tambi\u00e9n el senador Manuel Camacho Sol\u00eds asever\u00f3 que al conflicto magisterial s\u00f3lo se le puede dar una salida pol\u00edtica. \u201cNo es un asunto que se va resolver con la polic\u00eda, se tiene que resolver con una salida pol\u00edtica del magisterio, donde cuidemos la calidad de la educaci\u00f3n, pero tambi\u00e9n las libertades p\u00fablicas\u201d dijo. Camacho reconoci\u00f3 la actuaci\u00f3n del jefe de gobierno en el conflicto magisterial a pesar de las cr\u00edticas.<\/p>\n<p>Por la tarde, integrantes del magisterio volver\u00edan a la Secretar\u00eda de Gobernaci\u00f3n para dar seguimiento a las pl\u00e1ticas interrumpidas la semana pasada, previo al desalojo del plant\u00f3n de maestros en el Z\u00f3calo. La secci\u00f3n 22 de Oaxaca hab\u00eda acordado en la plenaria de su Comit\u00e9 Ejecutivo Seccional, ir a una marcha hacia Gobernaci\u00f3n a las 16:00 horas con el objetivo de \u201capoyar la mesa de negociaci\u00f3n a fin de alcanzar acuerdos concretos\u201d.<\/p>\n<p>El contingente de las siete regiones de Oaxaca se dirigi\u00f3 hacia la dependencia federal, en donde los docentes encabezados por su secretario general Rub\u00e9n Nu\u00f1ez, sostendr\u00edan dos mesas de negociaci\u00f3n en torno al programa alternativo de educaci\u00f3n y a los derechos de los trabajadores en el \u00e1mbito jur\u00eddico.<\/p>\n<p>El resto de los contingentes de la CNTE segu\u00edan concentrados en el monumento a la Revoluci\u00f3n desde la tarde del pasado viernes, luego del desalojo por miles de polic\u00edas federales de la Plaza de la Constituci\u00f3n. Luego de este hecho, hubo una reuni\u00f3n urgente con el subsecretario de Gobierno, Luis Enrique Miranda Nava, en la que acordaron reunirse hoy para buscar soluciones al conflicto magisterial.<b><\/b><\/p>\n","protected":false},"excerpt":{"rendered":"<p>El jefe de gobierno del Distrito Federal, Miguel \u00c1ngel Mancera, afirm\u00f3 que \u201clos maestros no volver\u00e1n al Z\u00f3calo, el gobierno capitalino no lo permitir\u00e1\u201d. Explic\u00f3 que su aseveraci\u00f3n es producto de un acuerdo con los liderazgos de la Coordinadora Nacional de Trabajadores de la Educaci\u00f3n.<\/p>\n","protected":false},"author":5,"featured_media":147705,"comment_status":"open","ping_status":"open","sticky":false,"template":"","format":"standard","meta":{"_monsterinsights_skip_tracking":false,"_monsterinsights_sitenote_active":false,"_monsterinsights_sitenote_note":"","_monsterinsights_sitenote_category":0,"footnotes":""},"categories":[17,6],"tags":[204,7473,7472,5314,7056],"class_list":["post-147700","post","type-post","status-publish","format-standard","has-post-thumbnail","hentry","category-especiales","category-cd-de-mexico","tag-ciudad-de-mexico","tag-cnte","tag-coordinadora-nacional-de-trabajadores-de-la-educacion","tag-miguel-angel-mancera-espinosa","tag-zocalo"],"_links":{"self":[{"href":"https:\/\/www.diarioimagen.net\/index.php?rest_route=\/wp\/v2\/posts\/147700","targetHints":{"allow":["GET"]}}],"collection":[{"href":"https:\/\/www.diarioimagen.net\/index.php?rest_route=\/wp\/v2\/posts"}],"about":[{"href":"https:\/\/www.diarioimagen.net\/index.php?rest_route=\/wp\/v2\/types\/post"}],"author":[{"embeddable":true,"href":"https:\/\/www.diarioimagen.net\/index.php?rest_route=\/wp\/v2\/users\/5"}],"replies":[{"embeddable":true,"href":"https:\/\/www.diarioimagen.net\/index.php?rest_route=%2Fwp%2Fv2%2Fcomments&post=147700"}],"version-history":[{"count":0,"href":"https:\/\/www.diarioimagen.net\/index.php?rest_route=\/wp\/v2\/posts\/147700\/revisions"}],"wp:featuredmedia":[{"embeddable":true,"href":"https:\/\/www.diarioimagen.net\/index.php?rest_route=\/wp\/v2\/media\/147705"}],"wp:attachment":[{"href":"https:\/\/www.diarioimagen.net\/index.php?rest_route=%2Fwp%2Fv2%2Fmedia&parent=147700"}],"wp:term":[{"taxonomy":"category","embeddable":true,"href":"https:\/\/www.diarioimagen.net\/index.php?rest_route=%2Fwp%2Fv2%2Fcategories&post=147700"},{"taxonomy":"post_tag","embeddable":true,"href":"https:\/\/www.diarioimagen.net\/index.php?rest_route=%2Fwp%2Fv2%2Ftags&post=147700"}],"curies":[{"name":"wp","href":"https:\/\/api.w.org\/{rel}","templated":true}]}}