{"id":147759,"date":"2013-09-18T00:04:32","date_gmt":"2013-09-18T05:04:32","guid":{"rendered":"http:\/\/www.diarioimagen.net\/?p=147759"},"modified":"2013-09-19T07:45:52","modified_gmt":"2013-09-19T12:45:52","slug":"df-se-transforma-como-capital-social-mancera","status":"publish","type":"post","link":"https:\/\/www.diarioimagen.net\/?p=147759","title":{"rendered":"DF se transforma como capital social: Mancera"},"content":{"rendered":"<ul>\n<li><strong><em>Anuncia que pedir\u00e1 a la Federaci\u00f3n crear un Fondo de Capitalidad para respaldar afectaciones propias de su condici\u00f3n<\/em><\/strong><\/li>\n<\/ul>\n<div id=\"attachment_147796\" style=\"width: 250px\" class=\"wp-caption alignleft\"><a href=\"http:\/\/www.diarioimagen.net\/wp-content\/uploads\/2013\/09\/mancera-2188.jpg\"><img loading=\"lazy\" decoding=\"async\" aria-describedby=\"caption-attachment-147796\" class=\"size-medium wp-image-147796\" alt=\"Momento solemne del Primer Informe de Gobierno de Miguel \u00c1ngel Mancera, en el Palacio Legislativo de Donceles y Allende y la representaci\u00f3n de los tres poderes. (Foto: Alfonso Mora).\" src=\"http:\/\/www.diarioimagen.net\/wp-content\/uploads\/2013\/09\/mancera-2188-240x135.jpg\" width=\"240\" height=\"135\" srcset=\"https:\/\/www.diarioimagen.net\/wp-content\/uploads\/2013\/09\/mancera-2188-240x135.jpg 240w, https:\/\/www.diarioimagen.net\/wp-content\/uploads\/2013\/09\/mancera-2188-420x236.jpg 420w, https:\/\/www.diarioimagen.net\/wp-content\/uploads\/2013\/09\/mancera-2188-235x132.jpg 235w, https:\/\/www.diarioimagen.net\/wp-content\/uploads\/2013\/09\/mancera-2188-202x114.jpg 202w, https:\/\/www.diarioimagen.net\/wp-content\/uploads\/2013\/09\/mancera-2188-350x196.jpg 350w, https:\/\/www.diarioimagen.net\/wp-content\/uploads\/2013\/09\/mancera-2188-220x123.jpg 220w, https:\/\/www.diarioimagen.net\/wp-content\/uploads\/2013\/09\/mancera-2188-237x132.jpg 237w, https:\/\/www.diarioimagen.net\/wp-content\/uploads\/2013\/09\/mancera-2188.jpg 480w\" sizes=\"auto, (max-width: 240px) 100vw, 240px\" \/><\/a><p id=\"caption-attachment-147796\" class=\"wp-caption-text\">Momento solemne del Primer Informe de Gobierno de Miguel \u00c1ngel Mancera, en el Palacio Legislativo de Donceles y Allende y la representaci\u00f3n de los tres poderes. (Foto: Alfonso Mora).<\/p><\/div>\n<p>Al rendir su Primer Informe de Gobierno ante el Pleno de la Asamblea Legislativa del Distrito Federal, Miguel \u00c1ngel Mancera Espinosa, jefe de gobierno, asegur\u00f3 que en los primeros nueve meses de su gesti\u00f3n se han emprendido acciones concretas para transformar a la ciudad de M\u00e9xico en una capital social donde se consoliden los derechos humanos, las libertades y la igualdad sustantiva de sus habitantes.<\/p>\n<p>\u201cEn nuestra capital social, las mujeres, adultos mayores, j\u00f3venes, ni\u00f1os, ni\u00f1as y personas con discapacidad son grupos sociales de especial inter\u00e9s para el gobierno\u201d, al tiempo que reconoci\u00f3 la participaci\u00f3n de los jefes delegacionales y la disposici\u00f3n del gobierno federal para trabajar de manera conjunta.<\/p>\n<p>Acompa\u00f1ado por el secretario de Gobernaci\u00f3n, Miguel \u00c1ngel Osorio Chong, quien acudi\u00f3 con la representaci\u00f3n del Presidente de la Rep\u00fablica y por gobernadores de diferentes entidades federativas, indic\u00f3 que la capital social es resultado de la conjunci\u00f3n de esfuerzos de la sociedad civil, de los sectores productivos y de la academia y reiter\u00f3 que es solo a trav\u00e9s del trabajo en equipo que se pueden reducir las brechas sociales de exclusi\u00f3n y discriminaci\u00f3n.<\/p>\n<p>Se\u00f1al\u00f3 tambi\u00e9n la disposici\u00f3n de los gobiernos delegacionales para avanzar de manera conjunta en la implementaci\u00f3n de pol\u00edticas y programas propios de \u201cun gobierno de izquierda, moderno, progresista e innovador\u201d, as\u00ed como de la ciudadan\u00eda que sobre el principio de \u201cdecidir juntos\u201d ha impulsado la acci\u00f3n de gobierno basada en la opini\u00f3n y las demandas de las y de los ciudadanos.<\/p>\n<p>Miguel \u00c1ngel Mancera anunci\u00f3, por otro lado, que solicitar\u00e1 al gobierno federal la creaci\u00f3n de un Fondo de Capitalidad, orientado al apoyo extraordinario para\u00a0 los habitantes de la capital del pa\u00eds por afectaciones propias a su condici\u00f3n pol\u00edtica.<\/p>\n<p>Esto, en relaci\u00f3n a las manifestaciones que se desarrollan en el Distrito Federal y que, dijo, en este periodo han sido m\u00e1s de 2 mil 370, de las cuales, el 68 por ciento son por problem\u00e1ticas ajenas a la ciudad.<\/p>\n<p>\u201cLa ciudad de M\u00e9xico ha dado muestra de solidez y tolerancia. Mi gobierno ha actuado para garantizar, en todo momento, el bien jur\u00eddico mayor que es la protecci\u00f3n de la ciudad y la vida de sus habitantes. No promoveremos escenarios violentos ni caeremos en provocaciones que nos orillen a tomar decisiones equivocadas\u201d, se\u00f1al\u00f3.<\/p>\n<p>Ante el presidente de la Mesa Directiva de la VI Legislatura de la ALDF, V\u00edctor Hugo Lobo Rom\u00e1n, el jefe de gobierno sostuvo que su mayor responsabilidad y compromiso es proteger a la ciudadan\u00eda y garantiz\u00f3 que ante hechos como los que ha atravesado la ciudad, su gobierno se enfoca en permitir que se desarrollen las actividades p\u00fablicas y privadas de los capitalinos, pero tambi\u00e9n, la paz p\u00fablica.<\/p>\n<p>En el sal\u00f3n de sesiones del recinto de Donceles y Allende, tambi\u00e9n estuvieron presentes el presidente del Tribunal Superior de Justicia local, Edgar El\u00edas Azar; integrantes del gabinete; legisladores locales; diputados federales y senadores, entre ellos, los presidentes de las mesas directivas del Senado de la Rep\u00fablica y C\u00e1mara de Diputados, Ra\u00fal Cervantes Andrade y Ricardo Anaya Cort\u00e9s, respectivamente.<\/p>\n","protected":false},"excerpt":{"rendered":"<p>Al rendir su Primer Informe de Gobierno ante el Pleno de la Asamblea Legislativa del Distrito Federal, Miguel \u00c1ngel Mancera Espinosa, jefe de gobierno, asegur\u00f3 que en los primeros nueve meses de su gesti\u00f3n se han emprendido acciones concretas para transformar a la ciudad de M\u00e9xico en una capital social donde se consoliden los derechos humanos, las libertades y la igualdad sustantiva de sus habitantes.<\/p>\n","protected":false},"author":3,"featured_media":147796,"comment_status":"open","ping_status":"open","sticky":false,"template":"","format":"standard","meta":{"_monsterinsights_skip_tracking":false,"_monsterinsights_sitenote_active":false,"_monsterinsights_sitenote_note":"","_monsterinsights_sitenote_category":0,"footnotes":""},"categories":[17,6],"tags":[204,39,5314,10626],"class_list":["post-147759","post","type-post","status-publish","format-standard","has-post-thumbnail","hentry","category-especiales","category-cd-de-mexico","tag-ciudad-de-mexico","tag-distrito-federal","tag-miguel-angel-mancera-espinosa","tag-primer-informe-de-gobierno"],"_links":{"self":[{"href":"https:\/\/www.diarioimagen.net\/index.php?rest_route=\/wp\/v2\/posts\/147759","targetHints":{"allow":["GET"]}}],"collection":[{"href":"https:\/\/www.diarioimagen.net\/index.php?rest_route=\/wp\/v2\/posts"}],"about":[{"href":"https:\/\/www.diarioimagen.net\/index.php?rest_route=\/wp\/v2\/types\/post"}],"author":[{"embeddable":true,"href":"https:\/\/www.diarioimagen.net\/index.php?rest_route=\/wp\/v2\/users\/3"}],"replies":[{"embeddable":true,"href":"https:\/\/www.diarioimagen.net\/index.php?rest_route=%2Fwp%2Fv2%2Fcomments&post=147759"}],"version-history":[{"count":0,"href":"https:\/\/www.diarioimagen.net\/index.php?rest_route=\/wp\/v2\/posts\/147759\/revisions"}],"wp:featuredmedia":[{"embeddable":true,"href":"https:\/\/www.diarioimagen.net\/index.php?rest_route=\/wp\/v2\/media\/147796"}],"wp:attachment":[{"href":"https:\/\/www.diarioimagen.net\/index.php?rest_route=%2Fwp%2Fv2%2Fmedia&parent=147759"}],"wp:term":[{"taxonomy":"category","embeddable":true,"href":"https:\/\/www.diarioimagen.net\/index.php?rest_route=%2Fwp%2Fv2%2Fcategories&post=147759"},{"taxonomy":"post_tag","embeddable":true,"href":"https:\/\/www.diarioimagen.net\/index.php?rest_route=%2Fwp%2Fv2%2Ftags&post=147759"}],"curies":[{"name":"wp","href":"https:\/\/api.w.org\/{rel}","templated":true}]}}