{"id":147874,"date":"2013-09-19T00:09:05","date_gmt":"2013-09-19T05:09:05","guid":{"rendered":"http:\/\/www.diarioimagen.net\/?p=147874"},"modified":"2013-09-19T04:38:39","modified_gmt":"2013-09-19T09:38:39","slug":"sumo-23900-mdd-la-inversion-extranjera","status":"publish","type":"post","link":"https:\/\/www.diarioimagen.net\/?p=147874","title":{"rendered":"Sum\u00f3 23,900 mdd la inversi\u00f3n extranjera"},"content":{"rendered":"<ul>\n<li><strong><em>Primer semestre del a\u00f1o<\/em><\/strong><\/li>\n<\/ul>\n<div id=\"attachment_147904\" style=\"width: 250px\" class=\"wp-caption alignleft\"><a href=\"http:\/\/www.diarioimagen.net\/wp-content\/uploads\/2013\/09\/ILDEFONSO-2189.jpg\"><img loading=\"lazy\" decoding=\"async\" aria-describedby=\"caption-attachment-147904\" class=\"size-medium wp-image-147904\" alt=\"El secretario de Econom\u00eda, Ildefonso Guajardo, dio pormenores de la inversi\u00f3n extranjera directa en el primer semestre.\" src=\"http:\/\/www.diarioimagen.net\/wp-content\/uploads\/2013\/09\/ILDEFONSO-2189-240x135.jpg\" width=\"240\" height=\"135\" srcset=\"https:\/\/www.diarioimagen.net\/wp-content\/uploads\/2013\/09\/ILDEFONSO-2189-240x135.jpg 240w, https:\/\/www.diarioimagen.net\/wp-content\/uploads\/2013\/09\/ILDEFONSO-2189-420x236.jpg 420w, https:\/\/www.diarioimagen.net\/wp-content\/uploads\/2013\/09\/ILDEFONSO-2189-235x132.jpg 235w, https:\/\/www.diarioimagen.net\/wp-content\/uploads\/2013\/09\/ILDEFONSO-2189-202x114.jpg 202w, https:\/\/www.diarioimagen.net\/wp-content\/uploads\/2013\/09\/ILDEFONSO-2189-350x196.jpg 350w, https:\/\/www.diarioimagen.net\/wp-content\/uploads\/2013\/09\/ILDEFONSO-2189-220x123.jpg 220w, https:\/\/www.diarioimagen.net\/wp-content\/uploads\/2013\/09\/ILDEFONSO-2189-237x132.jpg 237w, https:\/\/www.diarioimagen.net\/wp-content\/uploads\/2013\/09\/ILDEFONSO-2189.jpg 480w\" sizes=\"auto, (max-width: 240px) 100vw, 240px\" \/><\/a><p id=\"caption-attachment-147904\" class=\"wp-caption-text\">El secretario de Econom\u00eda, Ildefonso Guajardo, dio pormenores de la inversi\u00f3n extranjera directa en el primer semestre.<\/p><\/div>\n<p><strong>Monterrey, Nuevo Le\u00f3n<\/strong>.- En el primer semestre del a\u00f1o, M\u00e9xico registr\u00f3 una Inversi\u00f3n Extranjera Directa (IED) superior a 23 mil 900 millones de d\u00f3lares, se\u00f1al\u00f3 el titular de la Secretar\u00eda de Econom\u00eda (SE), Ildefonso Guajardo Villarreal.<\/p>\n<p>Al participar en la inauguraci\u00f3n del Complejo Sider\u00fargico de Ternium, en la localidad de Pesquer\u00eda, en Nuevo Le\u00f3n, expres\u00f3 que dicha cifra es 2.5 veces mayor respecto a la reportada en igual periodo de 2012.<\/p>\n<p>Destac\u00f3 que de esta cifra, Nuevo Le\u00f3n aport\u00f3 alrededor de 3 mil 500 millones de d\u00f3lares, lo cual lo ubica como el estado con el mayor n\u00famero de inversiones realizadas por extranjeros. Mientras que en lo que val a\u00f1o, la industria acerera ha invertido alrededor de 6 mil millones de d\u00f3lares en el pa\u00eds y ha generado 5 mil empleos, gracias al equilibrio de tener una econom\u00eda abierta y competitiva.<\/p>\n<p>Por ello, el titular de la SE destac\u00f3 que una reforma energ\u00e9tica es vital en el proceso de crecimiento econ\u00f3mico del pa\u00eds, ya que permitir\u00e1 a la industria tener acceso a m\u00e1s energ\u00eda a mejor precio.<b><\/b><\/p>\n<p>&nbsp;<\/p>\n","protected":false},"excerpt":{"rendered":"<p>En el primer semestre del a\u00f1o, M\u00e9xico registr\u00f3 una Inversi\u00f3n Extranjera Directa (IED) superior a 23 mil 900 millones de d\u00f3lares, se\u00f1al\u00f3 el titular de la Secretar\u00eda de Econom\u00eda (SE), Ildefonso Guajardo Villarreal.<\/p>\n","protected":false},"author":3,"featured_media":147904,"comment_status":"open","ping_status":"open","sticky":false,"template":"","format":"standard","meta":{"_monsterinsights_skip_tracking":false,"_monsterinsights_sitenote_active":false,"_monsterinsights_sitenote_note":"","_monsterinsights_sitenote_category":0,"footnotes":""},"categories":[3],"tags":[26964,5247,2015,43673,45],"class_list":["post-147874","post","type-post","status-publish","format-standard","has-post-thumbnail","hentry","category-nacional","tag-ildefonso-guajardo-villarreal","tag-inversion","tag-monterrey","tag-nacional","tag-nuevo-leon"],"_links":{"self":[{"href":"https:\/\/www.diarioimagen.net\/index.php?rest_route=\/wp\/v2\/posts\/147874","targetHints":{"allow":["GET"]}}],"collection":[{"href":"https:\/\/www.diarioimagen.net\/index.php?rest_route=\/wp\/v2\/posts"}],"about":[{"href":"https:\/\/www.diarioimagen.net\/index.php?rest_route=\/wp\/v2\/types\/post"}],"author":[{"embeddable":true,"href":"https:\/\/www.diarioimagen.net\/index.php?rest_route=\/wp\/v2\/users\/3"}],"replies":[{"embeddable":true,"href":"https:\/\/www.diarioimagen.net\/index.php?rest_route=%2Fwp%2Fv2%2Fcomments&post=147874"}],"version-history":[{"count":0,"href":"https:\/\/www.diarioimagen.net\/index.php?rest_route=\/wp\/v2\/posts\/147874\/revisions"}],"wp:featuredmedia":[{"embeddable":true,"href":"https:\/\/www.diarioimagen.net\/index.php?rest_route=\/wp\/v2\/media\/147904"}],"wp:attachment":[{"href":"https:\/\/www.diarioimagen.net\/index.php?rest_route=%2Fwp%2Fv2%2Fmedia&parent=147874"}],"wp:term":[{"taxonomy":"category","embeddable":true,"href":"https:\/\/www.diarioimagen.net\/index.php?rest_route=%2Fwp%2Fv2%2Fcategories&post=147874"},{"taxonomy":"post_tag","embeddable":true,"href":"https:\/\/www.diarioimagen.net\/index.php?rest_route=%2Fwp%2Fv2%2Ftags&post=147874"}],"curies":[{"name":"wp","href":"https:\/\/api.w.org\/{rel}","templated":true}]}}