{"id":147961,"date":"2013-09-19T12:25:12","date_gmt":"2013-09-19T17:25:12","guid":{"rendered":"http:\/\/www.diarioimagen.net\/?p=147961"},"modified":"2013-09-20T04:23:17","modified_gmt":"2013-09-20T09:23:17","slug":"manuel-toca-tierra-otra-vez-en-el-pacifico-ahora-en-la-costa-de-sinaloa","status":"publish","type":"post","link":"https:\/\/www.diarioimagen.net\/?p=147961","title":{"rendered":"\u2018Manuel\u2019 toca tierra otra vez en el Pac\u00edfico, ahora en la costa de Sinaloa"},"content":{"rendered":"<ul>\n<li><em><strong>Tras dejar una ola de desastre y muerte en Guerrero, ahora golpea a Sinaloa, donde se reportan lluvias torrenciales y cortes de luz<\/strong><\/em><\/li>\n<\/ul>\n<div id=\"attachment_147962\" style=\"width: 250px\" class=\"wp-caption alignleft\"><a href=\"http:\/\/www.diarioimagen.net\/wp-content\/uploads\/2013\/09\/MANUEL-PORTAL.jpg\"><img loading=\"lazy\" decoding=\"async\" aria-describedby=\"caption-attachment-147962\" class=\"size-medium wp-image-147962\" alt=\"\u201cYa est\u00e1 lloviendo muy fuerte, est\u00e1 entrando con fuerza, como se esperaba\u201d, dijo un funcionario de Protecci\u00f3n Civil estatal.\" src=\"http:\/\/www.diarioimagen.net\/wp-content\/uploads\/2013\/09\/MANUEL-PORTAL-240x135.jpg\" width=\"240\" height=\"135\" srcset=\"https:\/\/www.diarioimagen.net\/wp-content\/uploads\/2013\/09\/MANUEL-PORTAL-240x135.jpg 240w, https:\/\/www.diarioimagen.net\/wp-content\/uploads\/2013\/09\/MANUEL-PORTAL-420x236.jpg 420w, https:\/\/www.diarioimagen.net\/wp-content\/uploads\/2013\/09\/MANUEL-PORTAL-235x132.jpg 235w, https:\/\/www.diarioimagen.net\/wp-content\/uploads\/2013\/09\/MANUEL-PORTAL-202x114.jpg 202w, https:\/\/www.diarioimagen.net\/wp-content\/uploads\/2013\/09\/MANUEL-PORTAL-350x196.jpg 350w, https:\/\/www.diarioimagen.net\/wp-content\/uploads\/2013\/09\/MANUEL-PORTAL-220x123.jpg 220w, https:\/\/www.diarioimagen.net\/wp-content\/uploads\/2013\/09\/MANUEL-PORTAL-237x132.jpg 237w, https:\/\/www.diarioimagen.net\/wp-content\/uploads\/2013\/09\/MANUEL-PORTAL.jpg 480w\" sizes=\"auto, (max-width: 240px) 100vw, 240px\" \/><\/a><p id=\"caption-attachment-147962\" class=\"wp-caption-text\">\u201cYa est\u00e1 lloviendo muy fuerte, est\u00e1 entrando con fuerza, como se esperaba\u201d, dijo un funcionario de Protecci\u00f3n Civil estatal.<\/p><\/div>\n<p>El hurac\u00e1n \u2018Manuel\u2019 toc\u00f3 tierra entre las 8:30 y 9:00 horas de este jueves, sobre la Isla de Altamira, en Sinaloa.<\/p>\n<p>La Comisi\u00f3n Nacional del Agua (Conagua) estableci\u00f3 en Twitter que, \u201cbas\u00e1ndose en imagen de sat\u00e9lite y an\u00e1lisis del SMN el #Hurac\u00e1nManuel toco tierra entre las 8:30-9:00 am Sobre la Isla de Altamura, Sinaloa\u201d.<\/p>\n<p>\u2018Manuel\u2019 se encontraba estacionario, lo que lo hace m\u00e1s peligroso, y su centro se ubicaba apenas a 25 kil\u00f3metros al noroeste del pueblo pesquero de Altata, con vientos m\u00e1ximos sostenidos de 120 kil\u00f3metros por hora, dijo el Centro Nacional de Huracanes de Estados Unidos (CNH).<\/p>\n<p>El hurac\u00e1n ya provocaba momentos antes torrenciales lluvias y fuertes vientos en la costa del Pac\u00edfico mexicano, sobre todo en el estado de Sinaloa, amenazando con inundaciones tras haber causado al menos 80 muertos y severos destrozos en una decena de estados al combinarse con otra tormenta, denominada \u2018Ingrid\u2019.<\/p>\n<p>En todo Sinaloa, un estado que cuenta con 11 r\u00edos, tres de los cuales cruzan por la capital estatal Culiac\u00e1n, fueron suspendidas las clases, mientras que cientos de personas de localidades costeras fueron llevadas a albergues, sobre todo en los municipios de Navolato y Angostura.<\/p>\n<p>A pesar de que el centro del hurac\u00e1n no hab\u00eda tocado tierra a\u00fan, sus efectos ya se sent\u00edan con fuerza.<\/p>\n<p>En Culiac\u00e1n varios \u00e1rboles fueron derribados por los fuertes vientos y hab\u00eda cortes de suministro de electricidad, dijeron pobladores a trav\u00e9s de Twitter.<\/p>\n","protected":false},"excerpt":{"rendered":"<p>El hurac\u00e1n \u2018Manuel\u2019 toc\u00f3 tierra entre las 8:30 y 9:00 horas de este jueves, sobre la Isla de Altamira, en Sinaloa.<\/p>\n","protected":false},"author":5,"featured_media":147962,"comment_status":"open","ping_status":"open","sticky":false,"template":"","format":"standard","meta":{"_monsterinsights_skip_tracking":false,"_monsterinsights_sitenote_active":false,"_monsterinsights_sitenote_note":"","_monsterinsights_sitenote_category":0,"footnotes":""},"categories":[17,3],"tags":[531,28349],"class_list":["post-147961","post","type-post","status-publish","format-standard","has-post-thumbnail","hentry","category-especiales","category-nacional","tag-conagua","tag-manuel"],"_links":{"self":[{"href":"https:\/\/www.diarioimagen.net\/index.php?rest_route=\/wp\/v2\/posts\/147961","targetHints":{"allow":["GET"]}}],"collection":[{"href":"https:\/\/www.diarioimagen.net\/index.php?rest_route=\/wp\/v2\/posts"}],"about":[{"href":"https:\/\/www.diarioimagen.net\/index.php?rest_route=\/wp\/v2\/types\/post"}],"author":[{"embeddable":true,"href":"https:\/\/www.diarioimagen.net\/index.php?rest_route=\/wp\/v2\/users\/5"}],"replies":[{"embeddable":true,"href":"https:\/\/www.diarioimagen.net\/index.php?rest_route=%2Fwp%2Fv2%2Fcomments&post=147961"}],"version-history":[{"count":0,"href":"https:\/\/www.diarioimagen.net\/index.php?rest_route=\/wp\/v2\/posts\/147961\/revisions"}],"wp:featuredmedia":[{"embeddable":true,"href":"https:\/\/www.diarioimagen.net\/index.php?rest_route=\/wp\/v2\/media\/147962"}],"wp:attachment":[{"href":"https:\/\/www.diarioimagen.net\/index.php?rest_route=%2Fwp%2Fv2%2Fmedia&parent=147961"}],"wp:term":[{"taxonomy":"category","embeddable":true,"href":"https:\/\/www.diarioimagen.net\/index.php?rest_route=%2Fwp%2Fv2%2Fcategories&post=147961"},{"taxonomy":"post_tag","embeddable":true,"href":"https:\/\/www.diarioimagen.net\/index.php?rest_route=%2Fwp%2Fv2%2Ftags&post=147961"}],"curies":[{"name":"wp","href":"https:\/\/api.w.org\/{rel}","templated":true}]}}