{"id":148008,"date":"2013-09-20T00:09:07","date_gmt":"2013-09-20T05:09:07","guid":{"rendered":"http:\/\/www.diarioimagen.net\/?p=148008"},"modified":"2013-09-20T04:04:25","modified_gmt":"2013-09-20T09:04:25","slug":"eruviel-avila-presenta-programa-para-prevenir-riesgos-sanitarios","status":"publish","type":"post","link":"https:\/\/www.diarioimagen.net\/?p=148008","title":{"rendered":"Eruviel \u00c1vila presenta programa para prevenir riesgos sanitarios"},"content":{"rendered":"<ul>\n<li><strong><em>Incluye rubros como inundaciones y erupciones volc\u00e1nicas, con el prop\u00f3sito de ser m\u00e1s precisos al responder a una contingencia<\/em><\/strong><\/li>\n<\/ul>\n<div id=\"attachment_148090\" style=\"width: 250px\" class=\"wp-caption alignleft\"><a href=\"http:\/\/www.diarioimagen.net\/wp-content\/uploads\/2013\/09\/eruviel-2190.jpg\"><img loading=\"lazy\" decoding=\"async\" aria-describedby=\"caption-attachment-148090\" class=\"size-medium wp-image-148090\" alt=\"El gobernador Eruviel \u00c1vila Villegas, acompa\u00f1ado de Mikel Andoni Arriola Pe\u00f1alosa, comisionado federal para la Protecci\u00f3n contra Riesgos Sanitarios, present\u00f3 el plan de acci\u00f3n inmediata en esta materia, para ser m\u00e1s precisos y contundentes en el control y respuesta ante emergencias sanitarias.\" src=\"http:\/\/www.diarioimagen.net\/wp-content\/uploads\/2013\/09\/eruviel-2190-240x135.jpg\" width=\"240\" height=\"135\" srcset=\"https:\/\/www.diarioimagen.net\/wp-content\/uploads\/2013\/09\/eruviel-2190-240x135.jpg 240w, https:\/\/www.diarioimagen.net\/wp-content\/uploads\/2013\/09\/eruviel-2190-420x236.jpg 420w, https:\/\/www.diarioimagen.net\/wp-content\/uploads\/2013\/09\/eruviel-2190-235x132.jpg 235w, https:\/\/www.diarioimagen.net\/wp-content\/uploads\/2013\/09\/eruviel-2190-202x114.jpg 202w, https:\/\/www.diarioimagen.net\/wp-content\/uploads\/2013\/09\/eruviel-2190-350x196.jpg 350w, https:\/\/www.diarioimagen.net\/wp-content\/uploads\/2013\/09\/eruviel-2190-220x123.jpg 220w, https:\/\/www.diarioimagen.net\/wp-content\/uploads\/2013\/09\/eruviel-2190-237x132.jpg 237w, https:\/\/www.diarioimagen.net\/wp-content\/uploads\/2013\/09\/eruviel-2190.jpg 480w\" sizes=\"auto, (max-width: 240px) 100vw, 240px\" \/><\/a><p id=\"caption-attachment-148090\" class=\"wp-caption-text\">El gobernador Eruviel \u00c1vila Villegas, acompa\u00f1ado de Mikel Andoni Arriola Pe\u00f1alosa, comisionado federal para la Protecci\u00f3n contra Riesgos Sanitarios, present\u00f3 el plan de acci\u00f3n inmediata en esta materia, para ser m\u00e1s precisos y contundentes en el control y respuesta ante emergencias sanitarias.<\/p><\/div>\n<p><strong>Toluca, Estado de M\u00e9xico<\/strong>.- El gobernador Eruviel \u00c1vila Villegas y Mikel Andoni Arriola Pe\u00f1alosa, comisionado federal para la Protecci\u00f3n contra Riesgos Sanitarios (Cofepris), presentaron el plan de acci\u00f3n inmediata en esta materia, para ser m\u00e1s precisos y contundentes en el control y respuesta ante emergencias, que incluye rubros como inundaciones, erupci\u00f3n volc\u00e1nica y concentraciones masivas; adem\u00e1s entregaron equipo para que las verificaciones a establecimientos sean m\u00e1s \u00e1giles y transparentes y con ello evitar actos irregulares, para contar con un estado m\u00e1s pr\u00f3spero y mexiquenses m\u00e1s sanos.<\/p>\n<p>\u201cCon esos protocolos, el Estado de M\u00e9xico privilegia la acci\u00f3n preventiva y no s\u00f3lo la reactiva. Tengan la seguridad empresarios, industriales, comerciantes, que seremos muy transparentes, y estaremos muy atentos para recibir cualquier observaci\u00f3n, cualquier propuesta o mejora para la operaci\u00f3n\u201d, expres\u00f3 el gobernador.<\/p>\n<p>Eruviel \u00c1vila se\u00f1al\u00f3 que el 10 de junio pasado se cre\u00f3 la Comisi\u00f3n para la Protecci\u00f3n Contra Riesgos Sanitarios del Estado de M\u00e9xico (Coprisem), en sustituci\u00f3n de la Coordinaci\u00f3n de Regulaci\u00f3n Sanitaria, organismo que mantiene atribuciones de regulaci\u00f3n y sanci\u00f3n, pero privilegia facultades de orientaci\u00f3n, fomento y asesor\u00eda especializada para empresarios, comerciantes y prestadores de servicios para prevenir, normar y controlar condiciones sanitarias que impliquen riesgos o da\u00f1os a la salud de la poblaci\u00f3n.<\/p>\n<p>\u00c9sta instancia ser\u00e1 la encargada de ejecutar el plan de acci\u00f3n inmediata para la Protecci\u00f3n de Riesgos Sanitarios, que contempla el dise\u00f1o de protocolos de trabajo para prevenir y evitar contingencias sanitarias en cinco rubros: inundaciones, fiebre por dengue, erupci\u00f3n volc\u00e1nica, concentraciones masivas, brotes de enfermedades gastrointestinales o por intoxicaci\u00f3n alimentaria.<\/p>\n<p>En este sentido, destac\u00f3 que con las acciones a implementar se fortalece el trabajo de la Coprisem para combatir los giros rojos o negros que afectan a la poblaci\u00f3n, y detall\u00f3 que hasta el momento se han clausurado 140 establecimientos de este tipo en 50 municipios, y se busca que sea definitiva.<\/p>\n<p>Durante el acto, celebrado en el Sal\u00f3n Gobernadores de Palacio de Gobierno, se entreg\u00f3 equipo para modernizar las 18 jurisdicciones sanitarias de la entidad, entre los que se encuentran 13 veh\u00edculos, 100 tabletas electr\u00f3nicas, 115 impresoras, 41 laptops, 124 computadoras de escritorio, 25 escaners, 32 proyectores y m\u00e1s de 100 equipos de internet m\u00f3vil, con una inversi\u00f3n superior a 21 millones de pesos.<\/p>\n<p>El nuevo equipamiento permitir\u00e1 agilizar y mejorar el trabajo de la Coprisem, ya que los verificadores podr\u00e1n generar las actas de verificaci\u00f3n en tiempo real y reducir tiempos en tr\u00e1mites.<\/p>\n<p>Asimismo los presidentes municipales de Atlacomulco, Lerma y La Paz, Arturo V\u00e9lez Escamilla, Erick Sevilla Montes de Oca, Juan Jos\u00e9 Medina Cabrera, respectivamente, recibieron protocolos de pr\u00e1ctica sanitaria.<\/p>\n<p>Mikel Andoni Arriola Pe\u00f1alosa, titular de Cofepris, destac\u00f3 que el gobierno de la Rep\u00fablica reconoce el esfuerzo que se ha hecho en la entidad para la mejora y modernizaci\u00f3n de instituciones y procesos en beneficio de la poblaci\u00f3n, por lo que refrend\u00f3 el apoyo de esta instancia para la protecci\u00f3n contra riesgos sanitarios, a favor de los mexiquenses.<\/p>\n<p>Dio a conocer que los recursos del fondo para la protecci\u00f3n de riesgos sanitarios en 2010 eran alrededor de 153 millones de pesos, para el 2013 se increment\u00f3 a 315 millones de pesos, con lo cual el Estado de M\u00e9xico pas\u00f3 de contar con 18 millones a 33 millones de pesos en el presente a\u00f1o.<\/p>\n<p>Estuvieron presentes Marco Antonio Morales G\u00f3mez, comisionado de Derechos Humanos del Estado de M\u00e9xico; C\u00e9sar G\u00f3mez Monge, secretario de Salud; Fernando D\u00edaz Ju\u00e1rez, comisionado para la Protecci\u00f3n contra Riesgos Sanitarios en la entidad; Juan Abad de Jes\u00fas, presiente de la comisi\u00f3n de Salud, Asistencia y Bienestar Social de la LVIII Legislatura; presidentes municipales, entre otros.<b><\/b><\/p>\n<p>&nbsp;<\/p>\n","protected":false},"excerpt":{"rendered":"<p>El gobernador Eruviel \u00c1vila Villegas y Mikel Andoni Arriola Pe\u00f1alosa, comisionado federal para<\/p>\n","protected":false},"author":3,"featured_media":148090,"comment_status":"open","ping_status":"open","sticky":false,"template":"","format":"standard","meta":{"_monsterinsights_skip_tracking":false,"_monsterinsights_sitenote_active":false,"_monsterinsights_sitenote_note":"","_monsterinsights_sitenote_category":0,"footnotes":""},"categories":[5],"tags":[5828,43675,452],"class_list":["post-148008","post","type-post","status-publish","format-standard","has-post-thumbnail","hentry","category-estado-de-mexico","tag-eruviel-avila-villegas","tag-estado-de-mexico","tag-toluca"],"_links":{"self":[{"href":"https:\/\/www.diarioimagen.net\/index.php?rest_route=\/wp\/v2\/posts\/148008","targetHints":{"allow":["GET"]}}],"collection":[{"href":"https:\/\/www.diarioimagen.net\/index.php?rest_route=\/wp\/v2\/posts"}],"about":[{"href":"https:\/\/www.diarioimagen.net\/index.php?rest_route=\/wp\/v2\/types\/post"}],"author":[{"embeddable":true,"href":"https:\/\/www.diarioimagen.net\/index.php?rest_route=\/wp\/v2\/users\/3"}],"replies":[{"embeddable":true,"href":"https:\/\/www.diarioimagen.net\/index.php?rest_route=%2Fwp%2Fv2%2Fcomments&post=148008"}],"version-history":[{"count":0,"href":"https:\/\/www.diarioimagen.net\/index.php?rest_route=\/wp\/v2\/posts\/148008\/revisions"}],"wp:featuredmedia":[{"embeddable":true,"href":"https:\/\/www.diarioimagen.net\/index.php?rest_route=\/wp\/v2\/media\/148090"}],"wp:attachment":[{"href":"https:\/\/www.diarioimagen.net\/index.php?rest_route=%2Fwp%2Fv2%2Fmedia&parent=148008"}],"wp:term":[{"taxonomy":"category","embeddable":true,"href":"https:\/\/www.diarioimagen.net\/index.php?rest_route=%2Fwp%2Fv2%2Fcategories&post=148008"},{"taxonomy":"post_tag","embeddable":true,"href":"https:\/\/www.diarioimagen.net\/index.php?rest_route=%2Fwp%2Fv2%2Ftags&post=148008"}],"curies":[{"name":"wp","href":"https:\/\/api.w.org\/{rel}","templated":true}]}}