{"id":148013,"date":"2013-09-20T00:07:49","date_gmt":"2013-09-20T05:07:49","guid":{"rendered":"http:\/\/www.diarioimagen.net\/?p=148013"},"modified":"2013-09-23T01:40:29","modified_gmt":"2013-09-23T06:40:29","slug":"senado-inicia-foros-el-lunes","status":"publish","type":"post","link":"https:\/\/www.diarioimagen.net\/?p=148013","title":{"rendered":"Senado inicia foros el lunes"},"content":{"rendered":"<h2>Tras la puerta del poder<\/h2>\n<h5>Roberto Vizca\u00edno<\/h5>\n<p>&nbsp;<\/p>\n<ul>\n<li><strong><i>Arrancan ahora con la presencia del ingeniero Cuauht\u00e9moc C\u00e1rdenas Sol\u00f3rzano<\/i><\/strong><\/li>\n<li><strong><i>En los pr\u00f3ximos 20 d\u00edas comparecer\u00e1n Videgaray, Guajardo, Meade, Osorio, Chuayffet y Robles\u00a0<\/i><\/strong><\/li>\n<li><strong><i>Las extorsiones desde penales, un delito vigente que les deja casi 100 millones de pesos al a\u00f1o<\/i><\/strong><\/li>\n<\/ul>\n<div id=\"attachment_148047\" style=\"width: 250px\" class=\"wp-caption alignleft\"><a href=\"http:\/\/www.diarioimagen.net\/wp-content\/uploads\/2013\/09\/NI-UN-RASGUnO-trizas-2190.jpg\"><img loading=\"lazy\" decoding=\"async\" aria-describedby=\"caption-attachment-148047\" class=\"size-medium wp-image-148047\" alt=\"Ni un rasgu\u00f1o... | Trizas\" src=\"http:\/\/www.diarioimagen.net\/wp-content\/uploads\/2013\/09\/NI-UN-RASGUnO-trizas-2190-240x214.jpg\" width=\"240\" height=\"214\" srcset=\"https:\/\/www.diarioimagen.net\/wp-content\/uploads\/2013\/09\/NI-UN-RASGUnO-trizas-2190-240x214.jpg 240w, https:\/\/www.diarioimagen.net\/wp-content\/uploads\/2013\/09\/NI-UN-RASGUnO-trizas-2190-420x375.jpg 420w, https:\/\/www.diarioimagen.net\/wp-content\/uploads\/2013\/09\/NI-UN-RASGUnO-trizas-2190.jpg 700w\" sizes=\"auto, (max-width: 240px) 100vw, 240px\" \/><\/a><p id=\"caption-attachment-148047\" class=\"wp-caption-text\">Ni un rasgu\u00f1o&#8230; | Trizas<\/p><\/div>\n<p>No ser\u00e1n para nada como los farragosos foros de la reforma energ\u00e9tica de Felipe Calder\u00f3n de 2008. Ahora el formato aprobado por el Senado para abrir al debate p\u00fablico la iniciativa de reforma energ\u00e9tica del presidente Enrique Pe\u00f1a Nieto ser\u00e1 mucho m\u00e1s \u00e1gil y r\u00e1pida, pero no por ello menos trascendente que la de hace 5 a\u00f1os.<\/p>\n<p>De entrada este lunes, a las 10 de la ma\u00f1ana, arrancan los foros senatoriales con la participaci\u00f3n nada menos que con la asistencia del ingeniero Cuauht\u00e9moc C\u00e1rdenas, quien ha prometido convocar a otros muchos, entre ellos a Andr\u00e9s Manuel L\u00f3pez Obrador.<\/p>\n<p>En la reforma anterior AMLO tambi\u00e9n fue invitado a participar, pero desech\u00f3 el llamado. Sin embargo estuvo presente en pr\u00e1cticamente todos los foros que se realizaron en la plazoleta del antiguo recinto del Senado, en la calle de Xicotencatl, a trav\u00e9s de enviados, cercanos y colaboradores.<\/p>\n<p>Al final le abrieron un espacio especial para escucharlo en la C\u00e1mara de Diputados.<\/p>\n<p>En esta ocasi\u00f3n la invitaci\u00f3n correr\u00e1 a cargo del hijo del general. Y por ello hab\u00eda apuestas de si asistir\u00e1 o no a estos foros. Unos creen que en esta ocasi\u00f3n no desaprovechar\u00e1 el foro donde estar\u00e1n presentes todos los medios nacionales y no pocos internacionales, para presentar sus objeciones a la iniciativa de Pe\u00f1a Nieto.<\/p>\n<p>Otros sin embargo son esc\u00e9pticos, incr\u00e9dulos, y consideran que L\u00f3pez Obrador no asistir\u00e1.<\/p>\n<p>\u201cEs el llanero solitario\u2026 \u00e9l va s\u00f3lo\u201d, coment\u00f3 un senador.<\/p>\n<p>Uno m\u00e1s argument\u00f3: \u201cNo vendr\u00e1 porque hacerlo significar\u00eda atarse al marco y resultados de un debate\u2026 su exposici\u00f3n ser\u00eda una m\u00e1s dentro de un conjunto y autom\u00e1ticamente validar\u00eda con su presencia la iniciativa del presidente Pe\u00f1a\u201d.<\/p>\n<p>\u201cDeclinar\u00e1 y seguir\u00e1 con sus m\u00edtines y acciones en calles y plazas del pa\u00eds. Eso es lo suyo. Eso es lo que le interesa. No le interesa defender nada, sino aumentar la membres\u00eda, afiliaci\u00f3n de su partido aun no-nato\u201d, razon\u00f3 otro.<\/p>\n<p>Hacia donde quiera que se vaya el debate, los foros est\u00e1n abiertos y la reforma est\u00e1 en marcha.<\/p>\n<p align=\"center\">\u00a0<b>COMPARECENCIAS<\/b><\/p>\n<p>Y como la vida nacional sigue m\u00e1s all\u00e1 de las manifestaciones y bloqueos de la CNTE en el DF, el jueves 26 de este septiembre arrancan las comparecencias de los secretarios de Enrique Pe\u00f1a Nieto en el Senado. Ese d\u00eda, a las 12:00, intervendr\u00e1 ante el pleno el secretario de Hacienda, Luis Videgaray y le seguir\u00e1 el titular de Econom\u00eda, Ildefonso Guajardo, quien ser\u00e1 recibido por los senadores el lunes 30 de septiembre.<\/p>\n<p>El martes primero de octubre, tambi\u00e9n a las 12:00 y ante el mismo pleno, estar\u00e1 el titular de Relaciones Exteriores, Jos\u00e9 Antonio Meade.<\/p>\n<p>El secretario de Gobernaci\u00f3n, Miguel \u00c1ngel Osorio Chong, no tiene todav\u00eda fecha ni hora, pero se sabe que estar\u00e1 en esa c\u00e1mara en los siguientes d\u00edas pues su agenda depende hoy del desahogo y atenci\u00f3n a los problemas dejados por los huracanes <i>Manuel e Ingrid.<\/i><\/p>\n<p>El secretario de Educaci\u00f3n P\u00fablica, Emilio Chuayffet llegar\u00e1 ante 3 comisiones senatoriales el lunes 7 de octubre y Rosario Robles, titular de Desarrollo Social tambi\u00e9n ser\u00e1 recibida por los miembros de otras tres comisiones.<\/p>\n<p>Y al parecer con esas comparecencias cerrar\u00e1n los trabajos de la glosa del primer informe del presidente Enrique Pe\u00f1a Nieto en el Senado.<\/p>\n<p align=\"center\"><b>Y QUE SE LOS \u201cCOME\u201d<\/b><\/p>\n<p>El panista colimense Jorge Luis Preciado, ahora coordinador de la fracci\u00f3n del PAN en el Senado, result\u00f3 ser m\u00e1s zorruno pol\u00edticamente hablando que toda la culta y alzada tropa calderonista, incluido el jefe de esa pandilla, el que ahora medio vive en Boston por aquello de que tiene una beca en Harvard.<\/p>\n<p>Cuando Gustavo Madero lo avent\u00f3 el 21 de mayo pasado al ruedo como sustituto de Ernesto Cordero en la coordinaci\u00f3n del grupo blanquiazul en el Senado, hab\u00eda no pocos calderonistas que se lo quer\u00edan comer vivo.<\/p>\n<p>Las semanas siguientes vivi\u00f3 de todo: zancadillas, emboscadas, asaltos madrugadores de oficinas y presupuestos, y la ley del hielo por parte de los contrarios.<\/p>\n<p>No la hizo de tos. Aguant\u00f3 y respondi\u00f3 cuando debi\u00f3 hacerlo. Hace unos 10 d\u00edas finalmente apareci\u00f3 Ernesto Cordero a su lado. Y el lunes los dos, \u00e9l y Cordero presentar\u00e1n su propuesta de reforma pol\u00edtica.<\/p>\n<p>En buen espa\u00f1ol eso quiere decir que Preciado ya se los comi\u00f3. Que sus contendientes hoy comen de su mano.<\/p>\n<p>Preciado sabe que esa iniciativa del lunes no tiene mayor futuro, porque ya se cocina desde el Pacto por M\u00e9xico, la que es la que trae la bendici\u00f3n de los dirigentes de PAN, PRD y PRI\u2026 y del presidente Enrique Pe\u00f1a Nieto.<\/p>\n<p>Lo dem\u00e1s es apenas parte de una trama interna para someter y controlar a los calderonistas, especialmente a Cordero y sus ansias por competir por la presidencia del PAN a fines de este a\u00f1o.<\/p>\n<p align=\"center\">\u00a0<b>VUELTAS A LA NORIA<\/b><\/p>\n<p>Los maestros de la Coordinadora andan como burros sin mecate. Dan y dan vueltas por los alrededores de su campamento en el Monumento a la Revoluci\u00f3n sin acertar por d\u00f3nde pueden irse de nuevo al Z\u00f3calo.<\/p>\n<p>Detr\u00e1s del grupo principal, ya no tan numeroso como el de hace unos 15 d\u00edas, ahora andan contingentes de estudiantes de la UNAM, el Poli y otros centros de estudio que se han convertido en los gritones del movimiento.<\/p>\n<p>Ayer salieron a hacer su caos del d\u00eda al partir hacia la columna del \u00c1ngel de la Independencia, para luego ir a las inmediaciones de Los Pinos, regresar hacia Televisa, hacer un \u201csent\u00f3n\u201d en el Eje Central y regresar a su campamento.<\/p>\n<p>\u00bfCu\u00e1l el objetivo? \u00bfPropuestas nuevas? \u00bfReclamos desconocidos?, ninguno. Simplemente lo hicieron como si fuese un ejercicio diario para desquiciar a la ciudad.<\/p>\n<p align=\"center\"><b>CIFRAS DE LA DELINCUENCIA<\/b><\/p>\n<p>Al pedir se considere alejar las antenas de servicio celular al menos a 2 kil\u00f3metros de los penales en todo el pa\u00eds, para as\u00ed combatir la extorsi\u00f3n por la v\u00eda de esos equipos, los senadores Ra\u00fal Pozos Lanz, Blanca Alcal\u00e1 Ruiz y Miguel \u00c1ngel Chico Herrera, dieron a conocer los siguientes datos:<\/p>\n<p>Tan s\u00f3lo en lo que va de este 2013, de las c\u00e1rceles del DF han salido 6 mil 700 llamadas diarias para realizar intentos de extorsi\u00f3n. Los expertos afirman que el 30 por ciento de ellas logr\u00f3 su objetivo.<\/p>\n<p>De las 916 bandas detectadas hace unos a\u00f1os, 85 siguen activas y el 90 por ciento de ellas opera desde penales de la ciudad de M\u00e9xico.<\/p>\n<p>Entre 2001 a diciembre del 2009, unas 7 millones 324 mil 660 personas fueron extorsionadas con cantidades que van de los mil a los 50 mil pesos cada una para alcanzar una cifra de unos 705 millones de pesos logrados por estos delincuentes.<\/p>\n<p>Los estudios realizados indican que para realizar este objetivo, los reos utilizaron unos 483 mil 127 celulares. Estas investigaciones se\u00f1alan que el 55 por ciento de estas extorsiones fueron realizadas desde penales del Distrito Federal.<\/p>\n<p>Los investigadores encontraron adem\u00e1s que a lo largo de 9 a\u00f1os, los presos dedicados a este tipo de delincuencia hicieron al menos 18 millones 199 mil 23 llamadas con fines de extorsi\u00f3n. Tan s\u00f3lo durante 2009 intentaron 2 millones 255 mil 335 extorsiones, unas 6 mil 179 por d\u00eda.<\/p>\n<p>Esta actividad creci\u00f3 hacia 2010 a\u00f1o en que se detect\u00f3 un incremento con un promedio de 6 mil 211 llamadas de extorsi\u00f3n por cada 24 horas.<\/p>\n<p>Se considera que de 2001 a 2011, en un plazo de 10 a\u00f1os, los delincuentes que operan desde los penales del pa\u00eds, podr\u00edan haber obtenido unos 978 millones de pesos, casi 100 millones de pesos por a\u00f1o.<\/p>\n<p>La obviedad indica que esta actividad se realiza con la complicidad de personas que act\u00faan fuera de los penales y sin ninguna duda con la connivencia de autoridades penales. En todo este tiempo se podr\u00edan haber usado unos 715 mil celulares en el delito de extorsi\u00f3n desde las c\u00e1rceles mexicanas, indicaron los senadores. De ese tama\u00f1o es este problema.<\/p>\n<p><em><a href=\"mailto:rvizcaino@gmail.com\" target=\"_blank\">rvizcaino@gmail.com<\/a><\/em><\/p>\n","protected":false},"excerpt":{"rendered":"<p><span style=\"color: #005497;\"><strong>Roberto Vizca\u00edno<\/strong><\/span><br \/>\n<br \/>\nNo ser\u00e1n para nada como los farragosos foros de la reforma energ\u00e9tica de Felipe Calder\u00f3n de 2008. Ahora el formato aprobado por el Senado para abrir al debate p\u00fablico la iniciativa de reforma energ\u00e9tica del presidente Enrique Pe\u00f1a Nieto ser\u00e1 mucho m\u00e1s \u00e1gil y r\u00e1pida, pero no por ello menos trascendente que la de hace 5 a\u00f1os.<\/p>\n","protected":false},"author":3,"featured_media":148047,"comment_status":"open","ping_status":"open","sticky":false,"template":"","format":"standard","meta":{"_monsterinsights_skip_tracking":false,"_monsterinsights_sitenote_active":false,"_monsterinsights_sitenote_note":"","_monsterinsights_sitenote_category":0,"footnotes":""},"categories":[136],"tags":[3183,43674,93,94],"class_list":["post-148013","post","type-post","status-publish","format-standard","has-post-thumbnail","hentry","category-roberto-vizcaino-opinion","tag-emilio-chuayffet-chemor","tag-opinion","tag-roberto-vizcaino","tag-tras-la-puerta-del-poder"],"_links":{"self":[{"href":"https:\/\/www.diarioimagen.net\/index.php?rest_route=\/wp\/v2\/posts\/148013","targetHints":{"allow":["GET"]}}],"collection":[{"href":"https:\/\/www.diarioimagen.net\/index.php?rest_route=\/wp\/v2\/posts"}],"about":[{"href":"https:\/\/www.diarioimagen.net\/index.php?rest_route=\/wp\/v2\/types\/post"}],"author":[{"embeddable":true,"href":"https:\/\/www.diarioimagen.net\/index.php?rest_route=\/wp\/v2\/users\/3"}],"replies":[{"embeddable":true,"href":"https:\/\/www.diarioimagen.net\/index.php?rest_route=%2Fwp%2Fv2%2Fcomments&post=148013"}],"version-history":[{"count":0,"href":"https:\/\/www.diarioimagen.net\/index.php?rest_route=\/wp\/v2\/posts\/148013\/revisions"}],"wp:featuredmedia":[{"embeddable":true,"href":"https:\/\/www.diarioimagen.net\/index.php?rest_route=\/wp\/v2\/media\/148047"}],"wp:attachment":[{"href":"https:\/\/www.diarioimagen.net\/index.php?rest_route=%2Fwp%2Fv2%2Fmedia&parent=148013"}],"wp:term":[{"taxonomy":"category","embeddable":true,"href":"https:\/\/www.diarioimagen.net\/index.php?rest_route=%2Fwp%2Fv2%2Fcategories&post=148013"},{"taxonomy":"post_tag","embeddable":true,"href":"https:\/\/www.diarioimagen.net\/index.php?rest_route=%2Fwp%2Fv2%2Ftags&post=148013"}],"curies":[{"name":"wp","href":"https:\/\/api.w.org\/{rel}","templated":true}]}}