{"id":148020,"date":"2013-09-20T00:08:59","date_gmt":"2013-09-20T05:08:59","guid":{"rendered":"http:\/\/www.diarioimagen.net\/?p=148020"},"modified":"2013-09-20T04:03:16","modified_gmt":"2013-09-20T09:03:16","slug":"garantizado-el-suministro-de-combustibles-sener","status":"publish","type":"post","link":"https:\/\/www.diarioimagen.net\/?p=148020","title":{"rendered":"Garantizado, el suministro de combustibles: Secretar\u00eda de Energ\u00eda"},"content":{"rendered":"<ul>\n<li><strong><em>Dice su titular, Pedro Joaqu\u00edn Coldwell<\/em><\/strong><\/li>\n<\/ul>\n<div id=\"attachment_148100\" style=\"width: 250px\" class=\"wp-caption alignleft\"><a href=\"http:\/\/www.diarioimagen.net\/wp-content\/uploads\/2013\/09\/COLDWELL-2190.jpg\"><img loading=\"lazy\" decoding=\"async\" aria-describedby=\"caption-attachment-148100\" class=\"size-medium wp-image-148100\" alt=\"El secretario de Energ\u00eda, Pedro Joaqu\u00edn Coldwell, inform\u00f3 que el suministro de energ\u00eda el\u00e9ctrica y combustibles est\u00e1 garantizado en Acapulco y todo el pa\u00eds.\" src=\"http:\/\/www.diarioimagen.net\/wp-content\/uploads\/2013\/09\/COLDWELL-2190-240x135.jpg\" width=\"240\" height=\"135\" srcset=\"https:\/\/www.diarioimagen.net\/wp-content\/uploads\/2013\/09\/COLDWELL-2190-240x135.jpg 240w, https:\/\/www.diarioimagen.net\/wp-content\/uploads\/2013\/09\/COLDWELL-2190-420x236.jpg 420w, https:\/\/www.diarioimagen.net\/wp-content\/uploads\/2013\/09\/COLDWELL-2190-235x132.jpg 235w, https:\/\/www.diarioimagen.net\/wp-content\/uploads\/2013\/09\/COLDWELL-2190-202x114.jpg 202w, https:\/\/www.diarioimagen.net\/wp-content\/uploads\/2013\/09\/COLDWELL-2190-350x196.jpg 350w, https:\/\/www.diarioimagen.net\/wp-content\/uploads\/2013\/09\/COLDWELL-2190-220x123.jpg 220w, https:\/\/www.diarioimagen.net\/wp-content\/uploads\/2013\/09\/COLDWELL-2190-237x132.jpg 237w, https:\/\/www.diarioimagen.net\/wp-content\/uploads\/2013\/09\/COLDWELL-2190.jpg 480w\" sizes=\"auto, (max-width: 240px) 100vw, 240px\" \/><\/a><p id=\"caption-attachment-148100\" class=\"wp-caption-text\">El secretario de Energ\u00eda, Pedro Joaqu\u00edn Coldwell, inform\u00f3 que el suministro de energ\u00eda el\u00e9ctrica y combustibles est\u00e1 garantizado en Acapulco y todo el pa\u00eds.<\/p><\/div>\n<p>El abasto, tanto de gas como de diversos combustibles est\u00e1 garantizado en el pa\u00eds, gracias a las acciones que se han tomado para hacer frente a las secuelas de \u201cIngrid\u201d y \u201cManuel\u201d, asegur\u00f3 Pedro Joaqu\u00edn Coldwell.<\/p>\n<p>Entrevistado al t\u00e9rmino de su participaci\u00f3n durante la Reuni\u00f3n Anual de Industriales de la Concamin, el titular de la Secretar\u00eda de Energ\u00eda (Sener) destac\u00f3 que se han atendido oportunamente los diferentes pormenores, como es el caso del tramo del gasoducto Manzanillo-Guadalajara.<\/p>\n<p>En ese sentido, expuso que el deslave que ocasion\u00f3 el da\u00f1o de la infraestructura a la altura del r\u00edo Naranjos se est\u00e1 atendiendo y se llevan a cabo los diagn\u00f3sticos necesarios para resarcir los da\u00f1os lo m\u00e1s pronto posible.<\/p>\n<p>Destac\u00f3 el hecho de que en las \u00faltimas 10 semanas el gobierno ha logrado prescindir de las alertas cr\u00edticas de gas, gracias a que se incrementaron las importaciones del carburante licuado por el puerto de Manzanillo y Pemex.<\/p>\n<p>Asimismo, destaca el sacrificio hecho por la Comisi\u00f3n Federal de Electricidad y Pemex que han tenido que recurrir al combust\u00f3leo para dejar libre el gas a la industria privada, con el fin de evitar paros que puedan afectar a la producci\u00f3n.<\/p>\n<p>&nbsp;<\/p>\n","protected":false},"excerpt":{"rendered":"<p>El abasto, tanto de gas como de diversos combustibles est\u00e1 garantizado en el pa\u00eds, gracias a las acciones que se han tomado para hacer frente a las secuelas de \u201cIngrid\u201d y \u201cManuel\u201d, asegur\u00f3 Pedro Joaqu\u00edn Coldwell.<\/p>\n","protected":false},"author":3,"featured_media":148100,"comment_status":"open","ping_status":"open","sticky":false,"template":"","format":"standard","meta":{"_monsterinsights_skip_tracking":false,"_monsterinsights_sitenote_active":false,"_monsterinsights_sitenote_note":"","_monsterinsights_sitenote_category":0,"footnotes":""},"categories":[3],"tags":[43673,1012,24996,27700],"class_list":["post-148020","post","type-post","status-publish","format-standard","has-post-thumbnail","hentry","category-nacional","tag-nacional","tag-pedro-joaquin-coldwell","tag-secretaria-de-energia","tag-sener"],"_links":{"self":[{"href":"https:\/\/www.diarioimagen.net\/index.php?rest_route=\/wp\/v2\/posts\/148020","targetHints":{"allow":["GET"]}}],"collection":[{"href":"https:\/\/www.diarioimagen.net\/index.php?rest_route=\/wp\/v2\/posts"}],"about":[{"href":"https:\/\/www.diarioimagen.net\/index.php?rest_route=\/wp\/v2\/types\/post"}],"author":[{"embeddable":true,"href":"https:\/\/www.diarioimagen.net\/index.php?rest_route=\/wp\/v2\/users\/3"}],"replies":[{"embeddable":true,"href":"https:\/\/www.diarioimagen.net\/index.php?rest_route=%2Fwp%2Fv2%2Fcomments&post=148020"}],"version-history":[{"count":0,"href":"https:\/\/www.diarioimagen.net\/index.php?rest_route=\/wp\/v2\/posts\/148020\/revisions"}],"wp:featuredmedia":[{"embeddable":true,"href":"https:\/\/www.diarioimagen.net\/index.php?rest_route=\/wp\/v2\/media\/148100"}],"wp:attachment":[{"href":"https:\/\/www.diarioimagen.net\/index.php?rest_route=%2Fwp%2Fv2%2Fmedia&parent=148020"}],"wp:term":[{"taxonomy":"category","embeddable":true,"href":"https:\/\/www.diarioimagen.net\/index.php?rest_route=%2Fwp%2Fv2%2Fcategories&post=148020"},{"taxonomy":"post_tag","embeddable":true,"href":"https:\/\/www.diarioimagen.net\/index.php?rest_route=%2Fwp%2Fv2%2Ftags&post=148020"}],"curies":[{"name":"wp","href":"https:\/\/api.w.org\/{rel}","templated":true}]}}