{"id":148022,"date":"2013-09-20T00:05:19","date_gmt":"2013-09-20T05:05:19","guid":{"rendered":"http:\/\/www.diarioimagen.net\/?p=148022"},"modified":"2013-09-23T01:53:28","modified_gmt":"2013-09-23T06:53:28","slug":"gobernantes","status":"publish","type":"post","link":"https:\/\/www.diarioimagen.net\/?p=148022","title":{"rendered":"Gobernantes"},"content":{"rendered":"<h2>De frente y de perfil<\/h2>\n<h5>Ram\u00f3n Zurita Sahag\u00fan<\/h5>\n<p><span><br \/>\nDentro del contexto de gobernantes de las 32 entidades del pa\u00eds, hay de todo. Gobernantes cercanos al pueblo, que responden r\u00e1pidamente ante la problem\u00e1tica de sus gobernados, otros holgazanes que aspiran solamente a detentar el poder y los menos insensibles ante las tragedias ocurridas.<\/span><\/p>\n<p>Uno de estos \u00faltimos es Mario L\u00f3pez Valdez, gobernador de Sinaloa, de quien se esperaban cosas mejores en la entidad que administra.<\/p>\n<p>\u201cMalova\u201d, como es conocido el pol\u00edtico, hac\u00eda relaciones p\u00fablicas el pasado mi\u00e9rcoles en la ciudad de M\u00e9xico, mientras en su territorio se adentraba el hurac\u00e1n \u201cManuel\u201d, que hab\u00eda dejado devastaci\u00f3n y muerte en Guerrero y Oaxaca.<\/p>\n<p>Tal vez eso no era importante para el mandatario sinaloense, quien desayunaba tranquilamente en su restaurante favorito del Distrito Federal, mientras que los pron\u00f3sticos sobre la entrada del fen\u00f3meno a Sinaloa hac\u00edan temer una situaci\u00f3n catastr\u00f3fica.<\/p>\n<p>Apagones, inundaciones, ca\u00eddas de \u00e1rboles, r\u00edos saliendo de su cauce y bloqueo de carreteras, era parte del panorama en Sinaloa desde ayer mismo, mientras el gobernador degustaba sus sagrados alimentos.<\/p>\n<p>Claro que cuando advirti\u00f3 que las cosas se pon\u00edan peor se traslad\u00f3 a su estado, para solicitar que se declare zona de emergencia a varios de los municipios de la entidad que administra.<\/p>\n<p>\u201cMalova\u201d es uno de los gobernantes que arras\u00f3 en los comicios del 2010, con todo y que el PRI (su partido de toda la vida) no lo quiso postular, teniendo que refugiarse en una de las tan criticadas alianzas entre derecha e izquierda.<\/p>\n<p>Con ese respaldo, L\u00f3pez Valdez le gan\u00f3 sin problemas de\u00a0ninguna clase a su adversario pri\u00edsta Jes\u00fas Vizcarra, con lo que dej\u00f3 en claro que su entonces carism\u00e1tica personalidad era garant\u00eda de triunfo con el partido que fuese.<\/p>\n<p>Su triunfo inobjetable le permiti\u00f3 ascender al gobierno con una gran legitimaci\u00f3n, formando un gabinete con pri\u00edstas, panistas y perredistas.<\/p>\n<p>En Sinaloa se crey\u00f3 que L\u00f3pez Valdez ser\u00eda el mejor gobernante del estado, ya que se hab\u00eda enfrentado a los poderes f\u00e1cticos y la rebeld\u00eda mostrada contra su partido de toda la vida que lo hab\u00eda convertido en alcalde de Ahome (Los Mochis) y en senador de la Rep\u00fablica, eran puntos a su favor.<\/p>\n<p>Pronto la ciudadan\u00eda se decepcion\u00f3 de su gobernante, por su desapego a la problem\u00e1tica, mientras \u00e9ste hac\u00eda su vida social en la ciudad de M\u00e9xico.<\/p>\n<p>Por eso, no es raro ver a \u201cMalova\u201d en los principales comederos pol\u00edticos de la capital del pa\u00eds, sea en desayunos, comidas, cenas y eventos de todo tipo.<\/p>\n<p align=\"center\"><b>LAS CONTINGENCIAS<\/b><\/p>\n<p>Las contingencias que azotan al pa\u00eds y dejan desastres por todos lados son una prueba palpable de que la cultura de la prevenci\u00f3n no existe, como tampoco el orden en el crecimiento de las poblaciones.<\/p>\n<p>Es cierto que las copiosas lluvias provocan el desbordamiento de r\u00edos y el desgajamiento de cerros, causas principales de muerte, desolaci\u00f3n y aislamiento en diversas comunidades del pa\u00eds, pero tambi\u00e9n lo es que la falta de gobiernos responsables contribuye a ello.<\/p>\n<p>Las tragedias provocadas por las copiosas lluvias en todo el pa\u00eds son constantes y dejan tras de s\u00ed un rastro de muerte, desolaci\u00f3n y miles de damnificados.<\/p>\n<p>Al momento de la tragedia, los gobiernos en sus tres \u00f3rdenes, federal, estatal y municipal, ocurren en auxilio de los afectados, pero luego los olvidan.<\/p>\n<p>Es por eso que los habitantes de esas comunidades da\u00f1adas regresen a los mismos sitios de las tragedias, ubican sus casas cerca o en el mismo lugar en que sucedieron los hechos anteriores y no hay poder humano que los convenza de irse a otros sitios. De ah\u00ed, proviene la desidia de los gobernantes que prefieren voltear hacia otro lado y olvidarse de la prevenci\u00f3n.<\/p>\n<p>Tragedias van, vienen y ocurren, casi siempre, en los mismos sitios, en asentamientos humanos ubicados en zonas peligrosas, como cauces de r\u00edos secos, riberas de los mismos, faldas de cerros, expuesta la poblaci\u00f3n a cualquier tipo de contingencia.<\/p>\n<p>Guerrero, Oaxaca, Chiapas, Tabasco, Veracruz y Quintana Roo, son, por su ubicaci\u00f3n geogr\u00e1fica, de las entidades m\u00e1s expuestas a los fen\u00f3menos de lluvias e inundaciones, aunque otras entidades sin costas tambi\u00e9n las han padecido como San Luis Potos\u00ed, Puebla e Hidalgo.<\/p>\n<p align=\"center\"><b>CNTE<\/b><\/p>\n<p>Los profesores de la Coordinadora Nacional de Trabajadores de la Educaci\u00f3n no desisten en su prop\u00f3sito de establecer un acuerdo que los beneficie con el gobierno federal, para atenuar la reforma educativa.<\/p>\n<p>Es cierto que los desplazamientos y movilizaciones ya no se presentan como las semanas anteriores, pero siguen causando caos con sus marchas por distintas partes de la capital del pa\u00eds.<\/p>\n<p>La reforma educativa ya fue aprobada por el Congreso y entr\u00f3 en vigor desde la semana pasada, cuando fue publicada, pero los profesores de la CNTE no ceden en su pretensi\u00f3n de modificar algunos de sus aspectos, por lo que continuar\u00e1n con sus protestas en el Distrito Federal y otras zonas del pa\u00eds.<\/p>\n<p align=\"center\"><b>CANDIDATOS INDEPENDIENTES<\/b><\/p>\n<p>Finalmente, la C\u00e1mara de Diputados aprob\u00f3 la reforma, mediante la que podr\u00e1n postularse candidatos independientes en las distintas entidades del pa\u00eds.<\/p>\n<p>De esa manera ya no se requerir\u00e1 del aval de un partido para postularse a un cargo de elecci\u00f3n popular en los \u00e1mbitos local y municipal.<\/p>\n<p>Este precepto ya se encuentra en vigor en algunas entidades del pa\u00eds, como Yucat\u00e1n y Zacatecas, pioneros en este rubro.<\/p>\n<p>Incluso, en Zacatecas, gobierna desde el pasado 15 de septiembre el primer alcalde que gan\u00f3 una elecci\u00f3n como candidato independiente, al margen de los partidos pol\u00edticos.<\/p>\n<p><em><a href=\"mailto:ramonzurita44@hotmail.com\" target=\"_blank\">ramonzurita44@hotmail.com<br \/>\n<\/a><a href=\"mailto:zurita_sahagun@hotmail.com\" target=\"_blank\">zurita_sahagun@hotmail.com<\/a><\/em><\/p>\n","protected":false},"excerpt":{"rendered":"<p><span style=\"color: #005497;\"><strong>Ram\u00f3n Zurita Sahag\u00fan<\/strong><\/span><\/p>\n","protected":false},"author":3,"featured_media":0,"comment_status":"open","ping_status":"open","sticky":false,"template":"","format":"standard","meta":{"_monsterinsights_skip_tracking":false,"_monsterinsights_sitenote_active":false,"_monsterinsights_sitenote_note":"","_monsterinsights_sitenote_category":0,"footnotes":""},"categories":[234],"tags":[7473,16796,304,43674,43687],"class_list":["post-148022","post","type-post","status-publish","format-standard","hentry","category-ramon-zurita-sahagun","tag-cnte","tag-contingencia","tag-de-frente-y-de-perfil","tag-opinion","tag-ramon-zurita-sahagun"],"_links":{"self":[{"href":"https:\/\/www.diarioimagen.net\/index.php?rest_route=\/wp\/v2\/posts\/148022","targetHints":{"allow":["GET"]}}],"collection":[{"href":"https:\/\/www.diarioimagen.net\/index.php?rest_route=\/wp\/v2\/posts"}],"about":[{"href":"https:\/\/www.diarioimagen.net\/index.php?rest_route=\/wp\/v2\/types\/post"}],"author":[{"embeddable":true,"href":"https:\/\/www.diarioimagen.net\/index.php?rest_route=\/wp\/v2\/users\/3"}],"replies":[{"embeddable":true,"href":"https:\/\/www.diarioimagen.net\/index.php?rest_route=%2Fwp%2Fv2%2Fcomments&post=148022"}],"version-history":[{"count":0,"href":"https:\/\/www.diarioimagen.net\/index.php?rest_route=\/wp\/v2\/posts\/148022\/revisions"}],"wp:attachment":[{"href":"https:\/\/www.diarioimagen.net\/index.php?rest_route=%2Fwp%2Fv2%2Fmedia&parent=148022"}],"wp:term":[{"taxonomy":"category","embeddable":true,"href":"https:\/\/www.diarioimagen.net\/index.php?rest_route=%2Fwp%2Fv2%2Fcategories&post=148022"},{"taxonomy":"post_tag","embeddable":true,"href":"https:\/\/www.diarioimagen.net\/index.php?rest_route=%2Fwp%2Fv2%2Ftags&post=148022"}],"curies":[{"name":"wp","href":"https:\/\/api.w.org\/{rel}","templated":true}]}}