{"id":148677,"date":"2013-09-26T00:06:37","date_gmt":"2013-09-26T05:06:37","guid":{"rendered":"http:\/\/www.diarioimagen.net\/?p=148677"},"modified":"2013-09-27T03:49:29","modified_gmt":"2013-09-27T08:49:29","slug":"pena-nieto-no-se-permitira-el-intermediarismo-politico","status":"publish","type":"post","link":"https:\/\/www.diarioimagen.net\/?p=148677","title":{"rendered":"Pe\u00f1a Nieto: no se permitir\u00e1 el intermediarismo pol\u00edtico"},"content":{"rendered":"<ul>\n<li><strong><em>El Presidente instruye a evitar que presuntos l\u00edderes de comunidades o familias lucren con la necesidad humana<\/em> <\/strong><\/li>\n<\/ul>\n<h6>Roberto Vizca\u00edno<\/h6>\n<div id=\"attachment_148711\" style=\"width: 250px\" class=\"wp-caption alignleft\"><a href=\"http:\/\/www.diarioimagen.net\/wp-content\/uploads\/2013\/09\/epn-2194.jpg\"><img loading=\"lazy\" decoding=\"async\" aria-describedby=\"caption-attachment-148711\" class=\"size-medium wp-image-148711\" alt=\"El presidente Enrique Pe\u00f1a Nieto mont\u00f3 una guardia de honor ante los f\u00e9retros de los polic\u00edas federales ca\u00eddos en el cumplimiento del deber en la Costa Grande de Guerrero.\" src=\"http:\/\/www.diarioimagen.net\/wp-content\/uploads\/2013\/09\/epn-2194-240x146.jpg\" width=\"240\" height=\"146\" srcset=\"https:\/\/www.diarioimagen.net\/wp-content\/uploads\/2013\/09\/epn-2194-240x146.jpg 240w, https:\/\/www.diarioimagen.net\/wp-content\/uploads\/2013\/09\/epn-2194-420x256.jpg 420w, https:\/\/www.diarioimagen.net\/wp-content\/uploads\/2013\/09\/epn-2194.jpg 700w\" sizes=\"auto, (max-width: 240px) 100vw, 240px\" \/><\/a><p id=\"caption-attachment-148711\" class=\"wp-caption-text\">El presidente Enrique Pe\u00f1a Nieto mont\u00f3 una guardia de honor ante los f\u00e9retros de los polic\u00edas federales ca\u00eddos en el cumplimiento del deber en la Costa Grande de Guerrero.<\/p><\/div>\n<p>Ante 16 gobernadores de estados afectados por <i>Manuel<\/i> e <i>Ingrid<\/i>, y frente a los miembros de su gabinete que intervienen en las tareas de atenci\u00f3n, rescate y rehabilitaci\u00f3n de zonas afectadas en al menos 21 estados -4 de ellos con da\u00f1os graves-, el presidente Enrique Pe\u00f1a Nieto advirti\u00f3 ayer desde Palacio Nacional:<\/p>\n<p>\u201cNo permitiremos que se lucre con la necesidad y con la emergencia, evitaremos el intermediarismo pol\u00edtico de aquellos liderazgos que pretendan erigirse en gestores de algunas comunidades o de algunas familias afectadas.\u201d<\/p>\n<p>Y, consciente de que sus palabras llegar\u00e1n hasta los afectados, les pidi\u00f3 a \u00e9stos crear comit\u00e9s de vigilancia y acudir a los mecanismos de denuncia p\u00fablica, para que interpongan de inmediato sus quejas en caso de que detecten desviaciones en la aplicaci\u00f3n de los recursos de reconstrucci\u00f3n.<\/p>\n<p>De entrada, estos recursos sumar\u00e1n 17 mil millones de pesos -12 mil provenientes del Fondo de Desastres Naturales, y 5 mil del programa de pavimentaci\u00f3n- que se aplicar\u00e1n sin mayores tr\u00e1mites principalmente en los estados m\u00e1s afectados, especialmente en Guerrero, el m\u00e1s da\u00f1ado de todos.<\/p>\n<p>Y agreg\u00f3:<\/p>\n<p>\u201cPara evitar desviaciones e intermediaciones, reitero que el apoyo se otorgar\u00e1 directamente a familia por familia, de casa en casa de los afectados\u2026<\/p>\n<p>\u201cTenemos que garantizar que los apoyos del gobierno federal, sumados a los que los estados eventualmente est\u00e9n otorgando, vayan directamente a las familias afectadas y eso implica hacer un esfuerzo todav\u00eda mayor de transparencia y de rendici\u00f3n de cuentas\u201d.<\/p>\n<p>El presidente Pe\u00f1a Nieto habl\u00f3 desde el sal\u00f3n de la tesorer\u00eda en Palacio Nacional, al concluir una reuni\u00f3n de evaluaci\u00f3n preliminar y de acciones de trabajo inmediatas respecto de las afectaciones dejadas por los huracanes <i>Ingrid<\/i> y <i>Manuel<\/i>, acto al que asistieron varios gobernadores y varios secretarios de Estado.<\/p>\n<p>Ah\u00ed, el mandatario pidi\u00f3 guardar un minuto de silencio en memoria de los 139 mexicanos fallecidos y de los 5 agentes federales que perecieron al caer su helic\u00f3ptero durante sus tareas de salvamento.<\/p>\n<p>Y reconoci\u00f3 que aun cuando la temporada de lluvias de este 2013 no ha concluido, las que se han tenido marcan a septiembre de este a\u00f1o como el de las m\u00e1s intensas y severas lluvias en 125 a\u00f1os, m\u00e1s que las que cayeron en 1955 que estaba considerado como el a\u00f1o r\u00e9cord, dijo.<\/p>\n<p>Indic\u00f3 que producto de todo esto ha instruido que se elabore un Atlas Nacional de Riesgos que servir\u00e1 para tomar previsiones que permitan mitigar los efectos de estos eventos en el futuro, pero sobre todo prevenirlos.<\/p>\n<p align=\"center\"><b>Homenaje a polic\u00edas ca\u00eddos<\/b><\/p>\n<p>Por la ma\u00f1ana, el presidente Enrique Pe\u00f1a Nieto encabez\u00f3 el homenaje a los cinco elementos de la Polic\u00eda Federal que fallecieron en un accidente a\u00e9reo en Guerrero, lo que signific\u00f3 \u201cuna profunda p\u00e9rdida para M\u00e9xico y para esa instituci\u00f3n\u201d, se\u00f1al\u00f3.<\/p>\n<p>En el monumento al Polic\u00eda Ca\u00eddo, ubicado en el Centro de Mando de la corporaci\u00f3n en Iztapalapa y donde se colocaron cuatro f\u00e9retros flanqueados con arreglos florales, el mandatario tambi\u00e9n destac\u00f3 la labor humanitaria llevada a cabo en los \u00faltimos d\u00edas por personal de la Polic\u00eda Federal, el Ej\u00e9rcito y la Marina.<\/p>\n<p>Los polic\u00edas honrados murieron el 19 de septiembre, cuando se desplom\u00f3 el helic\u00f3ptero Black Hawk en el que llevaban v\u00edveres a la comunidad de La Pintada, en Atoyac de \u00c1lvarez, Guerrero, afectada por el paso de la entonces tormenta tropical Manuel.<\/p>\n<p>Durante el acto destacaron la labor de los capitanes Enrique Brice\u00f1o Mart\u00ednez, de 57 a\u00f1os de edad, y Desiderio Rosado Z\u00e1rate; de 43 a\u00f1os, piloto y copiloto, respectivamente.<\/p>\n<p>Asimismo, del mec\u00e1nico de vuelo Jos\u00e9 Ram\u00f3n Pel\u00e1ez Prado, de 37 a\u00f1os de edad, y de los elementos de operaciones especiales Julio C\u00e9sar Zarco Castro, de 29 a\u00f1os, e Isaac Escobar Bustamante, de 32.<\/p>\n<p>Pe\u00f1a Nieto expres\u00f3 a las familias de los fallecidos su \u201crespeto y admiraci\u00f3n\u201d por la labor de quienes \u201cno dudaron en dar un paso al frente\u201d para auxiliar a la poblaci\u00f3n de Guerrero en desgracia, a causa de los fen\u00f3menos hidrometeorol\u00f3gicos <i>Manuel<\/i> e <i>Ingrid<\/i>.<\/p>\n<p>&nbsp;<\/p>\n","protected":false},"excerpt":{"rendered":"<p><span style=\"color: #005497;\"><strong>Roberto Vizca\u00edno<\/strong><\/span><br \/>\n<br \/>\nAnte 16 gobernadores de estados afectados por <i>Manuel<\/i> e <i>Ingrid<\/i>, y frente a los miembros de su gabinete que intervienen en las tareas de atenci\u00f3n, rescate y rehabilitaci\u00f3n de zonas afectadas en al menos 21 estados -4 de ellos con da\u00f1os graves-, el presidente Enrique Pe\u00f1a Nieto advirti\u00f3 ayer desde Palacio Nacional:<\/p>\n","protected":false},"author":3,"featured_media":148711,"comment_status":"open","ping_status":"open","sticky":false,"template":"","format":"standard","meta":{"_monsterinsights_skip_tracking":false,"_monsterinsights_sitenote_active":false,"_monsterinsights_sitenote_note":"","_monsterinsights_sitenote_category":0,"footnotes":""},"categories":[17,3],"tags":[18,3244,28350,28349,43673,373,93],"class_list":["post-148677","post","type-post","status-publish","format-standard","has-post-thumbnail","hentry","category-especiales","category-nacional","tag-enrique-pena-nieto","tag-guerrero","tag-ingrid","tag-manuel","tag-nacional","tag-palacio-nacional","tag-roberto-vizcaino"],"_links":{"self":[{"href":"https:\/\/www.diarioimagen.net\/index.php?rest_route=\/wp\/v2\/posts\/148677","targetHints":{"allow":["GET"]}}],"collection":[{"href":"https:\/\/www.diarioimagen.net\/index.php?rest_route=\/wp\/v2\/posts"}],"about":[{"href":"https:\/\/www.diarioimagen.net\/index.php?rest_route=\/wp\/v2\/types\/post"}],"author":[{"embeddable":true,"href":"https:\/\/www.diarioimagen.net\/index.php?rest_route=\/wp\/v2\/users\/3"}],"replies":[{"embeddable":true,"href":"https:\/\/www.diarioimagen.net\/index.php?rest_route=%2Fwp%2Fv2%2Fcomments&post=148677"}],"version-history":[{"count":0,"href":"https:\/\/www.diarioimagen.net\/index.php?rest_route=\/wp\/v2\/posts\/148677\/revisions"}],"wp:featuredmedia":[{"embeddable":true,"href":"https:\/\/www.diarioimagen.net\/index.php?rest_route=\/wp\/v2\/media\/148711"}],"wp:attachment":[{"href":"https:\/\/www.diarioimagen.net\/index.php?rest_route=%2Fwp%2Fv2%2Fmedia&parent=148677"}],"wp:term":[{"taxonomy":"category","embeddable":true,"href":"https:\/\/www.diarioimagen.net\/index.php?rest_route=%2Fwp%2Fv2%2Fcategories&post=148677"},{"taxonomy":"post_tag","embeddable":true,"href":"https:\/\/www.diarioimagen.net\/index.php?rest_route=%2Fwp%2Fv2%2Ftags&post=148677"}],"curies":[{"name":"wp","href":"https:\/\/api.w.org\/{rel}","templated":true}]}}