{"id":148759,"date":"2013-09-26T12:17:31","date_gmt":"2013-09-26T17:17:31","guid":{"rendered":"http:\/\/www.diarioimagen.net\/?p=148759"},"modified":"2013-09-27T03:50:00","modified_gmt":"2013-09-27T08:50:00","slug":"matan-a-tres-menores-de-edad-en-menos-de-12-horas-en-cuernavaca","status":"publish","type":"post","link":"https:\/\/www.diarioimagen.net\/?p=148759","title":{"rendered":"Matan a tres menores de edad en menos de 12 horas en Cuernavaca"},"content":{"rendered":"<ul>\n<li><em><strong>Uno de los ataques tuvo lugar en una taquer\u00eda, donde falleci\u00f3 un joven. El otro ocurri\u00f3 en un deportivo, donde cuatro mujeres salieron ilesas<\/strong><\/em><\/li>\n<\/ul>\n<div id=\"attachment_148760\" style=\"width: 250px\" class=\"wp-caption alignleft\"><a href=\"http:\/\/www.diarioimagen.net\/wp-content\/uploads\/2013\/09\/MENORES-PORTAL.jpg\"><img loading=\"lazy\" decoding=\"async\" aria-describedby=\"caption-attachment-148760\" class=\"size-medium wp-image-148760\" alt=\"La tarde de ayer, un comando atac\u00f3 a un grupo de j\u00f3venes menores de edad que platicaban y jugaban en el deportivo \u201cAlfonso Sandoval Camu\u00f1as\u201d. Cuatro mujeres salieron ilesas y los dos menores varones fueron asesinados.\" src=\"http:\/\/www.diarioimagen.net\/wp-content\/uploads\/2013\/09\/MENORES-PORTAL-240x135.jpg\" width=\"240\" height=\"135\" srcset=\"https:\/\/www.diarioimagen.net\/wp-content\/uploads\/2013\/09\/MENORES-PORTAL-240x135.jpg 240w, https:\/\/www.diarioimagen.net\/wp-content\/uploads\/2013\/09\/MENORES-PORTAL-420x236.jpg 420w, https:\/\/www.diarioimagen.net\/wp-content\/uploads\/2013\/09\/MENORES-PORTAL-235x132.jpg 235w, https:\/\/www.diarioimagen.net\/wp-content\/uploads\/2013\/09\/MENORES-PORTAL-202x114.jpg 202w, https:\/\/www.diarioimagen.net\/wp-content\/uploads\/2013\/09\/MENORES-PORTAL-350x196.jpg 350w, https:\/\/www.diarioimagen.net\/wp-content\/uploads\/2013\/09\/MENORES-PORTAL-220x123.jpg 220w, https:\/\/www.diarioimagen.net\/wp-content\/uploads\/2013\/09\/MENORES-PORTAL-237x132.jpg 237w, https:\/\/www.diarioimagen.net\/wp-content\/uploads\/2013\/09\/MENORES-PORTAL.jpg 480w\" sizes=\"auto, (max-width: 240px) 100vw, 240px\" \/><\/a><p id=\"caption-attachment-148760\" class=\"wp-caption-text\">La tarde de ayer, un comando atac\u00f3 a un grupo de j\u00f3venes menores de edad que platicaban y jugaban en el deportivo \u201cAlfonso Sandoval Camu\u00f1as\u201d. Cuatro mujeres salieron ilesas y los dos menores varones fueron asesinados.<\/p><\/div>\n<p>En menos de 12 horas tres menores de edad fueron asesinados en Cuernavaca, dos de ellos en un campo deportivo y uno m\u00e1s en una taquer\u00eda.<\/p>\n<p>La \u00faltima balacera se registr\u00f3 en la taquer\u00eda \u201cEl Chaparrito\u201d, ubicada en la calle Nueva Inglaterra de la colonia Lomas de Cort\u00e9s. Ah\u00ed dos personas fueron atacadas a balazos, y uno de ellos falleci\u00f3 en el lugar de los hechos.<\/p>\n<p>Sin embargo, en esta escalada de violencia no se han esclarecido las causas o el m\u00f3vil de estos homicidios, ni se ha detenido a alg\u00fan responsable.<\/p>\n<p>El hecho se registr\u00f3 a las 23:20 horas del mi\u00e9rcoles, cuando los empleados observaron a un hombre armado que se acerc\u00f3 a dos clientes y les comenz\u00f3 a disparar.<\/p>\n<p>En el lugar quedaron como evidencia varios casquillos calibre 38 s\u00faper, los cuales quedaron tirados en el interior y afuera del negocio.<\/p>\n<p>El asesino sali\u00f3 de la taquer\u00eda y al parecer abord\u00f3 un autom\u00f3vil en donde lo esperaban \u00e9l o sus c\u00f3mplices.<\/p>\n<p>Al llegar, los param\u00e9dicos atendieron a los afectados. Uno de ellos, de nombre Gerardo Cuadros Zepeda, de 17 a\u00f1os, ya hab\u00eda fallecido de dos impactos de bala en el cuello y en la mejilla.<\/p>\n","protected":false},"excerpt":{"rendered":"<p>En menos de 12 horas tres menores de edad fueron asesinados en Cuernavaca, dos de ellos en un campo deportivo y uno m\u00e1s en una taquer\u00eda.<\/p>\n","protected":false},"author":5,"featured_media":148760,"comment_status":"open","ping_status":"open","sticky":false,"template":"","format":"standard","meta":{"_monsterinsights_skip_tracking":false,"_monsterinsights_sitenote_active":false,"_monsterinsights_sitenote_note":"","_monsterinsights_sitenote_category":0,"footnotes":""},"categories":[7],"tags":[835,18614,8203],"class_list":["post-148759","post","type-post","status-publish","format-standard","has-post-thumbnail","hentry","category-seguridad","tag-cuernavaca","tag-matan","tag-menores"],"_links":{"self":[{"href":"https:\/\/www.diarioimagen.net\/index.php?rest_route=\/wp\/v2\/posts\/148759","targetHints":{"allow":["GET"]}}],"collection":[{"href":"https:\/\/www.diarioimagen.net\/index.php?rest_route=\/wp\/v2\/posts"}],"about":[{"href":"https:\/\/www.diarioimagen.net\/index.php?rest_route=\/wp\/v2\/types\/post"}],"author":[{"embeddable":true,"href":"https:\/\/www.diarioimagen.net\/index.php?rest_route=\/wp\/v2\/users\/5"}],"replies":[{"embeddable":true,"href":"https:\/\/www.diarioimagen.net\/index.php?rest_route=%2Fwp%2Fv2%2Fcomments&post=148759"}],"version-history":[{"count":0,"href":"https:\/\/www.diarioimagen.net\/index.php?rest_route=\/wp\/v2\/posts\/148759\/revisions"}],"wp:featuredmedia":[{"embeddable":true,"href":"https:\/\/www.diarioimagen.net\/index.php?rest_route=\/wp\/v2\/media\/148760"}],"wp:attachment":[{"href":"https:\/\/www.diarioimagen.net\/index.php?rest_route=%2Fwp%2Fv2%2Fmedia&parent=148759"}],"wp:term":[{"taxonomy":"category","embeddable":true,"href":"https:\/\/www.diarioimagen.net\/index.php?rest_route=%2Fwp%2Fv2%2Fcategories&post=148759"},{"taxonomy":"post_tag","embeddable":true,"href":"https:\/\/www.diarioimagen.net\/index.php?rest_route=%2Fwp%2Fv2%2Ftags&post=148759"}],"curies":[{"name":"wp","href":"https:\/\/api.w.org\/{rel}","templated":true}]}}