{"id":148870,"date":"2013-09-27T17:00:25","date_gmt":"2013-09-27T22:00:25","guid":{"rendered":"http:\/\/www.diarioimagen.net\/?p=148870"},"modified":"2013-09-30T04:33:09","modified_gmt":"2013-09-30T09:33:09","slug":"se-refuerza-el-dialogo-politico-y-se-impulsa-la-relacion-entre-mexico-y-suecia","status":"publish","type":"post","link":"https:\/\/www.diarioimagen.net\/?p=148870","title":{"rendered":"Se refuerza el di\u00e1logo pol\u00edtico y se impulsa la relaci\u00f3n entre M\u00e9xico y Suecia"},"content":{"rendered":"<ul>\n<li><em><strong>El Presidente Enrique Pe\u00f1a Nieto recibi\u00f3 al Primer Ministro del Reino de Suecia, Fredrik Reinfeldt, quien realiza una Visita de Trabajo a M\u00e9xico.<\/strong><\/em><\/li>\n<li><em><strong>Ambos mandatarios manifestaron el inter\u00e9s en refrendar los lazos de amistad, econ\u00f3micos, culturales y de cooperaci\u00f3n entre los dos pa\u00edses.<\/strong><\/em><\/li>\n<li><em><strong>El Primer Ministro sueco dijo al Presidente Pe\u00f1a Nieto: \u201csu agenda de reformas ha atra\u00eddo la atenci\u00f3n hacia M\u00e9xico fuera de sus fronteras\u201d.<\/strong><\/em><\/li>\n<\/ul>\n<div id=\"attachment_148871\" style=\"width: 250px\" class=\"wp-caption alignleft\"><a href=\"http:\/\/www.diarioimagen.net\/wp-content\/uploads\/2013\/09\/epn.jpg\"><img loading=\"lazy\" decoding=\"async\" aria-describedby=\"caption-attachment-148871\" class=\" wp-image-148871 \" alt=\"El Presidente Pe\u00f1a Nieto y el Primer Ministro Reinfeldt firmaron una Declaraci\u00f3n Conjunta que pone de manifiesto el inter\u00e9s en refrendar los lazos de amistad, econ\u00f3micos, culturales y de cooperaci\u00f3n entre ambos pa\u00edses\" src=\"http:\/\/www.diarioimagen.net\/wp-content\/uploads\/2013\/09\/epn-400x420.jpg\" width=\"240\" height=\"252\" srcset=\"https:\/\/www.diarioimagen.net\/wp-content\/uploads\/2013\/09\/epn-400x420.jpg 400w, https:\/\/www.diarioimagen.net\/wp-content\/uploads\/2013\/09\/epn-229x240.jpg 229w, https:\/\/www.diarioimagen.net\/wp-content\/uploads\/2013\/09\/epn.jpg 668w\" sizes=\"auto, (max-width: 240px) 100vw, 240px\" \/><\/a><p id=\"caption-attachment-148871\" class=\"wp-caption-text\">El Presidente Pe\u00f1a Nieto y el Primer Ministro Reinfeldt firmaron una Declaraci\u00f3n Conjunta que pone de manifiesto el inter\u00e9s en refrendar los lazos de amistad, econ\u00f3micos, culturales y de cooperaci\u00f3n entre ambos pa\u00edses<\/p><\/div>\n<p>El Presidente de la Rep\u00fablica, Enrique Pe\u00f1a Nieto, recibi\u00f3 en el Palacio Nacional al Primer Ministro del Reino de Suecia, Fredrik Reinfeldt, quien realiza una Visita de Trabajo a nuestro pa\u00eds con el prop\u00f3sito de reforzar el di\u00e1logo pol\u00edtico bilateral y dar un impulso a la relaci\u00f3n entre ambas naciones.<\/p>\n<p>Ambos l\u00edderes sostuvieron una reuni\u00f3n, acompa\u00f1ados por sus comitivas, para abordar los principales temas de la agenda bilateral, e identificaron aquellos rubros en los cuales es posible concretar nuevos proyectos de cooperaci\u00f3n.<\/p>\n<p>Los mandatarios destacaron las oportunidades que ofrece la relaci\u00f3n econ\u00f3mica en virtud de la complementariedad comercial en industrias como la automotriz, de telecomunicaciones y aeroespacial. El comercio bilateral en 2012 fue de mil 392.1 millones de d\u00f3lares.<\/p>\n<p>Destacaron el excelente nivel que ha alcanzado la cooperaci\u00f3n bilateral en la promoci\u00f3n de iniciativas multilaterales en temas como cambio clim\u00e1tico, cooperaci\u00f3n para el desarrollo, derechos humanos y no proliferaci\u00f3n de armas nucleares.<\/p>\n<p>Al t\u00e9rmino de la reuni\u00f3n bilateral, el Presidente Pe\u00f1a Nieto y el Primer Ministro Reinfeldt firmaron una Declaraci\u00f3n Conjunta que pone de manifiesto el inter\u00e9s en refrendar los lazos de amistad, econ\u00f3micos, culturales y de cooperaci\u00f3n entre ambos pa\u00edses, al tiempo que establece el compromiso de alcanzar resultados tangibles en materias como cultura, educaci\u00f3n, ciencia, innovaci\u00f3n, turismo y comercio, entre otras.<\/p>\n<p>Adem\u00e1s, los mandatarios atestiguaron la firma de un acuerdo en materia de salud entre la Secretar\u00eda de Salud de M\u00e9xico y el Ministerio de Sanidad y de Asuntos Sociales de Suecia, y de un memor\u00e1ndum de entendimiento para facilitar cr\u00e9ditos a la exportaci\u00f3n entre el Banco Nacional de Comercio Exterior de M\u00e9xico (Bancomext) y la Comisi\u00f3n Sueca de Garant\u00eda de Cr\u00e9dito a las Exportaciones.<\/p>\n<p>Este memor\u00e1ndum de entendimiento es una declaraci\u00f3n de intenciones para cooperar y fortalecer a\u00fan m\u00e1s el apoyo a empresas exportadoras mexicanas y suecas, y se\u00f1ala tambi\u00e9n la intenci\u00f3n de ambos pa\u00edses de reactivar la cooperaci\u00f3n t\u00e9cnica y cient\u00edfica, retomando lo establecido por el memor\u00e1ndum de entendimiento firmado por el Conacyt y el gobierno sueco en 2011.<\/p>\n<p>La visita m\u00e1s reciente de un Primer Ministro de Suecia a M\u00e9xico fue la realizada por Olof Palme en febrero de 1984, durante el gobierno del entonces Presidente Miguel de la Madrid.<\/p>\n<p>Posterior a la reuni\u00f3n, el Presidente Pe\u00f1a Nieto y el Primer Ministro Reinfeldt dieron un mensaje a los medios de comunicaci\u00f3n. El Presidente de M\u00e9xico resalt\u00f3 que \u201cSuecia es un modelo de inspiraci\u00f3n a lo que aspiramos los mexicanos\u201d.<\/p>\n<p>A\u00f1adi\u00f3 que ese pa\u00eds, con oportunidad, \u201cimpuls\u00f3 reformas y ajustes estructurales que hicieron que hoy Suecia est\u00e9 teniendo un importante desarrollo\u201d. Destac\u00f3 que fue alentador escuchar del Primer Ministro Reinfeldt que en todo el proceso de reformas estructurales en su pa\u00eds \u201cno estuvo exento de resistencias de algunos grupos que se opon\u00edan, pero que hoy se ve materializado el avance y el desarrollo, precisamente a partir de esas reformas\u201d.<\/p>\n<p>Por su parte, el Primer Ministro Reinfeldt expres\u00f3 sus condolencias al pueblo para las familias y amigos de las v\u00edctimas de la contingencia en M\u00e9xico por los fen\u00f3menos clim\u00e1ticos.<\/p>\n<p>Resalt\u00f3 que Suecia y M\u00e9xico son \u201cdefensores del libre comercio, ambos estamos en el proceso de negociaci\u00f3n de una Asociaci\u00f3n Estrat\u00e9gica Trasatl\u00e1ntica y Transpac\u00edfica; estamos tratando de que se logren acuerdos para que conjuntamente podamos cubrir dos tercios del comercio mundial\u201d.<\/p>\n<p>A\u00f1adi\u00f3 que actualmente \u201ctenemos casi 160 compa\u00f1\u00edas suecas con actividades en el mercado mexicano, y por supuesto la gran mayor\u00eda ve con inter\u00e9s el nuevo poder adquisitivo que surge en el mercado y el mercado mexicano, especialmente ahora cuando en Europa los mercados est\u00e1n pasando por un momento problem\u00e1tico. Mi punto de vista es que esta visita fortalecer\u00e1 la cooperaci\u00f3n en distintos rubros\u201d.<\/p>\n<p>El Primer Ministro Reinfeldt hizo una invitaci\u00f3n al Presidente Pe\u00f1a Nieto para visitar Suecia.<\/p>\n<p style=\"text-align: center;\"><b>M\u00c9XICO Y SUECIA COMIENZAN NUEVA ETAPA EN SU RELACI\u00d3N, DE MAYOR COLABORACI\u00d3N Y ENTENDIMIENTO: ENRIQUE PE\u00d1A NIETO<\/b><\/p>\n<p>Posteriormente, en una comida ofrecida al Primer Ministro sueco, el Presidente Pe\u00f1a Nieto afirm\u00f3 que con esta visita de trabajo Suecia y M\u00e9xico \u201ccomienzan una nueva etapa en su relaci\u00f3n, una etapa de mayor colaboraci\u00f3n y entendimiento, de mayor corresponsabilidad y prosperidad compartida\u201d.<\/p>\n<p>Destac\u00f3 que a partir de una relaci\u00f3n bilateral fuerte, Suecia y M\u00e9xico tendr\u00e1n una mayor cohesi\u00f3n para trabajar juntos \u201cen la construcci\u00f3n de un mundo m\u00e1s pr\u00f3spero y justo, de un mundo m\u00e1s seguro y sustentable, que brinde a las nuevas generaciones la oportunidad de crecer y de desarrollarse a plenitud\u201d.<\/p>\n<p>En la comida, a la que asistieron empresarios mexicanos, legisladores y embajadores, realizada en el sal\u00f3n Tesorer\u00eda del Palacio Nacional, el Primer Mandatario de M\u00e9xico inform\u00f3 que el productivo encuentro que sostuvo con el jefe de Gobierno sueco y el importante contingente empresarial que le acompa\u00f1a, son se\u00f1ales claras del inter\u00e9s mutuo por refrendar los lazos pol\u00edticos, econ\u00f3micos, comerciales y de colaboraci\u00f3n entre ambas naciones. Los acuerdos y memor\u00e1ndums firmados, dijo, \u201cson pasos en la direcci\u00f3n correcta para revitalizar y fortalecer nuestros v\u00ednculos\u201d.<\/p>\n<p style=\"text-align: center;\"><b>EL PRESIDENTE DE M\u00c9XICO Y LA SOCIEDAD MEXICANA EST\u00c1N LLENOS DE DINAMISMO: FREDRIK REINFELDT<\/b><\/p>\n<p>El Primer Ministro del Reino de Suecia, Fredrik Reinfeldt, afirm\u00f3 que el Presidente Pe\u00f1a Nieto y la sociedad mexicana est\u00e1n llenos de dinamismo, de energ\u00eda y tiene un inmenso potencial para mayor crecimiento econ\u00f3mico.<\/p>\n<p>Al Presidente Enrique Pe\u00f1a Nieto le dijo que su agenda de reformas \u201cha atra\u00eddo la atenci\u00f3n hacia M\u00e9xico fuera de sus fronteras, incluso por parte de la comunidad empresarial sueca, que est\u00e1 aqu\u00ed\u201d.<\/p>\n<p>Indic\u00f3 que el comercio es esencial para Suecia, ya que el 50 por ciento de su Producto Interno Bruto proviene de exportaciones. Por tanto, expres\u00f3, \u201ces important\u00edsimo para nosotros tener presencia fuerte en mercados din\u00e1micos y tan importantes, como el mercado mexicano\u201d.<\/p>\n<p>Record\u00f3 que las relaciones bilaterales entre Suecia y M\u00e9xico se remontan a la historia, la apertura de su Consulado en Veracruz en 1850. \u201cDesde esa \u00e9poca nuestras relaciones se han intensificado y profundizado\u201d, dijo finalmente.<\/p>\n","protected":false},"excerpt":{"rendered":"<p>El Presidente de la Rep\u00fablica, Enrique Pe\u00f1a Nieto, recibi\u00f3 en el Palacio Nacional al Primer Ministro del Reino de Suecia, Fredrik Reinfeldt, quien realiza una Visita de Trabajo a nuestro pa\u00eds con el prop\u00f3sito de reforzar el di\u00e1logo pol\u00edtico bilateral y dar un impulso a la relaci\u00f3n entre ambas naciones. Ambos l\u00edderes sostuvieron una reuni\u00f3n, acompa\u00f1ados por sus comitivas, para abordar los principales temas de la agenda bilateral, e identificaron aquellos rubros en los cuales es posible concretar nuevos proyectos de cooperaci\u00f3n.<\/p>\n","protected":false},"author":1,"featured_media":148872,"comment_status":"open","ping_status":"open","sticky":false,"template":"","format":"standard","meta":{"_monsterinsights_skip_tracking":false,"_monsterinsights_sitenote_active":false,"_monsterinsights_sitenote_note":"","_monsterinsights_sitenote_category":0,"footnotes":""},"categories":[17,3],"tags":[18,43673,373,3163],"class_list":["post-148870","post","type-post","status-publish","format-standard","has-post-thumbnail","hentry","category-especiales","category-nacional","tag-enrique-pena-nieto","tag-nacional","tag-palacio-nacional","tag-suecia"],"_links":{"self":[{"href":"https:\/\/www.diarioimagen.net\/index.php?rest_route=\/wp\/v2\/posts\/148870","targetHints":{"allow":["GET"]}}],"collection":[{"href":"https:\/\/www.diarioimagen.net\/index.php?rest_route=\/wp\/v2\/posts"}],"about":[{"href":"https:\/\/www.diarioimagen.net\/index.php?rest_route=\/wp\/v2\/types\/post"}],"author":[{"embeddable":true,"href":"https:\/\/www.diarioimagen.net\/index.php?rest_route=\/wp\/v2\/users\/1"}],"replies":[{"embeddable":true,"href":"https:\/\/www.diarioimagen.net\/index.php?rest_route=%2Fwp%2Fv2%2Fcomments&post=148870"}],"version-history":[{"count":0,"href":"https:\/\/www.diarioimagen.net\/index.php?rest_route=\/wp\/v2\/posts\/148870\/revisions"}],"wp:featuredmedia":[{"embeddable":true,"href":"https:\/\/www.diarioimagen.net\/index.php?rest_route=\/wp\/v2\/media\/148872"}],"wp:attachment":[{"href":"https:\/\/www.diarioimagen.net\/index.php?rest_route=%2Fwp%2Fv2%2Fmedia&parent=148870"}],"wp:term":[{"taxonomy":"category","embeddable":true,"href":"https:\/\/www.diarioimagen.net\/index.php?rest_route=%2Fwp%2Fv2%2Fcategories&post=148870"},{"taxonomy":"post_tag","embeddable":true,"href":"https:\/\/www.diarioimagen.net\/index.php?rest_route=%2Fwp%2Fv2%2Ftags&post=148870"}],"curies":[{"name":"wp","href":"https:\/\/api.w.org\/{rel}","templated":true}]}}