{"id":149053,"date":"2013-10-01T00:05:34","date_gmt":"2013-10-01T05:05:34","guid":{"rendered":"http:\/\/www.diarioimagen.net\/?p=149053"},"modified":"2013-10-02T04:50:28","modified_gmt":"2013-10-02T09:50:28","slug":"el-27-de-abril-de-2014-canonizan-a-juan-pablo-ii-y-juan-xxiii","status":"publish","type":"post","link":"https:\/\/www.diarioimagen.net\/?p=149053","title":{"rendered":"El 27 de abril de 2014 canonizan a Juan Pablo II y Juan XXIII"},"content":{"rendered":"<ul>\n<li><em><strong>Ese d\u00eda se celebra la fiesta de la Divina Misericordia, instituida por el Pont\u00edfice viajero, tras hacer santa a la monja Faustina Kowalska<\/strong><\/em><\/li>\n<\/ul>\n<div id=\"attachment_149054\" style=\"width: 250px\" class=\"wp-caption alignleft\"><a href=\"http:\/\/www.diarioimagen.net\/wp-content\/uploads\/2013\/09\/papa-canonizacion.jpg\"><img loading=\"lazy\" decoding=\"async\" aria-describedby=\"caption-attachment-149054\" class=\"size-medium wp-image-149054\" alt=\"La santificaci\u00f3n de Juan Pablo II y Juan XXIII se produce en el 50 aniversario de la apertura del Concilio Vaticano II.\" src=\"http:\/\/www.diarioimagen.net\/wp-content\/uploads\/2013\/09\/papa-canonizacion-240x135.jpg\" width=\"240\" height=\"135\" srcset=\"https:\/\/www.diarioimagen.net\/wp-content\/uploads\/2013\/09\/papa-canonizacion-240x135.jpg 240w, https:\/\/www.diarioimagen.net\/wp-content\/uploads\/2013\/09\/papa-canonizacion-420x236.jpg 420w, https:\/\/www.diarioimagen.net\/wp-content\/uploads\/2013\/09\/papa-canonizacion-235x132.jpg 235w, https:\/\/www.diarioimagen.net\/wp-content\/uploads\/2013\/09\/papa-canonizacion-202x114.jpg 202w, https:\/\/www.diarioimagen.net\/wp-content\/uploads\/2013\/09\/papa-canonizacion-350x196.jpg 350w, https:\/\/www.diarioimagen.net\/wp-content\/uploads\/2013\/09\/papa-canonizacion-220x123.jpg 220w, https:\/\/www.diarioimagen.net\/wp-content\/uploads\/2013\/09\/papa-canonizacion-237x132.jpg 237w, https:\/\/www.diarioimagen.net\/wp-content\/uploads\/2013\/09\/papa-canonizacion.jpg 480w\" sizes=\"auto, (max-width: 240px) 100vw, 240px\" \/><\/a><p id=\"caption-attachment-149054\" class=\"wp-caption-text\">La santificaci\u00f3n de Juan Pablo II y Juan XXIII se produce en el 50 aniversario de la apertura del Concilio Vaticano II.<\/p><\/div>\n<p>Los papas Juan Pablo II y Juan XXIII ser\u00e1n canonizados el 27 de abril de 2014 y se convertir\u00e1n as\u00ed en los otros dos pont\u00edfices proclamados santos en los \u00faltimos cien a\u00f1os junto con P\u00edo X (canonizado el 3 de septiembre de 1954).<\/p>\n<p>El anuncio lo hizo el papa Francisco en lat\u00edn, durante el consistorio celebrado ayer junto con los cardenales y durante el cual exalt\u00f3 la vida de ambos.<\/p>\n<p>El d\u00eda elegido por el Papa argentino es el primer domingo despu\u00e9s de las celebraciones de la Semana Santa, cuando la Iglesia cat\u00f3lica celebra la fiesta de la Divina Misericordia, instituida por Juan Pablo II, tras hacer santa a la monja polaca Faustina Kowalska en 2000, conocida como Santa Teresa de Jes\u00fas polaca.<\/p>\n<p>El camino hacia la santidad tiene varias fases: En los casos m\u00e1s tradicionales, primero es necesario ser nombrado Venerable Siervo de Dios, el t\u00edtulo que se da tras la muerte a quien se le reconoce haber vivido \u00ablas virtudes de manera heroica\u00bb.<\/p>\n<p>Despu\u00e9s, es necesario tras una especie de \u00abjuicio\u00bb que sea reconocido un milagro para ser proclamado beato y otro para la canonizaci\u00f3n, aunque el Papa puede saltarse alguno de estos pasos como en el caso de Juan XIII (1881-1963).<\/p>\n<p>La canonizaci\u00f3n de Juan Pablo II (1920-2005) ha llegado en tiempo r\u00e9cord, pero ha seguido todos los pasos marcados por la Iglesia, aunque Benedicto XVI retir\u00f3 una norma que sol\u00eda requerir un per\u00edodo de espera de cinco a\u00f1os antes de que pudieran iniciarse los tr\u00e1mites de canonizaci\u00f3n.<\/p>\n<p>La subida a los altares del Papa polaco, cuyo mandato dur\u00f3 casi 27 a\u00f1os, fue casi por aclamaci\u00f3n popular, tras el \u00absanto s\u00fabito\u00bb (santo ya) que reson\u00f3 durante d\u00edas en la Plaza de San Pedro del Vaticano.<\/p>\n<p>En mayo de 2011, la Congregaci\u00f3n para las Causas, el organismo del Vaticano que eval\u00faa a los candidatos a la santidad, eligi\u00f3 como primer milagro el caso de la monja francesa y enfermera Marie Simon Pierre, de 51 a\u00f1os, quien seg\u00fan la comisi\u00f3n m\u00e9dica se cur\u00f3 de manera inexplicable del mal de Parkinson.<\/p>\n<p>Los hechos se remontaban a 2005, dos meses despu\u00e9s de la muerte del Pont\u00edfice polaco. A la monja se le hab\u00eda diagnosticado Parkinson en 1988 y apenas pod\u00eda escribir y caminar.<\/p>\n<p>El 2 de junio de 2005, la monja pidi\u00f3 a su superiora que le relevara de sus funciones en el hospital donde prestaba sus servicios, pero su superiora la convenci\u00f3 para que pidiera a Juan Pablo II que le curara de su enfermedad.<\/p>\n<p>Seg\u00fan la versi\u00f3n de la monja, a la ma\u00f1ana siguiente el mal hab\u00eda desaparecido.<\/p>\n<p>En cuanto a Juan XXIII, el papa Francisco, que en sus seis meses de pontificado ha resaltado en numerosas ocasiones la figura del \u00abPapa bueno\u00bb, sorprendi\u00f3 el 5 de julio pasado al anunciar que lo proclamar\u00eda santo sin esperar ese milagro, en una decisi\u00f3n in\u00e9dita.<\/p>\n<p>El portavoz vaticano, Federico Lombardi, afirm\u00f3 que Francisco, en el caso de Juan XXIII, no tiene dudas de su santidad.<\/p>\n<p>\u00abConocemos todos las virtudes y la personalidad del papa Roncalli, no es necesario explicar los motivos de su santidad\u00bb, dijo Lombardi, que precis\u00f3 que ello no quiere decir que a partir de ahora todos los beatos sean canonizados sin un segundo milagro.<\/p>\n<p>El arzobispo Loris Capovilla, de 95 a\u00f1os, que fue secretario privado de Juan XXIII, dijo que no le hab\u00eda sorprendido la decisi\u00f3n de Francisco, ya que el \u00abPapa bueno\u00bb era un hombre sencillo, humilde y obediente, y asegur\u00f3 que la canonizaci\u00f3n ser\u00e1 \u00abla gran fiesta\u00bb del Concilio Ecum\u00e9nico Vaticano II.<\/p>\n<p>La santificaci\u00f3n de Juan Pablo II y Juan XXIII se produce en el 50 aniversario de la apertura del Concilio Vaticano II, convocado por Roncalli, que siempre goz\u00f3 de la devoci\u00f3n de los fieles.<\/p>\n<p>Se da el caso de que Juan XXIII fue beatificado junto al papa P\u00edo IX, el pol\u00e9mico \u00faltimo papa-rey (1792-1878, elegido papa en 1846).<\/p>\n<p>La beatificaci\u00f3n conjunta levant\u00f3 una fuerte pol\u00e9mica en sectores de la Iglesia, que consideraron que se comete una injusticia con el papa Roncalli al colocarle en el mismo nivel que a P\u00edo IX.<\/p>\n<p>Y es que seg\u00fan estos sectores, fueron dos pont\u00edfices de pensamientos opuestos y mientras Juan XXIII con el Concilio Vaticano II abri\u00f3 la Iglesia al mundo y a los humildes, P\u00edo IX se opuso a las conquistas sociales de su \u00e9poca, a la modernidad y al \u00abrisorgimento\u00bb que llev\u00f3 a la unidad de Italia y fue antisemita.<\/p>\n<p>En esta ocasi\u00f3n, Juan XXIII ser\u00e1 proclamado santo junto a otro papa, Wojtyla, el pont\u00edfice m\u00e1s medi\u00e1tico de la historia de la Iglesia, de una personalidad arrolladora y observadores vaticanos aseguraron hoy que de nuevo, aunque por otra causa, el \u00abPapa bueno\u00bb quedar\u00e1 \u00abeclipsado\u00bb.<\/p>\n","protected":false},"excerpt":{"rendered":"<p>Los papas Juan Pablo II y Juan XXIII ser\u00e1n canonizados el 27 de abril de 2014 y se convertir\u00e1n as\u00ed en los otros dos pont\u00edfices proclamados santos en los \u00faltimos cien a\u00f1os junto con P\u00edo X (canonizado el 3 de septiembre de 1954). El anuncio lo hizo el papa Francisco en lat\u00edn, durante el consistorio celebrado ayer junto con los cardenales y durante el cual exalt\u00f3 la vida de ambos.<\/p>\n","protected":false},"author":1,"featured_media":149054,"comment_status":"open","ping_status":"open","sticky":false,"template":"","format":"standard","meta":{"_monsterinsights_skip_tracking":false,"_monsterinsights_sitenote_active":false,"_monsterinsights_sitenote_note":"","_monsterinsights_sitenote_category":0,"footnotes":""},"categories":[17,9],"tags":[844,28506,43679,845],"class_list":["post-149053","post","type-post","status-publish","format-standard","has-post-thumbnail","hentry","category-especiales","category-mundo","tag-juan-pablo-ii","tag-juan-xxiii","tag-mundo","tag-vaticano"],"_links":{"self":[{"href":"https:\/\/www.diarioimagen.net\/index.php?rest_route=\/wp\/v2\/posts\/149053","targetHints":{"allow":["GET"]}}],"collection":[{"href":"https:\/\/www.diarioimagen.net\/index.php?rest_route=\/wp\/v2\/posts"}],"about":[{"href":"https:\/\/www.diarioimagen.net\/index.php?rest_route=\/wp\/v2\/types\/post"}],"author":[{"embeddable":true,"href":"https:\/\/www.diarioimagen.net\/index.php?rest_route=\/wp\/v2\/users\/1"}],"replies":[{"embeddable":true,"href":"https:\/\/www.diarioimagen.net\/index.php?rest_route=%2Fwp%2Fv2%2Fcomments&post=149053"}],"version-history":[{"count":0,"href":"https:\/\/www.diarioimagen.net\/index.php?rest_route=\/wp\/v2\/posts\/149053\/revisions"}],"wp:featuredmedia":[{"embeddable":true,"href":"https:\/\/www.diarioimagen.net\/index.php?rest_route=\/wp\/v2\/media\/149054"}],"wp:attachment":[{"href":"https:\/\/www.diarioimagen.net\/index.php?rest_route=%2Fwp%2Fv2%2Fmedia&parent=149053"}],"wp:term":[{"taxonomy":"category","embeddable":true,"href":"https:\/\/www.diarioimagen.net\/index.php?rest_route=%2Fwp%2Fv2%2Fcategories&post=149053"},{"taxonomy":"post_tag","embeddable":true,"href":"https:\/\/www.diarioimagen.net\/index.php?rest_route=%2Fwp%2Fv2%2Ftags&post=149053"}],"curies":[{"name":"wp","href":"https:\/\/api.w.org\/{rel}","templated":true}]}}