{"id":149214,"date":"2013-10-02T00:03:37","date_gmt":"2013-10-02T05:03:37","guid":{"rendered":"http:\/\/www.diarioimagen.net\/?p=149214"},"modified":"2013-10-02T04:22:07","modified_gmt":"2013-10-02T09:22:07","slug":"estados-unidos-nueva-republica-bananera","status":"publish","type":"post","link":"https:\/\/www.diarioimagen.net\/?p=149214","title":{"rendered":"Estados Unidos, nueva rep\u00fablica bananera"},"content":{"rendered":"<h2>Detr\u00e1s del Poder<\/h2>\n<h5>Jos\u00e9 Antonio L\u00f3pez Sosa<\/h5>\n<p><span><br \/>\nEstados Unidos cerr\u00f3 parcialmente la cortina del gobierno federal. Ante la decisi\u00f3n inamovible de los republicanos en la C\u00e1mara de Representantes de frenar la reforma de salud del presidente Barack Obama, prefirieron paralizar parte del gobierno federal que acordar con los dem\u00f3cratas.<\/span><\/p>\n<p>En una clara visi\u00f3n de la democracia de los radicales, donde se est\u00e1 de acuerdo \u00fanicamente en lo que se considera la verdad absoluta, mayoritearon para evitar aprobar el presupuesto para la administraci\u00f3n de Obama.<\/p>\n<p>Ellos mismos han llamado rep\u00fablicas bananeras aquellas que de un d\u00eda al otro no tienen dinero para cumplir sus obligaciones o tambi\u00e9n de forma emergente cierran sus operaciones gubernamentales ante las crisis o la falta de recursos, por ello se convirtieron ayer en la nueva rep\u00fablica bananera.<\/p>\n<p>Quienes tengan contratos con el gobierno de Estados Unidos deber\u00e1n esperar para tener su paga, quienes visiten sus museos y parques naturales deber\u00e1n hacerlo en otro momento, quienes lleguen a sus aeropuertos y fronteras padecer\u00e1n exponencialmente los tiempos de espera para las revisiones ante la disminuci\u00f3n de personal.<\/p>\n<p>Estamos frente a una clara muestra de c\u00f3mo el radicalismo puede frenar a una naci\u00f3n, no s\u00f3lo con marchas o bloqueos, sino tambi\u00e9n desde la institucionalidad de la democracia.<\/p>\n<p>Aquellos quienes acusan constantemente -muchas veces con raz\u00f3n- a nuestro pa\u00eds de ser un Estado fallido, al parecer hacen todo lo posible por imitar nuestros pasos, administrativamente hablando.<\/p>\n<p>\u00bfQu\u00e9 sigue pues para Estados Unidos?, seguramente un espect\u00e1culo en el Congreso, parecido a lo que sucede en los congresos de los pa\u00edses subdesarrollados, M\u00e9xico incluido, donde la incapacidad del buen uso de la pol\u00edtica afecta a millones de personas, entre las cuales evidentemente no se encuentran ni los representantes, ni los senadores, ni el propio presidente Obama. Algo as\u00ed como hacer la voluntad de Dios en los bueyes de mi compadre.<\/p>\n<p>Por lo que nos toca a los mexicanos, a esperar que los n\u00fameros no impacten nuestra econom\u00eda y a ser pacientes quienes viven en aquel pa\u00eds y quienes tienen que viajar hacia all\u00e1 en estos d\u00edas. Mi \u00faltima duda es, \u00bfemitir\u00e1 la titular de Turismo, Claudia Ru\u00edz Massieu o el secretario de Relaciones Exteriores, Jos\u00e9 Antonio Meade alguna alerta de viaje ante esta situaci\u00f3n que afecta a quienes viajen a los Estados Unidos?<\/p>\n<p><em><a href=\"mailto:lopez.sosa@mexico.com\" target=\"_blank\">lopez.sosa@mexico.com<\/a><\/em><br \/>\n<em><a href=\"http:\/\/twitter.com\/#%21\/joseantonio1977\" target=\"_blank\">@joseantonio1977<br \/>\n<\/a><\/em><em><a href=\"http:\/\/www.formulaconfidencial.com.mx\/\" target=\"_blank\">www.formulaconfidencial.com.mx<\/a><\/em><\/p>\n","protected":false},"excerpt":{"rendered":"<p><span style=\"color: #005497;\"><strong>Jos\u00e9 Antonio L\u00f3pez Sosa<\/strong><\/span><\/p>\n","protected":false},"author":3,"featured_media":0,"comment_status":"open","ping_status":"open","sticky":false,"template":"","format":"standard","meta":{"_monsterinsights_skip_tracking":false,"_monsterinsights_sitenote_active":false,"_monsterinsights_sitenote_note":"","_monsterinsights_sitenote_category":0,"footnotes":""},"categories":[637],"tags":[1754,638,177,43690,43674],"class_list":["post-149214","post","type-post","status-publish","format-standard","hentry","category-jose-antonio-lopez-sosa","tag-barack-obama","tag-detras-del-poder","tag-estados-unidos","tag-jose-antonio-lopez-sosa","tag-opinion"],"_links":{"self":[{"href":"https:\/\/www.diarioimagen.net\/index.php?rest_route=\/wp\/v2\/posts\/149214","targetHints":{"allow":["GET"]}}],"collection":[{"href":"https:\/\/www.diarioimagen.net\/index.php?rest_route=\/wp\/v2\/posts"}],"about":[{"href":"https:\/\/www.diarioimagen.net\/index.php?rest_route=\/wp\/v2\/types\/post"}],"author":[{"embeddable":true,"href":"https:\/\/www.diarioimagen.net\/index.php?rest_route=\/wp\/v2\/users\/3"}],"replies":[{"embeddable":true,"href":"https:\/\/www.diarioimagen.net\/index.php?rest_route=%2Fwp%2Fv2%2Fcomments&post=149214"}],"version-history":[{"count":0,"href":"https:\/\/www.diarioimagen.net\/index.php?rest_route=\/wp\/v2\/posts\/149214\/revisions"}],"wp:attachment":[{"href":"https:\/\/www.diarioimagen.net\/index.php?rest_route=%2Fwp%2Fv2%2Fmedia&parent=149214"}],"wp:term":[{"taxonomy":"category","embeddable":true,"href":"https:\/\/www.diarioimagen.net\/index.php?rest_route=%2Fwp%2Fv2%2Fcategories&post=149214"},{"taxonomy":"post_tag","embeddable":true,"href":"https:\/\/www.diarioimagen.net\/index.php?rest_route=%2Fwp%2Fv2%2Ftags&post=149214"}],"curies":[{"name":"wp","href":"https:\/\/api.w.org\/{rel}","templated":true}]}}