{"id":149268,"date":"2013-10-02T00:04:42","date_gmt":"2013-10-02T05:04:42","guid":{"rendered":"http:\/\/www.diarioimagen.net\/?p=149268"},"modified":"2013-10-02T04:45:24","modified_gmt":"2013-10-02T09:45:24","slug":"chocan-taxi-y-metrobus-saldo-de-siete-lesionados","status":"publish","type":"post","link":"https:\/\/www.diarioimagen.net\/?p=149268","title":{"rendered":"Chocan taxi y Metrob\u00fas; saldo de siete lesionados"},"content":{"rendered":"<ul>\n<li><strong><em>En Insurgentes Sur<\/em><\/strong><\/li>\n<\/ul>\n<div id=\"attachment_149304\" style=\"width: 250px\" class=\"wp-caption alignleft\"><a href=\"http:\/\/www.diarioimagen.net\/wp-content\/uploads\/2013\/10\/METROBUS-2198.jpg\"><img loading=\"lazy\" decoding=\"async\" aria-describedby=\"caption-attachment-149304\" class=\"size-medium wp-image-149304\" alt=\"Un auto de alquiler se le atraves\u00f3 al Metrob\u00fas, en Insurgentes Sur.\" src=\"http:\/\/www.diarioimagen.net\/wp-content\/uploads\/2013\/10\/METROBUS-2198-240x135.jpg\" width=\"240\" height=\"135\" srcset=\"https:\/\/www.diarioimagen.net\/wp-content\/uploads\/2013\/10\/METROBUS-2198-240x135.jpg 240w, https:\/\/www.diarioimagen.net\/wp-content\/uploads\/2013\/10\/METROBUS-2198-420x236.jpg 420w, https:\/\/www.diarioimagen.net\/wp-content\/uploads\/2013\/10\/METROBUS-2198-235x132.jpg 235w, https:\/\/www.diarioimagen.net\/wp-content\/uploads\/2013\/10\/METROBUS-2198-202x114.jpg 202w, https:\/\/www.diarioimagen.net\/wp-content\/uploads\/2013\/10\/METROBUS-2198-350x196.jpg 350w, https:\/\/www.diarioimagen.net\/wp-content\/uploads\/2013\/10\/METROBUS-2198-220x123.jpg 220w, https:\/\/www.diarioimagen.net\/wp-content\/uploads\/2013\/10\/METROBUS-2198-237x132.jpg 237w, https:\/\/www.diarioimagen.net\/wp-content\/uploads\/2013\/10\/METROBUS-2198.jpg 480w\" sizes=\"auto, (max-width: 240px) 100vw, 240px\" \/><\/a><p id=\"caption-attachment-149304\" class=\"wp-caption-text\">Un auto de alquiler se le atraves\u00f3 al Metrob\u00fas, en Insurgentes Sur.<\/p><\/div>\n<p>Un saldo de siete personas lesionadas arroj\u00f3 el choque entre un taxi y una unidad del Metrob\u00fas de la l\u00ednea 1, en la esquina de Insurgentes Sur y Millet, en la colonia Tlacoquem\u00e9catl del Valle, delegaci\u00f3n Benito Ju\u00e1rez.<\/p>\n<p>Seg\u00fan las primeras indagaciones del accidente, alrededor de las 8:20 horas, Romualdo Batalla Ocampo, chofer del taxi con placas A-60-556, al intentar cruzar la avenida Insurgentes al ponerse el sem\u00e1foro en rojo, fue golpeador por la unidad 014 del Metrob\u00fas que circulaba en sentido sur-norte.<\/p>\n<p>Al tratar de esquivar a otro Metrob\u00fas que se dirig\u00eda al sur, C\u00e9sar Gonz\u00e1lez Mancilla, de 31 a\u00f1os y quien conduc\u00eda la unidad 014, se subi\u00f3 al camell\u00f3n y derrib\u00f3 cuatro \u00e1rboles.<\/p>\n<p>El choque dej\u00f3 lesionados a los dos conductores de transporte p\u00fablico, as\u00ed como a cinco pasajeros que viajaban en el transporte articulado.<\/p>\n<p>Juliana V\u00e1zquez S\u00e1enz, de 53 a\u00f1os; Eda Brize\u00f1o Garcini, de 23; Alicia Soto G\u00f3mez, de 49; Sara D\u00edaz Flores, de 60 y Olga Andrea Chavarr\u00eda Cruz, de 24, fueron trasladadas por param\u00e9dicos de la Cruz Roja y del ERUM a diversos hospitales tras sufrir lesiones.<\/p>\n<p>Asimismo, una unidad de bomberos acudi\u00f3 para ayudar a mover la unidad del Metrob\u00fas y cortar los troncos de los \u00e1rboles derribados.<b><\/b><\/p>\n<p>&nbsp;<\/p>\n","protected":false},"excerpt":{"rendered":"<p>Un saldo de siete personas lesionadas arroj\u00f3 el choque entre un taxi y una unidad del Metrob\u00fas de la l\u00ednea 1, en la esquina de Insurgentes Sur y Millet, en la colonia Tlacoquem\u00e9catl del Valle, delegaci\u00f3n Benito Ju\u00e1rez.<\/p>\n","protected":false},"author":3,"featured_media":149304,"comment_status":"open","ping_status":"open","sticky":false,"template":"","format":"standard","meta":{"_monsterinsights_skip_tracking":false,"_monsterinsights_sitenote_active":false,"_monsterinsights_sitenote_note":"","_monsterinsights_sitenote_category":0,"footnotes":""},"categories":[7],"tags":[688,3195,43677,14989],"class_list":["post-149268","post","type-post","status-publish","format-standard","has-post-thumbnail","hentry","category-seguridad","tag-choque","tag-metrobus","tag-seguridad","tag-taxi"],"_links":{"self":[{"href":"https:\/\/www.diarioimagen.net\/index.php?rest_route=\/wp\/v2\/posts\/149268","targetHints":{"allow":["GET"]}}],"collection":[{"href":"https:\/\/www.diarioimagen.net\/index.php?rest_route=\/wp\/v2\/posts"}],"about":[{"href":"https:\/\/www.diarioimagen.net\/index.php?rest_route=\/wp\/v2\/types\/post"}],"author":[{"embeddable":true,"href":"https:\/\/www.diarioimagen.net\/index.php?rest_route=\/wp\/v2\/users\/3"}],"replies":[{"embeddable":true,"href":"https:\/\/www.diarioimagen.net\/index.php?rest_route=%2Fwp%2Fv2%2Fcomments&post=149268"}],"version-history":[{"count":0,"href":"https:\/\/www.diarioimagen.net\/index.php?rest_route=\/wp\/v2\/posts\/149268\/revisions"}],"wp:featuredmedia":[{"embeddable":true,"href":"https:\/\/www.diarioimagen.net\/index.php?rest_route=\/wp\/v2\/media\/149304"}],"wp:attachment":[{"href":"https:\/\/www.diarioimagen.net\/index.php?rest_route=%2Fwp%2Fv2%2Fmedia&parent=149268"}],"wp:term":[{"taxonomy":"category","embeddable":true,"href":"https:\/\/www.diarioimagen.net\/index.php?rest_route=%2Fwp%2Fv2%2Fcategories&post=149268"},{"taxonomy":"post_tag","embeddable":true,"href":"https:\/\/www.diarioimagen.net\/index.php?rest_route=%2Fwp%2Fv2%2Ftags&post=149268"}],"curies":[{"name":"wp","href":"https:\/\/api.w.org\/{rel}","templated":true}]}}