{"id":149326,"date":"2013-10-02T16:53:52","date_gmt":"2013-10-02T21:53:52","guid":{"rendered":"http:\/\/www.diarioimagen.net\/?p=149326"},"modified":"2013-10-03T04:53:34","modified_gmt":"2013-10-03T09:53:34","slug":"mejora-policia-con-coma-tras-bloqueo-a-zona-de-aeropuerto","status":"publish","type":"post","link":"https:\/\/www.diarioimagen.net\/?p=149326","title":{"rendered":"Mejora polic\u00eda con coma tras bloqueo a zona de aeropuerto"},"content":{"rendered":"<div id=\"attachment_149327\" style=\"width: 250px\" class=\"wp-caption alignleft\"><a href=\"http:\/\/www.diarioimagen.net\/wp-content\/uploads\/2013\/10\/POLICIA-PORTAL.jpg\"><img loading=\"lazy\" decoding=\"async\" aria-describedby=\"caption-attachment-149327\" class=\"size-medium wp-image-149327\" alt=\"Es supervisado por especialistas en traumatolog\u00eda y neurolog\u00eda, a fin de determinar si existen consecuencias por el traumatismo craneoencef\u00e1lico de tercer grado y edema cerebral que sufri\u00f3 al recibir un golpe contuso con un palo.\" src=\"http:\/\/www.diarioimagen.net\/wp-content\/uploads\/2013\/10\/POLICIA-PORTAL-240x135.jpg\" width=\"240\" height=\"135\" srcset=\"https:\/\/www.diarioimagen.net\/wp-content\/uploads\/2013\/10\/POLICIA-PORTAL-240x135.jpg 240w, https:\/\/www.diarioimagen.net\/wp-content\/uploads\/2013\/10\/POLICIA-PORTAL-420x236.jpg 420w, https:\/\/www.diarioimagen.net\/wp-content\/uploads\/2013\/10\/POLICIA-PORTAL-235x132.jpg 235w, https:\/\/www.diarioimagen.net\/wp-content\/uploads\/2013\/10\/POLICIA-PORTAL-202x114.jpg 202w, https:\/\/www.diarioimagen.net\/wp-content\/uploads\/2013\/10\/POLICIA-PORTAL-350x196.jpg 350w, https:\/\/www.diarioimagen.net\/wp-content\/uploads\/2013\/10\/POLICIA-PORTAL-220x123.jpg 220w, https:\/\/www.diarioimagen.net\/wp-content\/uploads\/2013\/10\/POLICIA-PORTAL-237x132.jpg 237w, https:\/\/www.diarioimagen.net\/wp-content\/uploads\/2013\/10\/POLICIA-PORTAL.jpg 480w\" sizes=\"auto, (max-width: 240px) 100vw, 240px\" \/><\/a><p id=\"caption-attachment-149327\" class=\"wp-caption-text\">Es supervisado por especialistas en traumatolog\u00eda y neurolog\u00eda, a fin de determinar si existen consecuencias por el traumatismo craneoencef\u00e1lico de tercer grado y edema cerebral que sufri\u00f3 al recibir un golpe contuso con un palo.<\/p><\/div>\n<p>Al polic\u00eda \u00c1lvaro S\u00e1nchez Vald\u00e9s se le indujo un coma luego de resultar herido ayer durante el bloqueo de la CNTE en el Bulevar Aeropuerto, y ahora su salud evoluciona favorablemente. En tanto, la PGJDF integra la averiguaci\u00f3n previa en contra del maestro que ayer fue detenido durante los bloqueos.<\/p>\n<p>S\u00e1nchez Vald\u00e9s, se desempe\u00f1aba como subdirector de Inspecci\u00f3n del Agrupamiento Especial Metropolitano. Es supervisado por especialistas en traumatolog\u00eda y neurolog\u00eda, a fin de determinar si existen consecuencias por el traumatismo craneoencef\u00e1lico de tercer grado y edema cerebral que sufri\u00f3 al recibir un golpe contuso con un palo.<\/p>\n<p>Respecto al maestro detenido durante la protesta en inmediaciones del Aeropuerto, las autoridades ministeriales analizan las im\u00e1genes captadas por las c\u00e1maras de seguridad instaladas en la zona, junto con las declaraciones de los polic\u00edas que estuvieron en los hechos.<\/p>\n","protected":false},"excerpt":{"rendered":"<p>Al polic\u00eda \u00c1lvaro S\u00e1nchez Vald\u00e9s se le indujo un coma luego de resultar herido ayer durante el bloqueo de la CNTE en el Bulevar Aeropuerto, y ahora su salud evoluciona favorablemente. En tanto, la PGJDF integra la averiguaci\u00f3n previa en contra del maestro que ayer fue detenido durante los bloqueos.<\/p>\n","protected":false},"author":5,"featured_media":149327,"comment_status":"open","ping_status":"open","sticky":false,"template":"","format":"standard","meta":{"_monsterinsights_skip_tracking":false,"_monsterinsights_sitenote_active":false,"_monsterinsights_sitenote_note":"","_monsterinsights_sitenote_category":0,"footnotes":""},"categories":[17,3],"tags":[4663,687],"class_list":["post-149326","post","type-post","status-publish","format-standard","has-post-thumbnail","hentry","category-especiales","category-nacional","tag-aeropuerto","tag-policia"],"_links":{"self":[{"href":"https:\/\/www.diarioimagen.net\/index.php?rest_route=\/wp\/v2\/posts\/149326","targetHints":{"allow":["GET"]}}],"collection":[{"href":"https:\/\/www.diarioimagen.net\/index.php?rest_route=\/wp\/v2\/posts"}],"about":[{"href":"https:\/\/www.diarioimagen.net\/index.php?rest_route=\/wp\/v2\/types\/post"}],"author":[{"embeddable":true,"href":"https:\/\/www.diarioimagen.net\/index.php?rest_route=\/wp\/v2\/users\/5"}],"replies":[{"embeddable":true,"href":"https:\/\/www.diarioimagen.net\/index.php?rest_route=%2Fwp%2Fv2%2Fcomments&post=149326"}],"version-history":[{"count":0,"href":"https:\/\/www.diarioimagen.net\/index.php?rest_route=\/wp\/v2\/posts\/149326\/revisions"}],"wp:featuredmedia":[{"embeddable":true,"href":"https:\/\/www.diarioimagen.net\/index.php?rest_route=\/wp\/v2\/media\/149327"}],"wp:attachment":[{"href":"https:\/\/www.diarioimagen.net\/index.php?rest_route=%2Fwp%2Fv2%2Fmedia&parent=149326"}],"wp:term":[{"taxonomy":"category","embeddable":true,"href":"https:\/\/www.diarioimagen.net\/index.php?rest_route=%2Fwp%2Fv2%2Fcategories&post=149326"},{"taxonomy":"post_tag","embeddable":true,"href":"https:\/\/www.diarioimagen.net\/index.php?rest_route=%2Fwp%2Fv2%2Ftags&post=149326"}],"curies":[{"name":"wp","href":"https:\/\/api.w.org\/{rel}","templated":true}]}}