{"id":149367,"date":"2013-10-03T00:04:03","date_gmt":"2013-10-03T05:04:03","guid":{"rendered":"http:\/\/www.diarioimagen.net\/?p=149367"},"modified":"2013-10-04T02:43:51","modified_gmt":"2013-10-04T07:43:51","slug":"ex-alcaldes-en-el-ojo-del-huracan","status":"publish","type":"post","link":"https:\/\/www.diarioimagen.net\/?p=149367","title":{"rendered":"Ex alcaldes, en el ojo del hurac\u00e1n"},"content":{"rendered":"<h2>Punto por punto<\/h2>\n<h5>Augusto Corro<\/h5>\n<p><span><br \/>\nAcapulco result\u00f3, todo mundo lo sabe, uno de los sitios m\u00e1s da\u00f1ados por las lluvias recientes porque\u00a0 un sinn\u00famero de viviendas fueron construidas en zonas inundables del puerto.<\/span><\/p>\n<p>\u00bfY qui\u00e9n y qui\u00e9nes dieron los permisos para la construcci\u00f3n\u00a0 de casas en sitios prohibidos?<\/p>\n<p>Pues nada menos que en los \u00faltimos diez a\u00f1os, los permisos fueron autorizados por los presidentes municipales.<\/p>\n<p>Por lo menos, cuatro ex alcaldes est\u00e1n relacionados con las licencias de construcci\u00f3n de inmuebles en zonas de alto riesgo.<\/p>\n<p>Quienes realizan las investigaciones sobre la tragedia provocada por \u201cManuel\u201d ya tienen el hilo de la madeja de las desgracias guerrerenses.<\/p>\n<p>S\u00f3lo tienen que revisar los periodos de los presidentes municipales en turno y los nombres de las empresas que obtuvieron las licencias para construir en zonas de peligro.\u00a0 En fin, se desarrollaron conjuntos habitacionales en desembocaduras de r\u00edos y solo se esper\u00f3 a que las lluvias convirtieran a Acapulco en zona de damnificados.\u00a0 As\u00ed pues, para empezar, ya se sabe de los presuntos responsables de la tragedia guerrerense; pero no es todo.<\/p>\n<p>En otras partes del territorio estatal los da\u00f1os fueron muy graves a tal grado que hubo p\u00e9rdidas de vidas humanas al desgajarse los cerros.<\/p>\n<p>La omisi\u00f3n de las autoridades para prevenir los efectos de las lluvias fueron causas determinantes para obtener\u00a0 resultados\u00a0 tan catastr\u00f3ficos.\u00a0 Tarde o temprano se conocer\u00e1 la realidad de los hechos.<\/p>\n<p>Se iniciaron pues las investigaciones para deslindar responsabilidades de las autoridades municipales, estatales y federales e inmediatamente se conoci\u00f3 la irregularidad propiciada por los presidentes municipales.<\/p>\n<p>Quien tambi\u00e9n se encuentra en el ojo de la tormenta es el propio gobernador\u00a0 \u00c1ngel Aguirre, quien no sabe esconderse\u00a0 de la lluvia de acusaciones que han surgido en su contra.<\/p>\n<p>Para empezar existe el testimonio de que a las horas negras de la llegada de \u201cManuel\u201d, el gobernador disfrutaba de una fiesta con sus cuates. \u00bfNo se enter\u00f3 o no le avisaron de la llegada del meteoro? Esto se sabr\u00e1 con las investigaciones que tambi\u00e9n tendr\u00e1n que llegar a la \u00e9poca en que fungi\u00f3 como gobernador interino, cuando tuvo que suplir a su compadre Rub\u00e9n Figueroa junior, quien tuvo que dejar el cargo por la matanza de campesinos en Aguas Blancas.\u00a0 En ese periodo de gobierno autoriz\u00f3 la construcci\u00f3n de viviendas del Infonavit\u00a0 en zonas de peligro.<\/p>\n<p>A principios de semana, Luis Felipe Puente, titular de la Unidad de Protecci\u00f3n Civil de la Secretar\u00eda de Gobernaci\u00f3n (SG), dijo que los estados y municipios deber\u00e1n responder por la aplicaci\u00f3n de las medidas de prevenci\u00f3n, ya que los alertamientos\u00a0 y los avisos se dieron a tiempo.<\/p>\n<p>A\u00f1adi\u00f3 que la actuaci\u00f3n de la SG no se redujo solamente a la aplicaci\u00f3n de alertamientos, sino a llamadas con todos y cada uno de los titulares de Protecci\u00f3n Civil de las entidades que pod\u00edan verse afectadas. Sin embargo, el gobernador \u00c1ngel Aguirre no tard\u00f3 en inconformarse de lo afirmado por el titular de Protecci\u00f3n Civil.<\/p>\n<p>Concretamente, el mandatario guerrerense\u00a0 dijo que el gobierno federal \u201cno advirti\u00f3 lo suficiente\u201d, en el sentido de que iban a conjuntarse dos fen\u00f3menos meteorol\u00f3gicos, el hurac\u00e1n \u201cIngrid\u201d y la tormenta tropical \u201cManuel\u201d.<\/p>\n<p>En la tragedia de Guerrero las causas que la provocaron se conocieron desde un principio y una de ellas fue la falta de medidas preventivas. No se aprovecharon las\u00a0 experiencias que en a\u00f1os anteriores y en temporada de ciclones sufri\u00f3 la poblaci\u00f3n guerrerense.<\/p>\n<p>\u00bfQu\u00e9 sigue?\u00a0 Pues lo importante que viene es que los acusados de omisi\u00f3n sean llamados a cuentas, lo mismo que aquellos funcionarios que permitieron la construcci\u00f3n de viviendas en zonas de alto riesgo.<\/p>\n<p>Los ex alcaldes acapulque\u00f1os tendr\u00e1n que ser llamados a rendir cuentas.\u00a0 \u00bfSuceder\u00e1?<\/p>\n<p><em><a href=\"mailto:aco2742@hotmail.com\" target=\"_blank\">aco2742@hotmail.com<\/a><\/em><\/p>\n","protected":false},"excerpt":{"rendered":"<p><span style=\"color: #005497;\"><strong>Augusto Corro<\/strong><\/span><\/p>\n","protected":false},"author":3,"featured_media":0,"comment_status":"open","ping_status":"open","sticky":false,"template":"","format":"standard","meta":{"_monsterinsights_skip_tracking":false,"_monsterinsights_sitenote_active":false,"_monsterinsights_sitenote_note":"","_monsterinsights_sitenote_category":0,"footnotes":""},"categories":[157],"tags":[43686,43674,57,11515],"class_list":["post-149367","post","type-post","status-publish","format-standard","hentry","category-augusto-corro","tag-augusto-corro","tag-opinion","tag-proteccion-civil","tag-punto-por-punto"],"_links":{"self":[{"href":"https:\/\/www.diarioimagen.net\/index.php?rest_route=\/wp\/v2\/posts\/149367","targetHints":{"allow":["GET"]}}],"collection":[{"href":"https:\/\/www.diarioimagen.net\/index.php?rest_route=\/wp\/v2\/posts"}],"about":[{"href":"https:\/\/www.diarioimagen.net\/index.php?rest_route=\/wp\/v2\/types\/post"}],"author":[{"embeddable":true,"href":"https:\/\/www.diarioimagen.net\/index.php?rest_route=\/wp\/v2\/users\/3"}],"replies":[{"embeddable":true,"href":"https:\/\/www.diarioimagen.net\/index.php?rest_route=%2Fwp%2Fv2%2Fcomments&post=149367"}],"version-history":[{"count":0,"href":"https:\/\/www.diarioimagen.net\/index.php?rest_route=\/wp\/v2\/posts\/149367\/revisions"}],"wp:attachment":[{"href":"https:\/\/www.diarioimagen.net\/index.php?rest_route=%2Fwp%2Fv2%2Fmedia&parent=149367"}],"wp:term":[{"taxonomy":"category","embeddable":true,"href":"https:\/\/www.diarioimagen.net\/index.php?rest_route=%2Fwp%2Fv2%2Fcategories&post=149367"},{"taxonomy":"post_tag","embeddable":true,"href":"https:\/\/www.diarioimagen.net\/index.php?rest_route=%2Fwp%2Fv2%2Ftags&post=149367"}],"curies":[{"name":"wp","href":"https:\/\/api.w.org\/{rel}","templated":true}]}}