{"id":149664,"date":"2013-10-07T00:06:20","date_gmt":"2013-10-07T05:06:20","guid":{"rendered":"http:\/\/www.diarioimagen.net\/?p=149664"},"modified":"2013-10-08T04:30:05","modified_gmt":"2013-10-08T09:30:05","slug":"siempre-no-va-la-reforma-politica-del-pacto","status":"publish","type":"post","link":"https:\/\/www.diarioimagen.net\/?p=149664","title":{"rendered":"Siempre no va la reforma pol\u00edtica del Pacto"},"content":{"rendered":"<h2>Tras la puerta del poder<\/h2>\n<h5>Roberto Vizca\u00edno<\/h5>\n<p>&nbsp;<\/p>\n<ul>\n<li><strong><i>C\u00e9sar Camacho deline\u00f3 la nueva estrategia del Pacto: no presentar\u00e1 iniciativa, sino temas sueltos<\/i><\/strong><\/li>\n<li><strong><i>Enrique Pe\u00f1a Nieto le aclar\u00f3 a AMLO que donde debe solicitar la consulta, es en el Senado<\/i><\/strong><\/li>\n<li><strong><i>Ahora Ernesto Cordero apoya a un alcalde colimense acusado de violar a un menor<\/i><\/strong><\/li>\n<\/ul>\n<div id=\"attachment_149750\" style=\"width: 250px\" class=\"wp-caption alignleft\"><a href=\"http:\/\/www.diarioimagen.net\/wp-content\/uploads\/2013\/10\/PALIZA-trizas-2201.jpg\"><img loading=\"lazy\" decoding=\"async\" aria-describedby=\"caption-attachment-149750\" class=\"size-medium wp-image-149750\" alt=\"Paliza... | Trizas\" src=\"http:\/\/www.diarioimagen.net\/wp-content\/uploads\/2013\/10\/PALIZA-trizas-2201-240x183.jpg\" width=\"240\" height=\"183\" srcset=\"https:\/\/www.diarioimagen.net\/wp-content\/uploads\/2013\/10\/PALIZA-trizas-2201-240x183.jpg 240w, https:\/\/www.diarioimagen.net\/wp-content\/uploads\/2013\/10\/PALIZA-trizas-2201-420x321.jpg 420w, https:\/\/www.diarioimagen.net\/wp-content\/uploads\/2013\/10\/PALIZA-trizas-2201.jpg 700w\" sizes=\"auto, (max-width: 240px) 100vw, 240px\" \/><\/a><p id=\"caption-attachment-149750\" class=\"wp-caption-text\">Paliza&#8230; | Trizas<\/p><\/div>\n<p>Las resistencias internas en PRD y PAN abortaron la anunciada iniciativa de reforma pol\u00edtica del Pacto por M\u00e9xico.<\/p>\n<p>Estos indicaron que esa iniciativa ser\u00eda un obvio intento para anular los alcances de las iniciativas pol\u00edtico-electorales presentadas hace semanas por los grupos del PRD y PAN en el Senado y la C\u00e1mara de Diputados.<\/p>\n<p>El escenario apunt\u00f3 no s\u00f3lo al surgimiento de una nueva crisis interna en PRD y PAN, sino a una reedici\u00f3n de las obstrucciones de las reformas dentro del Congreso.<\/p>\n<p>Fue entonces que C\u00e9sar Camacho l\u00edder del PRI, Gustavo Madero del PAN, Jes\u00fas Zambrano y los representantes de Pe\u00f1a Nieto en la mesa del Pacto por M\u00e9xico, el secretario de Gobernaci\u00f3n, Miguel \u00c1ngel Osorio Chong, el de Hacienda Luis Videgaray y el jefe de la Oficina de la Presidencia, Aurelio Nu\u00f1o, respaldados por los miembros del Consejo Rector, decidieron ensayar otro m\u00e9todo para obtener el mismo resultado:<\/p>\n<p>Enviar\u00e1n al Congreso sus decenas, quiz\u00e1 centenares, de propuestas surgidas de 7 mesas de discusi\u00f3n.<\/p>\n<p>Estas propuestas llegar\u00e1n al legislativo no como una iniciativa integrada, sino por temas para que sean sumadas a las iniciativas de PRD y PAN ya en curso de an\u00e1lisis dentro de las comisiones tanto en el Senado como en la C\u00e1mara de Diputados.<\/p>\n<p>As\u00ed, todos contentos. Ni unos se sentir\u00e1n atropellados o amenazados ni los otros dejar\u00e1n de intervenir y reorientar la reforma pol\u00edtico-electoral en curso.<\/p>\n<p>Y adem\u00e1s una cuesti\u00f3n esencial: no se retrasar\u00e1 la aprobaci\u00f3n de esta reforma en este mes de octubre, cuya puesta en marcha es condici\u00f3n de PAN y PRD para ir al debate y aprobaci\u00f3n de las reformas energ\u00e9tica y hacendaria.<\/p>\n<p>Al dar a conocer lo esencial de este nuevo m\u00e9todo, el presidente del CEN del PRI, C\u00e9sar Camacho, adelant\u00f3 en Guadalajara que su partido, que antes se opon\u00eda a la creaci\u00f3n de un Instituto Nacional Electoral como lo exige el PAN, ahora lo aprueba.<\/p>\n<p>Como PAN y PRI suman una mayor\u00eda suficiente en el Senado y en la C\u00e1mara de Diputados para aprobar reformas a la Constituci\u00f3n, no hay duda que el IFE desaparecer\u00e1 pronto para darle paso a este nuevo instituto que se encargar\u00e1 de organizar y sancionar elecciones no s\u00f3lo a nivel federal, sino en cada uno de los estados del pa\u00eds. Otra de sus funciones ser\u00e1 la de organizar consultas populares.<\/p>\n<p>Con su creaci\u00f3n se les quitar\u00e1 a los gobernadores el control que hoy detentan sobre los institutos electorales en sus entidades.<\/p>\n<p align=\"center\">\u00a0<b>SIGUE LA GUERRA<\/b><\/p>\n<p>Con el arranque hoy de los foros del PRD y PT sobre\u00a0 la reforma energ\u00e9tica en el Senado -donde intervendr\u00e1n Marcelo Ebrard, Ifigenia Mart\u00ednez, Lorenzo Meyer, Porfirio Mu\u00f1oz Ledo, Jaime C\u00e1rdenas, Ignacio Marv\u00e1n Laborde y Alejandro Morales-, la llamada izquierda en el Congreso sigue adelante con su guerra contra las fracciones de PRI, PAN, PVEM y Panal que mantienen abiertos los suyos.<\/p>\n<p>El coordinador de los senadores del PRI, el yucateco Emilio Gamboa, dijo que \u201cm\u00e1s all\u00e1 del lugar en donde se expresen\u201d los interesados en esta reforma, \u201clos senadores pri\u00edstas estaremos atentos a sus opiniones\u201d.<\/p>\n<p>Y agreg\u00f3:<\/p>\n<p>\u201cLo importante es que los acad\u00e9micos, especialistas, actores pol\u00edticos\u00a0 y representantes de la sociedad civil, con su valiosa participaci\u00f3n en los foros, organizados por el Senado de la Rep\u00fablica (es decir, los del bloque PRI, PAN, PVEM y Panal y los del PRD y PT), est\u00e1n alimentando el debate energ\u00e9tico con exposiciones que sin, duda alguna, ser\u00e1n tomadas en cuenta por los legisladores en el an\u00e1lisis y aprobaci\u00f3n de la reforma energ\u00e9tica\u201d.<\/p>\n<p>Tan-tan\u2026 y cada quien con lo suyo.<\/p>\n<p align=\"center\"><b>ES DEL CONGRESO, EST\u00daPIDO<\/b><\/p>\n<p>Casi como en aquella frase de Bill Clinton, ahora Enrique Pe\u00f1a Nieto se chamaque\u00f3 durante el fin de la semana a Andr\u00e9s Manuel L\u00f3pez Obrador.<\/p>\n<p>El encargado de sentar en la esquina con orejas de burro al tabasque\u00f1o y aclararle que no est\u00e1 en su responsabilidad realizar una consulta ciudadana sobre la iniciativa de reforma energ\u00e9tica, fue el secretario del Presidente, Erwin M. Lino Z\u00e1rate. Esto lo hizo en una carta dirigida a Jos\u00e9 Agust\u00edn Ort\u00edz Pinchetti, Bertha Luj\u00e1n y a Octavio Romero -todos ellos empleados de angora de AMLO-, dentro de un ejercicio \u201cde te lo digo a ti para que me lo entienda \u00e9l\u201d, donde le record\u00f3 a AMLO que las iniciativas de reforma energ\u00e9tica y hacendaria se encuentran en el Congreso.<\/p>\n<p>Al aclararle eso, Pe\u00f1a no rechaz\u00f3 la exigencia de AMLO de hacer una consulta popular sobre la reforma energ\u00e9tica -como lo afirmaron algunos-, sino que lo remiti\u00f3 a donde s\u00ed la pueden hacer.<\/p>\n<p>\u201c\u2026 esta iniciativa se encuentra en el Senado\u201d\u2026. Y \u201cbajo la divisi\u00f3n de poderes que impera en el M\u00e9xico democr\u00e1tico de hoy, no corresponde al Poder Ejecutivo se\u00f1alar o sugerir la forma en que debe proceder el Congreso de la Uni\u00f3n, o alguna de sus c\u00e1maras. EI Senado de la Republica y la C\u00e1mara de Diputados, constituidos democr\u00e1ticamente a trav\u00e9s del voto de los mexicanos, tienen la soberan\u00eda para determinar de manera aut\u00f3noma e independiente el destino de las iniciativas propuestas por el Presidente de la Republica\u201d.<\/p>\n<p>Algo as\u00ed como \u201ctomate unas clasecitas de civismo\u201d.<\/p>\n<p align=\"center\">\u00a0<b>UN CORDERO NORTEADO<\/b><\/p>\n<p>Desesperado por recuperar algo del poder perdido, el senador calderonista Ernesto Cordero ha comenzado a pretender minar a su sucesor en la coordinaci\u00f3n de la bancada blanquiazul en el Senado, el colimense Jorge Luis Preciado y para ello ha buscado insistentemente durante los d\u00edas anteriores a Salvador Fuentes Pedroza, alcalde de Coquimatl\u00e1n a fin de darle \u201ctodo su apoyo\u201d en sus intenciones de alcanzar la dirigencia del PAN en Colima.<\/p>\n<p>El tema es que Fuentes Pedroza se encuentra bajo investigaci\u00f3n de la Procuradur\u00eda General de Justicia colimense debido a una denuncia por el delito de violaci\u00f3n, corrupci\u00f3n de menores \u201cy lo que resulte\u201d, en agravio de un menor, todo ello establecido en el acta n\u00famero 64\/2013, con fecha de 14 de septiembre de este 2013.<\/p>\n<p>Este s\u00f3lo hecho -que es del conocimiento del CEN del PAN que preside Gustavo Madero y que es un esc\u00e1ndalo en los medios informativos colimenses-, inhabilita a Fuentes Pedroza como aspirante a presidir al Comit\u00e9 Ejecutivo Estatal del PAN de Colima.<\/p>\n<p>Pese a todo eso, Cordero insiste en llamarle para ponerse a sus \u00f3rdenes \u201cen lo que se le ofrezca\u201d.<\/p>\n<p align=\"center\">\u00a0<b>FOCALIZAR ACCIONES<\/b><\/p>\n<p>La secretaria de Salud, Mercedes Juan, indic\u00f3 ante el 52 Consejo Directivo de la Organizaci\u00f3n Panamericana de la Salud, que M\u00e9xico sugiere que, para lograr las metas establecidas dentro de los Objetivos de Desarrollo del Milenio previstas para alcanzarse antes de fines de 2015, ser\u00e1 necesario focalizar las acciones en grupos en situaci\u00f3n de vulnerabilidad.<\/p>\n<p>Por ello llam\u00f3 a mantener una visi\u00f3n de trabajo hol\u00edstica, es decir integral, donde todos compartan la responsabilidad hacia un objetivo com\u00fan.<\/p>\n<p>Su ponencia fue presentada por Rodrigo Reina, titular de la Unidad de Vinculaci\u00f3n y Participaci\u00f3n Social de la SSA, quien asisti\u00f3 con su representaci\u00f3n al encuentro realizado en Washington. Ella decidi\u00f3 no ir debido a sus compromisos en M\u00e9xico ante la atenci\u00f3n de los problemas de salud derivados de los ciclones Manuel e Ingrid.<\/p>\n<p align=\"center\"><b>\u00a070 A\u00d1OS DE LA CNOP<\/b><\/p>\n<p>La neolonesa Cristina D\u00edaz Salazar, nueva dirigente de la Confederaci\u00f3n de Organizaciones Populares, la CNOP, el pilar con m\u00e1s militantes del PRI, est\u00e1 decidida a demostrar que 70 a\u00f1os no son nada en una organizaci\u00f3n social, si a esta se le inyecta de una participaci\u00f3n real de una ciudadan\u00eda activa, proactiva y transformadora.<\/p>\n<p>D\u00edaz Salazar -quien antes de llegar aqu\u00ed pas\u00f3 por la secretar\u00eda general del CEN del PRI y por el liderazgo nacional de este partido-, se ha fijado como meta rescatar pol\u00edticamente a las clases medias del pa\u00eds, y respaldar de manera decidida las reformas estructurales propuestas por el presidente Enrique Pe\u00f1a Nieto.<\/p>\n<p>Aspirante sin duda a la gubernatura de Nuevo Le\u00f3n, la tambi\u00e9n senadora D\u00edaz Salazar considera que su partido requiere de vigorizar sus tres sectores esenciales para as\u00ed poder apoyar a Pe\u00f1a Nieto en su intenci\u00f3n de reformar y mover a M\u00e9xico.<\/p>\n<p>\u00a1Vaya tarea!<\/p>\n<p style=\"text-align: left;\"><em><a href=\"mailto:rvizcaino@gmail.com\" target=\"_blank\">rvizcaino@gmail.com<\/a><\/em><\/p>\n","protected":false},"excerpt":{"rendered":"<p><span style=\"color: #005497;\"><strong>Roberto Vizca\u00edno<\/strong><\/span><br \/>\n<br \/>\nLas resistencias internas en PRD y PAN abortaron la anunciada iniciativa de reforma pol\u00edtica del Pacto por M\u00e9xico. Estos indicaron que esa iniciativa ser\u00eda un obvio intento para anular los alcances de las iniciativas pol\u00edtico-electorales presentadas hace semanas por los grupos del PRD y PAN en el Senado y la C\u00e1mara de Diputados.<\/p>\n","protected":false},"author":3,"featured_media":149750,"comment_status":"open","ping_status":"open","sticky":false,"template":"","format":"standard","meta":{"_monsterinsights_skip_tracking":false,"_monsterinsights_sitenote_active":false,"_monsterinsights_sitenote_note":"","_monsterinsights_sitenote_category":0,"footnotes":""},"categories":[136],"tags":[7739,16301,43674,93,94],"class_list":["post-149664","post","type-post","status-publish","format-standard","has-post-thumbnail","hentry","category-roberto-vizcaino-opinion","tag-cnop","tag-cristina-diaz-salazar","tag-opinion","tag-roberto-vizcaino","tag-tras-la-puerta-del-poder"],"_links":{"self":[{"href":"https:\/\/www.diarioimagen.net\/index.php?rest_route=\/wp\/v2\/posts\/149664","targetHints":{"allow":["GET"]}}],"collection":[{"href":"https:\/\/www.diarioimagen.net\/index.php?rest_route=\/wp\/v2\/posts"}],"about":[{"href":"https:\/\/www.diarioimagen.net\/index.php?rest_route=\/wp\/v2\/types\/post"}],"author":[{"embeddable":true,"href":"https:\/\/www.diarioimagen.net\/index.php?rest_route=\/wp\/v2\/users\/3"}],"replies":[{"embeddable":true,"href":"https:\/\/www.diarioimagen.net\/index.php?rest_route=%2Fwp%2Fv2%2Fcomments&post=149664"}],"version-history":[{"count":0,"href":"https:\/\/www.diarioimagen.net\/index.php?rest_route=\/wp\/v2\/posts\/149664\/revisions"}],"wp:featuredmedia":[{"embeddable":true,"href":"https:\/\/www.diarioimagen.net\/index.php?rest_route=\/wp\/v2\/media\/149750"}],"wp:attachment":[{"href":"https:\/\/www.diarioimagen.net\/index.php?rest_route=%2Fwp%2Fv2%2Fmedia&parent=149664"}],"wp:term":[{"taxonomy":"category","embeddable":true,"href":"https:\/\/www.diarioimagen.net\/index.php?rest_route=%2Fwp%2Fv2%2Fcategories&post=149664"},{"taxonomy":"post_tag","embeddable":true,"href":"https:\/\/www.diarioimagen.net\/index.php?rest_route=%2Fwp%2Fv2%2Ftags&post=149664"}],"curies":[{"name":"wp","href":"https:\/\/api.w.org\/{rel}","templated":true}]}}