{"id":149710,"date":"2013-10-07T00:09:02","date_gmt":"2013-10-07T05:09:02","guid":{"rendered":"http:\/\/www.diarioimagen.net\/?p=149710"},"modified":"2013-10-07T04:51:37","modified_gmt":"2013-10-07T09:51:37","slug":"guerrero-morelos-y-df-sin-danos-por-el-temblor","status":"publish","type":"post","link":"https:\/\/www.diarioimagen.net\/?p=149710","title":{"rendered":"Guerrero, Morelos y DF, sin da\u00f1os por el temblor"},"content":{"rendered":"<ul>\n<li><strong><em>En la capital del pa\u00eds se activ\u00f3 el protocolo de revisi\u00f3n para detectar posibles afectaciones en inmuebles y los servicios b\u00e1sicos<\/em><\/strong><\/li>\n<\/ul>\n<div id=\"attachment_149756\" style=\"width: 250px\" class=\"wp-caption alignleft\"><a href=\"http:\/\/www.diarioimagen.net\/wp-content\/uploads\/2013\/10\/SISMO-2201.jpg\"><img loading=\"lazy\" decoding=\"async\" aria-describedby=\"caption-attachment-149756\" class=\"size-medium wp-image-149756\" alt=\"Pese a que casi no se percibieron los sismos de ayer, las autoridades capitalinas pusieron en marcha el protocolo de seguridad.\" src=\"http:\/\/www.diarioimagen.net\/wp-content\/uploads\/2013\/10\/SISMO-2201-240x135.jpg\" width=\"240\" height=\"135\" srcset=\"https:\/\/www.diarioimagen.net\/wp-content\/uploads\/2013\/10\/SISMO-2201-240x135.jpg 240w, https:\/\/www.diarioimagen.net\/wp-content\/uploads\/2013\/10\/SISMO-2201-420x236.jpg 420w, https:\/\/www.diarioimagen.net\/wp-content\/uploads\/2013\/10\/SISMO-2201-235x132.jpg 235w, https:\/\/www.diarioimagen.net\/wp-content\/uploads\/2013\/10\/SISMO-2201-202x114.jpg 202w, https:\/\/www.diarioimagen.net\/wp-content\/uploads\/2013\/10\/SISMO-2201-350x196.jpg 350w, https:\/\/www.diarioimagen.net\/wp-content\/uploads\/2013\/10\/SISMO-2201-220x123.jpg 220w, https:\/\/www.diarioimagen.net\/wp-content\/uploads\/2013\/10\/SISMO-2201-237x132.jpg 237w, https:\/\/www.diarioimagen.net\/wp-content\/uploads\/2013\/10\/SISMO-2201.jpg 480w\" sizes=\"auto, (max-width: 240px) 100vw, 240px\" \/><\/a><p id=\"caption-attachment-149756\" class=\"wp-caption-text\">Pese a que casi no se percibieron los sismos de ayer, las autoridades capitalinas pusieron en marcha el protocolo de seguridad.<\/p><\/div>\n<p>Luego de los sismos de baja intensidad que se registraron ayer en Guerrero, el secretario de Gobernaci\u00f3n, Miguel \u00c1ngel Osorio Chong, indic\u00f3 que el movimiento fue casi imperceptible en el centro del pa\u00eds, y de acuerdo con Protecci\u00f3n Civil no se reportan da\u00f1os en Guerrero, Morelos y el Distrito Federal.<\/p>\n<p>En su cuenta de Twitter el funcionario se\u00f1al\u00f3 que \u201cHoy -ayer- se han registrado varios sismos de baja intensidad en Guerrero, el que activ\u00f3 la alerta s\u00edsmica hace unos minutos fue de magnitud 5.0\u201d.<\/p>\n<p>Previamente, Osorio Chong escribi\u00f3 que el sismo fue casi imperceptible para el centro del pa\u00eds, y que su magnitud preliminar fue de 4.96 grados Richter con epicentro a 44 kil\u00f3metros al sur de Atoyac de \u00c1lvarez.<\/p>\n<p>En tanto el coordinador nacional de Protecci\u00f3n Civil, Luis Felipe Puente inform\u00f3 que hasta el momento no se tienen reportes de da\u00f1os en los estados de Guerrero y Morelos, ni en el Distrito Federal por los movimientos tel\u00faricos.<\/p>\n<p>\u201cSeguimos sin reporte de da\u00f1os en Guerrero, Morelos y DF por los sismos registrados\u201d, escribi\u00f3 el funcionario de la Secretar\u00eda de Gobernaci\u00f3n (Segob) en su cuenta de la misma red social, @LUISFELIPE_P.<\/p>\n<p>Por su parte, el jefe de gobierno del Distrito Federal, Miguel \u00c1ngel Mancera, report\u00f3 que despu\u00e9s de los sismos no hay personas lesionadas ni se registraron da\u00f1os en la capital del pa\u00eds.<\/p>\n<p>As\u00ed lo dio a conocer a trav\u00e9s de su cuenta de Twitter @ManceraMiguelMX: \u201cConcluye protocolo de revisi\u00f3n sin da\u00f1os en la ciudad, sin lesionados\u201d, luego de que se activ\u00f3 la alerta s\u00edsmica en la ciudad, aunque para muchos capitalinos el movimiento fue imperceptible.<\/p>\n<p>En tanto, la SSP-DF report\u00f3 saldo blanco luego del sismo. Luego del movimiento tel\u00farico, la dependencia realiz\u00f3 recorridos y revisiones en todas las colonias de la capital.<\/p>\n<p>La SSP-DF asegur\u00f3 que el movimiento tel\u00farico s\u00f3lo caus\u00f3 inquietud entre la poblaci\u00f3n que escuch\u00f3 la alerta s\u00edsmica. Tres helic\u00f3pteros de la Polic\u00eda Metropolitana, del agrupamiento de C\u00f3ndores, sobrevolaron toda la ciudad para verificar que no hubiera ninguna afectaci\u00f3n durante el sismo.<\/p>\n<p>El Sistema de Transporte Colectivo -Metro-, report\u00f3 a la SSPDF que todas sus instalaciones se encuentran en perfectas condiciones y el servicio se brinda normalmente en sus 12 l\u00edneas.<\/p>\n<p>&nbsp;<\/p>\n","protected":false},"excerpt":{"rendered":"<p>Luego de los sismos de baja intensidad que se registraron ayer en Guerrero, el secretario de Gobernaci\u00f3n, Miguel \u00c1ngel Osorio Chong, indic\u00f3 que el movimiento fue casi imperceptible en el centro del pa\u00eds, y de acuerdo con Protecci\u00f3n Civil no se reportan da\u00f1os en Guerrero, Morelos y el Distrito Federal.<\/p>\n","protected":false},"author":3,"featured_media":149756,"comment_status":"open","ping_status":"open","sticky":false,"template":"","format":"standard","meta":{"_monsterinsights_skip_tracking":false,"_monsterinsights_sitenote_active":false,"_monsterinsights_sitenote_note":"","_monsterinsights_sitenote_category":0,"footnotes":""},"categories":[6],"tags":[204,3244,3676,836,4411],"class_list":["post-149710","post","type-post","status-publish","format-standard","has-post-thumbnail","hentry","category-cd-de-mexico","tag-ciudad-de-mexico","tag-guerrero","tag-miguel-angel-osorio-chong","tag-morelos","tag-temblor"],"_links":{"self":[{"href":"https:\/\/www.diarioimagen.net\/index.php?rest_route=\/wp\/v2\/posts\/149710","targetHints":{"allow":["GET"]}}],"collection":[{"href":"https:\/\/www.diarioimagen.net\/index.php?rest_route=\/wp\/v2\/posts"}],"about":[{"href":"https:\/\/www.diarioimagen.net\/index.php?rest_route=\/wp\/v2\/types\/post"}],"author":[{"embeddable":true,"href":"https:\/\/www.diarioimagen.net\/index.php?rest_route=\/wp\/v2\/users\/3"}],"replies":[{"embeddable":true,"href":"https:\/\/www.diarioimagen.net\/index.php?rest_route=%2Fwp%2Fv2%2Fcomments&post=149710"}],"version-history":[{"count":0,"href":"https:\/\/www.diarioimagen.net\/index.php?rest_route=\/wp\/v2\/posts\/149710\/revisions"}],"wp:featuredmedia":[{"embeddable":true,"href":"https:\/\/www.diarioimagen.net\/index.php?rest_route=\/wp\/v2\/media\/149756"}],"wp:attachment":[{"href":"https:\/\/www.diarioimagen.net\/index.php?rest_route=%2Fwp%2Fv2%2Fmedia&parent=149710"}],"wp:term":[{"taxonomy":"category","embeddable":true,"href":"https:\/\/www.diarioimagen.net\/index.php?rest_route=%2Fwp%2Fv2%2Fcategories&post=149710"},{"taxonomy":"post_tag","embeddable":true,"href":"https:\/\/www.diarioimagen.net\/index.php?rest_route=%2Fwp%2Fv2%2Ftags&post=149710"}],"curies":[{"name":"wp","href":"https:\/\/api.w.org\/{rel}","templated":true}]}}