{"id":149712,"date":"2013-10-07T00:07:32","date_gmt":"2013-10-07T05:07:32","guid":{"rendered":"http:\/\/www.diarioimagen.net\/?p=149712"},"modified":"2013-10-07T04:50:21","modified_gmt":"2013-10-07T09:50:21","slug":"el-prd-buscara-reformar-ley-organica-de-la-aldf","status":"publish","type":"post","link":"https:\/\/www.diarioimagen.net\/?p=149712","title":{"rendered":"El PRD buscar\u00e1 reformar Ley Org\u00e1nica de la ALDF"},"content":{"rendered":"<ul>\n<li><strong><em>Asegura que el prop\u00f3sito es profesionalizar, democratizar y hacer transparentes los \u00f3rganos de direcci\u00f3n del \u00f3rgano legislativo<\/em><\/strong><\/li>\n<\/ul>\n<div id=\"attachment_149753\" style=\"width: 250px\" class=\"wp-caption alignleft\"><a href=\"http:\/\/www.diarioimagen.net\/wp-content\/uploads\/2013\/10\/ALDF-2201.jpg\"><img loading=\"lazy\" decoding=\"async\" aria-describedby=\"caption-attachment-149753\" class=\"size-medium wp-image-149753\" alt=\"La bancada del PRD, que es mayor\u00eda en la Asamblea Legislativa, anunci\u00f3 que s\u00ed modificar\u00e1n su Ley Org\u00e1nica.\" src=\"http:\/\/www.diarioimagen.net\/wp-content\/uploads\/2013\/10\/ALDF-2201-240x134.jpg\" width=\"240\" height=\"134\" srcset=\"https:\/\/www.diarioimagen.net\/wp-content\/uploads\/2013\/10\/ALDF-2201-240x134.jpg 240w, https:\/\/www.diarioimagen.net\/wp-content\/uploads\/2013\/10\/ALDF-2201-420x236.jpg 420w, https:\/\/www.diarioimagen.net\/wp-content\/uploads\/2013\/10\/ALDF-2201-480x270.jpg 480w, https:\/\/www.diarioimagen.net\/wp-content\/uploads\/2013\/10\/ALDF-2201-235x132.jpg 235w, https:\/\/www.diarioimagen.net\/wp-content\/uploads\/2013\/10\/ALDF-2201-202x114.jpg 202w, https:\/\/www.diarioimagen.net\/wp-content\/uploads\/2013\/10\/ALDF-2201-350x196.jpg 350w, https:\/\/www.diarioimagen.net\/wp-content\/uploads\/2013\/10\/ALDF-2201-220x123.jpg 220w, https:\/\/www.diarioimagen.net\/wp-content\/uploads\/2013\/10\/ALDF-2201-237x132.jpg 237w, https:\/\/www.diarioimagen.net\/wp-content\/uploads\/2013\/10\/ALDF-2201.jpg 500w\" sizes=\"auto, (max-width: 240px) 100vw, 240px\" \/><\/a><p id=\"caption-attachment-149753\" class=\"wp-caption-text\">La bancada del PRD, que es mayor\u00eda en la Asamblea Legislativa, anunci\u00f3 que s\u00ed modificar\u00e1n su Ley Org\u00e1nica.<\/p><\/div>\n<p>Diputados locales del Partido de la Revoluci\u00f3n Democr\u00e1tica (PRD) presentar\u00e1n, en el actual periodo ordinario de sesiones, una iniciativa para reformar diversos art\u00edculos de la Ley Org\u00e1nica y el reglamento para el gobierno interior de la Asamblea Legislativa del Distrito Federal (ALDF).<\/p>\n<p>En un comunicado, los legisladores perredistas Daniel Ord\u00f3\u00f1ez, Esthela Dami\u00e1n y Efra\u00edn Morales aseguraron que la propuesta tiene el prop\u00f3sito de profesionalizar, democratizar y hacer transparentes los \u00f3rganos de direcci\u00f3n de la propia ALDF.<\/p>\n<p>Detallaron que el jefe de gobierno capitalino tiene la obligaci\u00f3n de presentar por escrito un informe anual sobre el estado que guarda la administraci\u00f3n, sin embargo no est\u00e1 obligado a presentarlo ante el pleno de la ALDF.<\/p>\n<p>Se\u00f1alaron que la iniciativa propone que de hacer valer el derecho de emitir un mensaje ante el pleno de la ALDF, el jefe de gobierno presencie el posicionamiento de los grupos legislativos.<\/p>\n<p>Respecto a las atribuciones de la Mesa Directiva, plantearon que la duraci\u00f3n en el encargo sea de un a\u00f1o y no un mes como ocurre ahora, para que se reconozca a \u00e9sta como representante legal y oficial de la ALDF ante toda autoridad.<\/p>\n<p>Con relaci\u00f3n a la conformaci\u00f3n de los grupos legislativos, la iniciativa propone eliminar el requisito de \u201corigen partidario\u201d que coarta el derecho de libre asociaci\u00f3n establecido como garant\u00eda individual por el art\u00edculo nueve de la Constituci\u00f3n, pues limita la libre decisi\u00f3n de un diputado de cambiar de partido pol\u00edtico.<\/p>\n<p>Refirieron que en busca de legitimar y dotar de certeza las actividades internas de las fracciones y coaliciones legislativas, sin violar su autonom\u00eda, los legisladores del PRD propondr\u00e1n la obligaci\u00f3n de crear y registrar un reglamento interno, que no podr\u00e1 ser contrario a lo que establecen la Constituci\u00f3n, normas aplicables y documentos b\u00e1sicos.<b><\/b><\/p>\n<p>&nbsp;<\/p>\n","protected":false},"excerpt":{"rendered":"<p>Diputados locales del Partido de la Revoluci\u00f3n Democr\u00e1tica (PRD) presentar\u00e1n, en el actual periodo ordinario de sesiones, una iniciativa para reformar diversos art\u00edculos de la Ley Org\u00e1nica y el reglamento para el gobierno interior de la Asamblea Legislativa del Distrito Federal (ALDF).<\/p>\n","protected":false},"author":3,"featured_media":149753,"comment_status":"open","ping_status":"open","sticky":false,"template":"","format":"standard","meta":{"_monsterinsights_skip_tracking":false,"_monsterinsights_sitenote_active":false,"_monsterinsights_sitenote_note":"","_monsterinsights_sitenote_category":0,"footnotes":""},"categories":[6],"tags":[210,212,204],"class_list":["post-149712","post","type-post","status-publish","format-standard","has-post-thumbnail","hentry","category-cd-de-mexico","tag-aldf","tag-asamblea-legislativa-del-distrito-federal","tag-ciudad-de-mexico"],"_links":{"self":[{"href":"https:\/\/www.diarioimagen.net\/index.php?rest_route=\/wp\/v2\/posts\/149712","targetHints":{"allow":["GET"]}}],"collection":[{"href":"https:\/\/www.diarioimagen.net\/index.php?rest_route=\/wp\/v2\/posts"}],"about":[{"href":"https:\/\/www.diarioimagen.net\/index.php?rest_route=\/wp\/v2\/types\/post"}],"author":[{"embeddable":true,"href":"https:\/\/www.diarioimagen.net\/index.php?rest_route=\/wp\/v2\/users\/3"}],"replies":[{"embeddable":true,"href":"https:\/\/www.diarioimagen.net\/index.php?rest_route=%2Fwp%2Fv2%2Fcomments&post=149712"}],"version-history":[{"count":0,"href":"https:\/\/www.diarioimagen.net\/index.php?rest_route=\/wp\/v2\/posts\/149712\/revisions"}],"wp:featuredmedia":[{"embeddable":true,"href":"https:\/\/www.diarioimagen.net\/index.php?rest_route=\/wp\/v2\/media\/149753"}],"wp:attachment":[{"href":"https:\/\/www.diarioimagen.net\/index.php?rest_route=%2Fwp%2Fv2%2Fmedia&parent=149712"}],"wp:term":[{"taxonomy":"category","embeddable":true,"href":"https:\/\/www.diarioimagen.net\/index.php?rest_route=%2Fwp%2Fv2%2Fcategories&post=149712"},{"taxonomy":"post_tag","embeddable":true,"href":"https:\/\/www.diarioimagen.net\/index.php?rest_route=%2Fwp%2Fv2%2Ftags&post=149712"}],"curies":[{"name":"wp","href":"https:\/\/api.w.org\/{rel}","templated":true}]}}