{"id":149810,"date":"2013-10-07T19:14:28","date_gmt":"2013-10-08T00:14:28","guid":{"rendered":"http:\/\/www.diarioimagen.net\/?p=149810"},"modified":"2013-10-10T05:27:05","modified_gmt":"2013-10-10T10:27:05","slug":"lluvias-por-frente-frio-provocan-cinco-muertos","status":"publish","type":"post","link":"https:\/\/www.diarioimagen.net\/?p=149810","title":{"rendered":"Lluvias por frente fr\u00edo provocan cinco muertos"},"content":{"rendered":"<ul>\n<li><em><strong>Afectaron Veracruz e Hidalgo con deslaves; hubo desalojos en zonas de riesgo<\/strong><\/em><\/li>\n<\/ul>\n<div id=\"attachment_149811\" style=\"width: 250px\" class=\"wp-caption alignleft\"><a href=\"http:\/\/www.diarioimagen.net\/wp-content\/uploads\/2013\/10\/lluvias.jpg\"><img loading=\"lazy\" decoding=\"async\" aria-describedby=\"caption-attachment-149811\" class=\"size-medium wp-image-149811\" alt=\"Mientras, la tormenta tropical Narda se convertir\u00eda en hurac\u00e1n este martes en aguas del Oc\u00e9ano Pac\u00edfico, sin representar una amenaza para tierra firme, inform\u00f3 el Centro Nacional de Huracanes de Estados Unidos. Tambi\u00e9n se prev\u00e9 que se debilite un d\u00eda despu\u00e9s.\" src=\"http:\/\/www.diarioimagen.net\/wp-content\/uploads\/2013\/10\/lluvias-240x144.jpg\" width=\"240\" height=\"144\" srcset=\"https:\/\/www.diarioimagen.net\/wp-content\/uploads\/2013\/10\/lluvias-240x144.jpg 240w, https:\/\/www.diarioimagen.net\/wp-content\/uploads\/2013\/10\/lluvias-420x251.jpg 420w, https:\/\/www.diarioimagen.net\/wp-content\/uploads\/2013\/10\/lluvias.jpg 600w\" sizes=\"auto, (max-width: 240px) 100vw, 240px\" \/><\/a><p id=\"caption-attachment-149811\" class=\"wp-caption-text\">Mientras, la tormenta tropical Narda se convertir\u00eda en hurac\u00e1n este martes en aguas del Oc\u00e9ano Pac\u00edfico, sin representar una amenaza para tierra firme, inform\u00f3 el Centro Nacional de Huracanes de Estados Unidos. Tambi\u00e9n se prev\u00e9 que se debilite un d\u00eda despu\u00e9s.<\/p><\/div>\n<p>El Frente Fr\u00edo 4 provoc\u00f3 lluvias en M\u00e9xico que han dejado cinco personas muertas en los estados de Hidalgo y Veracruz, as\u00ed como deslaves y desalojos de personas que viven en zonas de riesgo.<\/p>\n<p>Autoridades del Municipio de Teocelo, Veracruz, y de Protecci\u00f3n Civil regional informaron que dos personas perdieron la vida porque un alud cay\u00f3 sobre su veh\u00edculo al circular sobre una carretera de la zona monta\u00f1osa central del estado.<\/p>\n<p>De acuerdo con los reportes, las v\u00edctimas salieron del Municipio de Cosautl\u00e1n con direcci\u00f3n a Teocelo, pero al cruzar por el sitio donde est\u00e1 una vieja mina de arena ocurri\u00f3 un deslave que sepult\u00f3 el veh\u00edculo. Las dos personas fueron reportadas por familiares luego de retrasarse por varias horas para llegar a su destino planeado.<\/p>\n","protected":false},"excerpt":{"rendered":"<p>El Frente Fr\u00edo 4 provoc\u00f3 lluvias en M\u00e9xico que han dejado cinco personas muertas en los estados de Hidalgo y Veracruz, as\u00ed como deslaves y desalojos de personas que viven en zonas de riesgo.<\/p>\n","protected":false},"author":5,"featured_media":149811,"comment_status":"open","ping_status":"open","sticky":false,"template":"","format":"standard","meta":{"_monsterinsights_skip_tracking":false,"_monsterinsights_sitenote_active":false,"_monsterinsights_sitenote_note":"","_monsterinsights_sitenote_category":0,"footnotes":""},"categories":[17,3],"tags":[377,1849,57],"class_list":["post-149810","post","type-post","status-publish","format-standard","has-post-thumbnail","hentry","category-especiales","category-nacional","tag-frente-frio","tag-lluvias","tag-proteccion-civil"],"_links":{"self":[{"href":"https:\/\/www.diarioimagen.net\/index.php?rest_route=\/wp\/v2\/posts\/149810","targetHints":{"allow":["GET"]}}],"collection":[{"href":"https:\/\/www.diarioimagen.net\/index.php?rest_route=\/wp\/v2\/posts"}],"about":[{"href":"https:\/\/www.diarioimagen.net\/index.php?rest_route=\/wp\/v2\/types\/post"}],"author":[{"embeddable":true,"href":"https:\/\/www.diarioimagen.net\/index.php?rest_route=\/wp\/v2\/users\/5"}],"replies":[{"embeddable":true,"href":"https:\/\/www.diarioimagen.net\/index.php?rest_route=%2Fwp%2Fv2%2Fcomments&post=149810"}],"version-history":[{"count":0,"href":"https:\/\/www.diarioimagen.net\/index.php?rest_route=\/wp\/v2\/posts\/149810\/revisions"}],"wp:featuredmedia":[{"embeddable":true,"href":"https:\/\/www.diarioimagen.net\/index.php?rest_route=\/wp\/v2\/media\/149811"}],"wp:attachment":[{"href":"https:\/\/www.diarioimagen.net\/index.php?rest_route=%2Fwp%2Fv2%2Fmedia&parent=149810"}],"wp:term":[{"taxonomy":"category","embeddable":true,"href":"https:\/\/www.diarioimagen.net\/index.php?rest_route=%2Fwp%2Fv2%2Fcategories&post=149810"},{"taxonomy":"post_tag","embeddable":true,"href":"https:\/\/www.diarioimagen.net\/index.php?rest_route=%2Fwp%2Fv2%2Ftags&post=149810"}],"curies":[{"name":"wp","href":"https:\/\/api.w.org\/{rel}","templated":true}]}}