{"id":149857,"date":"2013-10-08T00:02:34","date_gmt":"2013-10-08T05:02:34","guid":{"rendered":"http:\/\/www.diarioimagen.net\/?p=149857"},"modified":"2013-10-09T02:44:35","modified_gmt":"2013-10-09T07:44:35","slug":"la-izquierda-de-amlo","status":"publish","type":"post","link":"https:\/\/www.diarioimagen.net\/?p=149857","title":{"rendered":"La izquierda de AMLO"},"content":{"rendered":"<h2>Acta P\u00fablica<\/h2>\n<h5>Claudia Rodr\u00edguez<\/h5>\n<p><span><br \/>\nNo cabe duda que algo pasa en la cabeza de muchos individuos cuando ya han probado el poder.<\/span><\/p>\n<p>Hay quienes lo quieren retener a toda costa y los hay quienes lo quieren recuperar. Andr\u00e9s Manuel L\u00f3pez Obrador, quien fuera jefe de gobierno del Distrito Federal, entre el 2000 hasta el 6 de abril del 2005, un d\u00eda antes de la votaci\u00f3n en la C\u00e1mara de Diputados en la que se le retir\u00f3 la inmunidad judicial por el caso El Encino y quien antes fuera presidente nacional del Partido de la Revoluci\u00f3n Democr\u00e1tica (PRD) y luego dos veces candidato a ocupar el m\u00e1ximo encargo del Ejecutivo federal por la izquierda mexicana, desde el momento que perdi\u00f3 en segunda ocasi\u00f3n, enfil\u00f3 de nuevo sus bater\u00edas para aspirar a una tercera oportunidad.<\/p>\n<p>En una izquierda que manifiesta no estar dividida, sobre todo cuando se trata de llevar adelante causas personales de los militantes con aspiraciones al \u201crimbombante y lucrativo\u201d mundo de la pol\u00edtica \u00a0\u00a0y el da\u00f1o que esto puede causar a cualquiera de sus objetivos, pero que en la pr\u00e1ctica el grupo de identificaci\u00f3n pol\u00edtica est\u00e1 m\u00e1s que fracturado, resulta que hay una advertencia muy optimista y futurista de Andr\u00e9s Manuel L\u00f3pez Obrador:<\/p>\n<p>\u201cMandar\u00e1 por un tubo\u201d a los colados de la izquierda y sobre todo a aquellos que se identifiquen abiertamente con el PRD, si pretenden de alg\u00fan modo infiltrarse en el Movimiento de Regeneraci\u00f3n Nacional (Morena) y as\u00ed llegar a un puesto p\u00fablico.<\/p>\n<p>L\u00f3pez Obrador a cinco a\u00f1os de la pr\u00f3xima votaci\u00f3n presidencial, ya tiene c\u00e1lculos de los votos que obtendr\u00e1 y advierte que redoblar\u00e1 los sufragios que obtuvo en la pasada votaci\u00f3n federal, de 16 millones de votos a 30 millones.<\/p>\n<p>Si ese fuera el caso, la bolita m\u00e1gica o el escenario prospectivo de Andr\u00e9s Manuel, debe augurar o en su caso advertir un mal desempe\u00f1o del gobierno federal y un deterioro de la sociedad mexicana.<\/p>\n<p>Si Andr\u00e9s Manuel quiere arrebatar con su Morena a todos los partidos pol\u00edticos, incluso a los de izquierda todo el poder, bien, que haga su trabajo en torno a capturar el voto ciudadano.<\/p>\n<p>Pero espero que su bolita m\u00e1gica o sus an\u00e1lisis en el trayecto pol\u00edtico de M\u00e9xico de aqu\u00ed a seis a\u00f1os, no sea tan terrible como para que a ciegas le otorguen a \u00e9l, el ya tan famoso y operativo voto de castigo.<\/p>\n<p><b><i>Acta Divina\u2026 <\/i><\/b>\u00a0Andr\u00e9s Manuel L\u00f3pez Obrador se\u00f1al\u00f3 ante decenas de seguidores: \u201cEsos que est\u00e1n imaginando en el PRD, en el Partido del Trabajo (PT), en el Movimiento Ciudadano u otros partidos y obtuvieron oportunidad para llegar a ser en este caso delegados, diputados o cualquier cargo, se est\u00e9n imaginado, est\u00e9n pensando que ahora se van a colar en Morena, yo les dir\u00eda que se van a ir, pero por un tubo\u201d.<\/p>\n<p><b><i>Para advertir\u2026<\/i><\/b> \u00a0\u00a0Melanie Reid, ex funcionaria del Departamento de Justicia de Estados Unidos, propone estrategia mexicana contra el narco para pa\u00edses de \u00c1frica.<\/p>\n<p><em><a href=\"mailto:actapublica@gmail.com\" target=\"_blank\">actapublica@gmail.com<\/a><\/em><\/p>\n","protected":false},"excerpt":{"rendered":"<p><span style=\"color: #005497;\"><strong>Claudia Rodr\u00edguez<\/strong><\/span><\/p>\n","protected":false},"author":3,"featured_media":0,"comment_status":"open","ping_status":"open","sticky":false,"template":"","format":"standard","meta":{"_monsterinsights_skip_tracking":false,"_monsterinsights_sitenote_active":false,"_monsterinsights_sitenote_note":"","_monsterinsights_sitenote_category":0,"footnotes":""},"categories":[1281],"tags":[43674],"class_list":["post-149857","post","type-post","status-publish","format-standard","hentry","category-claudia-rodriguez","tag-opinion"],"_links":{"self":[{"href":"https:\/\/www.diarioimagen.net\/index.php?rest_route=\/wp\/v2\/posts\/149857","targetHints":{"allow":["GET"]}}],"collection":[{"href":"https:\/\/www.diarioimagen.net\/index.php?rest_route=\/wp\/v2\/posts"}],"about":[{"href":"https:\/\/www.diarioimagen.net\/index.php?rest_route=\/wp\/v2\/types\/post"}],"author":[{"embeddable":true,"href":"https:\/\/www.diarioimagen.net\/index.php?rest_route=\/wp\/v2\/users\/3"}],"replies":[{"embeddable":true,"href":"https:\/\/www.diarioimagen.net\/index.php?rest_route=%2Fwp%2Fv2%2Fcomments&post=149857"}],"version-history":[{"count":0,"href":"https:\/\/www.diarioimagen.net\/index.php?rest_route=\/wp\/v2\/posts\/149857\/revisions"}],"wp:attachment":[{"href":"https:\/\/www.diarioimagen.net\/index.php?rest_route=%2Fwp%2Fv2%2Fmedia&parent=149857"}],"wp:term":[{"taxonomy":"category","embeddable":true,"href":"https:\/\/www.diarioimagen.net\/index.php?rest_route=%2Fwp%2Fv2%2Fcategories&post=149857"},{"taxonomy":"post_tag","embeddable":true,"href":"https:\/\/www.diarioimagen.net\/index.php?rest_route=%2Fwp%2Fv2%2Ftags&post=149857"}],"curies":[{"name":"wp","href":"https:\/\/api.w.org\/{rel}","templated":true}]}}