{"id":149859,"date":"2013-10-08T00:01:37","date_gmt":"2013-10-08T05:01:37","guid":{"rendered":"http:\/\/www.diarioimagen.net\/?p=149859"},"modified":"2013-10-10T05:27:11","modified_gmt":"2013-10-10T10:27:11","slug":"los-arboles-mueren-de-pie-rinde-homenaje-a-ofelia-guilmain","status":"publish","type":"post","link":"https:\/\/www.diarioimagen.net\/?p=149859","title":{"rendered":"<i>Los \u00e1rboles mueren de pie<\/i> rinde homenaje a Ofelia Guilm\u00e1in"},"content":{"rendered":"<ul>\n<li><em><strong>La temporada que se presenta en el Teatro Ramiro Jim\u00e9nez concluir\u00e1 en diciembre<\/strong><\/em><\/li>\n<\/ul>\n<p>&nbsp;<\/p>\n<h6><b>Asael Grande<\/b><\/h6>\n<p>&nbsp;<\/p>\n<div id=\"attachment_149867\" style=\"width: 250px\" class=\"wp-caption alignleft\"><a href=\"http:\/\/www.diarioimagen.net\/wp-content\/uploads\/2013\/10\/susana-2202.jpg\"><img loading=\"lazy\" decoding=\"async\" aria-describedby=\"caption-attachment-149867\" class=\"size-medium wp-image-149867\" alt=\"El elenco est\u00e1 conformado por Susana Alexander, Edith Gonz\u00e1lez, Mauricio Islas, Sergio Mayer, Norma Lazareno, Roberto D\u2019Amico, Gina Varela y Alejandro Tan\u00fas. (Foto: Asael Grande)\" src=\"http:\/\/www.diarioimagen.net\/wp-content\/uploads\/2013\/10\/susana-2202-240x135.jpg\" width=\"240\" height=\"135\" srcset=\"https:\/\/www.diarioimagen.net\/wp-content\/uploads\/2013\/10\/susana-2202-240x135.jpg 240w, https:\/\/www.diarioimagen.net\/wp-content\/uploads\/2013\/10\/susana-2202-420x236.jpg 420w, https:\/\/www.diarioimagen.net\/wp-content\/uploads\/2013\/10\/susana-2202-235x132.jpg 235w, https:\/\/www.diarioimagen.net\/wp-content\/uploads\/2013\/10\/susana-2202-202x114.jpg 202w, https:\/\/www.diarioimagen.net\/wp-content\/uploads\/2013\/10\/susana-2202-350x196.jpg 350w, https:\/\/www.diarioimagen.net\/wp-content\/uploads\/2013\/10\/susana-2202-220x123.jpg 220w, https:\/\/www.diarioimagen.net\/wp-content\/uploads\/2013\/10\/susana-2202-237x132.jpg 237w, https:\/\/www.diarioimagen.net\/wp-content\/uploads\/2013\/10\/susana-2202.jpg 480w\" sizes=\"auto, (max-width: 240px) 100vw, 240px\" \/><\/a><p id=\"caption-attachment-149867\" class=\"wp-caption-text\">El elenco est\u00e1 conformado por Susana Alexander, Edith Gonz\u00e1lez, Mauricio Islas, Sergio Mayer, Norma Lazareno, Roberto D\u2019Amico, Gina Varela y Alejandro Tan\u00fas. (Foto: Asael Grande)<\/p><\/div>\n<p><i>Los \u00e1rboles mueren de pie<\/i>, obra teatral del dramaturgo espa\u00f1ol Alejandro Casona y que pertenece a la literatura contempor\u00e1nea espa\u00f1ola, llega al Teatro Ramiro Jim\u00e9nez, en donde un elenco de primer nivel, conformado por Susana Alexander, Edith Gonz\u00e1lez, Mauricio Islas, Sergio Mayer, Norma Lazareno, Roberto D\u2019amico, Gina Varela y Alejandro Tan\u00fas, comparten el escenario de esta puesta en escena que es \u201cuna obra maravillosa, siempre hemos tenido una incre\u00edble recepci\u00f3n por parte del p\u00fablico, quien nos aplaude de pie en toda la Rep\u00fablica Mexicana, y siempre hab\u00edamos querido hacer una temporada aqu\u00ed y tiene un reparto verdaderamente estelar, este proyecto lo estamos haciendo desde el a\u00f1o pasado y no hemos dejado de hacerla, porque todos somos muy felices haciendo esta obra, con direcci\u00f3n de Roberto Girault y una gran adaptaci\u00f3n con m\u00fasica espl\u00e9ndida, un escenario de los a\u00f1os 40, en fin es una producci\u00f3n que encanta a la gente porque es maravillosa, es una obra que mantiene a la gente interesada\u201d, dijo la actriz Susana Alexander, quien interpreta la abuela.<\/p>\n<p>Por su parte, la actriz y cantante Gina Varela dijo a <b>DIARIO IMAGEN <\/b>sentirse : \u201cMi personaje es <i>Elena,<\/i> que es la asistente del director general de la f\u00e1brica de sue\u00f1os, y estoy honrad\u00edsima de estar en esta puesta en escena que siempre me ha encantado, adem\u00e1s qui\u00e9n no recuerda la frase \u2018muerta por dentro, pero de pie como un \u00e1rbol\u2019 que dec\u00eda la se\u00f1ora Guilm\u00e1in, que marc\u00f3 y que ha hecho historia\u201d, coment\u00f3 la actriz que este a\u00f1o tambi\u00e9n se integr\u00f3 a la puesta en escena <i>Ba\u00f1o de mujeres.<\/i><\/p>\n<p>El actor y modelo Sergio Mayer recalc\u00f3 que actualmente hacen \u201cuna temporada en este teatro Ramiro Jim\u00e9nez y despu\u00e9s ver la posibilidad en enero de ir a otro teatro. Para m\u00ed interpretar mi personaje en esta obra es una gran responsabilidad, desde un inicio todo mundo recuerda esta gran obra, y la frase \u2018muerta por dentro, pero de pie como un \u00e1rbol\u2019 es la culminaci\u00f3n de la obra\u201d, dijo en entrevista con este diario.<\/p>\n<p><i>Los \u00e1rboles mueren de pie<\/i> se presenta en el Teatro Ramiro Jim\u00e9nez (ubicado en Divisi\u00f3n del Norte 2545, Del Carmen, Coyoac\u00e1n) los d\u00edas viernes 19 y 21:30 hrs. s\u00e1bados 18 y 20:30 hrs. y domingos 17 y 19:30 hrs. hasta la primer semana de diciembre.<\/p>\n","protected":false},"excerpt":{"rendered":"<p>Los \u00e1rboles mueren de pie, obra teatral del dramaturgo espa\u00f1ol Alejandro Casona y que pertenece a la literatura contempor\u00e1nea espa\u00f1ola, llega al Teatro Ramiro Jim\u00e9nez, en donde un elenco de primer nivel, conformado por Susana Alexander, Edith Gonz\u00e1lez, Mauricio Islas, Sergio Mayer, Norma Lazareno, Roberto D\u2019amico, Gina Varela y Alejandro Tan\u00fas, comparten el escenario de esta puesta en escena que es \u201cuna obra maravillosa, siempre hemos tenido una incre\u00edble recepci\u00f3n por parte del p\u00fablico<\/p>\n","protected":false},"author":1,"featured_media":149867,"comment_status":"open","ping_status":"open","sticky":false,"template":"","format":"standard","meta":{"_monsterinsights_skip_tracking":false,"_monsterinsights_sitenote_active":false,"_monsterinsights_sitenote_note":"","_monsterinsights_sitenote_category":0,"footnotes":""},"categories":[17,12],"tags":[43682],"class_list":["post-149859","post","type-post","status-publish","format-standard","has-post-thumbnail","hentry","category-especiales","category-espectaculos","tag-espectaculos"],"_links":{"self":[{"href":"https:\/\/www.diarioimagen.net\/index.php?rest_route=\/wp\/v2\/posts\/149859","targetHints":{"allow":["GET"]}}],"collection":[{"href":"https:\/\/www.diarioimagen.net\/index.php?rest_route=\/wp\/v2\/posts"}],"about":[{"href":"https:\/\/www.diarioimagen.net\/index.php?rest_route=\/wp\/v2\/types\/post"}],"author":[{"embeddable":true,"href":"https:\/\/www.diarioimagen.net\/index.php?rest_route=\/wp\/v2\/users\/1"}],"replies":[{"embeddable":true,"href":"https:\/\/www.diarioimagen.net\/index.php?rest_route=%2Fwp%2Fv2%2Fcomments&post=149859"}],"version-history":[{"count":0,"href":"https:\/\/www.diarioimagen.net\/index.php?rest_route=\/wp\/v2\/posts\/149859\/revisions"}],"wp:featuredmedia":[{"embeddable":true,"href":"https:\/\/www.diarioimagen.net\/index.php?rest_route=\/wp\/v2\/media\/149867"}],"wp:attachment":[{"href":"https:\/\/www.diarioimagen.net\/index.php?rest_route=%2Fwp%2Fv2%2Fmedia&parent=149859"}],"wp:term":[{"taxonomy":"category","embeddable":true,"href":"https:\/\/www.diarioimagen.net\/index.php?rest_route=%2Fwp%2Fv2%2Fcategories&post=149859"},{"taxonomy":"post_tag","embeddable":true,"href":"https:\/\/www.diarioimagen.net\/index.php?rest_route=%2Fwp%2Fv2%2Ftags&post=149859"}],"curies":[{"name":"wp","href":"https:\/\/api.w.org\/{rel}","templated":true}]}}