{"id":149878,"date":"2013-10-08T00:09:06","date_gmt":"2013-10-08T05:09:06","guid":{"rendered":"http:\/\/www.diarioimagen.net\/?p=149878"},"modified":"2013-10-08T05:15:02","modified_gmt":"2013-10-08T10:15:02","slug":"entregaron-7-mil-becas-a-desempleados-en-un-ano","status":"publish","type":"post","link":"https:\/\/www.diarioimagen.net\/?p=149878","title":{"rendered":"Entregaron 7 mil becas a desempleados en un a\u00f1o"},"content":{"rendered":"<ul>\n<li><em><strong>El titular de la Secretar\u00eda del Trabajo capitalina afirma que durante su gesti\u00f3n se ha atendido a 91,280 buscadores de empleo<\/strong><\/em><\/li>\n<\/ul>\n<p>&nbsp;<\/p>\n<div id=\"attachment_149883\" style=\"width: 250px\" class=\"wp-caption alignleft\"><a href=\"http:\/\/www.diarioimagen.net\/wp-content\/uploads\/2013\/10\/navarrete-prida-2202.jpg\"><img loading=\"lazy\" decoding=\"async\" aria-describedby=\"caption-attachment-149883\" class=\"size-medium wp-image-149883\" alt=\"El secretario del Trabajo del gobierno capitalino inform\u00f3 que se han entregado 7 mil becas a j\u00f3venes desempleados en lo que va de la presente administraci\u00f3n.\" src=\"http:\/\/www.diarioimagen.net\/wp-content\/uploads\/2013\/10\/navarrete-prida-2202-240x212.jpg\" width=\"240\" height=\"212\" srcset=\"https:\/\/www.diarioimagen.net\/wp-content\/uploads\/2013\/10\/navarrete-prida-2202-240x212.jpg 240w, https:\/\/www.diarioimagen.net\/wp-content\/uploads\/2013\/10\/navarrete-prida-2202-420x371.jpg 420w, https:\/\/www.diarioimagen.net\/wp-content\/uploads\/2013\/10\/navarrete-prida-2202.jpg 500w\" sizes=\"auto, (max-width: 240px) 100vw, 240px\" \/><\/a><p id=\"caption-attachment-149883\" class=\"wp-caption-text\">El secretario del Trabajo del gobierno capitalino inform\u00f3 que se han entregado 7 mil becas a j\u00f3venes desempleados en lo que va de la presente administraci\u00f3n.<\/p><\/div>\n<p>El secretario de Trabajo capitalino, Carlos Navarrete Ruiz, indic\u00f3 que en el primer a\u00f1o de su gesti\u00f3n se atendieron a 91 mil 280 buscadores de empleo y se otorgaron siete mil 229 becas de apoyo en este rubro.<\/p>\n<p>En su comparecencia en la Asamblea Legislativa del Distrito Federal (ALDF), el titular de la Secretar\u00eda del Trabajo y Fomento al Empleo a\u00f1adi\u00f3 que tambi\u00e9n se benefici\u00f3 a 5 mil 784 personas a trav\u00e9s de cursos de capacitaci\u00f3n, y se enfrent\u00f3 la crisis del empleo entre los j\u00f3venes.<\/p>\n<p>El funcionario destac\u00f3 la creaci\u00f3n de la bolsa digital del empleo \u201cEl Portal de Trabajo Ciudad de M\u00e9xico\u201d, mediante el cual se agiliza el proceso de intermediaci\u00f3n laboral, y en el que la dependencia ser\u00e1 un elemento vinculante entre los buscadores y los ofertadores.<\/p>\n<p>Con la iniciativa de \u201cMi Primer Empleo\u201d se dio prioridad a los 147 mil j\u00f3venes que enfrentan la crisis del empleo; se organiz\u00f3 la Feria Expo Joven, Vive y Trabaja en tu Delegaci\u00f3n en el Z\u00f3calo capitalino, donde se ofertaron m\u00e1s de 20 mil plazas de trabajo.<\/p>\n<p>Navarrete Ruiz indic\u00f3 que la creaci\u00f3n del Instituto de Capacitaci\u00f3n para el Trabajo del Distrito Federal (ICATDF) contribuir\u00e1 a impulsar y consolidar los programas de capacitaci\u00f3n formal, para satisfacer la demanda de las empresas que requieren mano de obra especializada.<\/p>\n<p>Refiri\u00f3 adem\u00e1s que uno de los ejes prioritarios de la presente administraci\u00f3n es la equidad de g\u00e9nero y con el Servicio de Atenci\u00f3n a Mujeres en Materia Laboral, se recibieron ocho mil 980 solicitudes de asesor\u00eda en materia laboral presentadas por mujeres trabajadoras.<\/p>\n<p>El secretario de Trabajo capitalino afirm\u00f3 que se consiguieron m\u00e1s metas con las 250 asesor\u00edas otorgadas para la constituci\u00f3n de sociedades cooperativas y 400 para la elaboraci\u00f3n de proyectos e integraci\u00f3n al Programa para Promoci\u00f3n y Fortalecimiento en Integraci\u00f3n Cooperativa 2013.<\/p>\n<p>Entre otras, refiri\u00f3 que se brindaron 80 asesor\u00edas para formaci\u00f3n fiscal, ocho para proveedur\u00eda al gobierno del Distrito Federal, 65 en apoyo para la elaboraci\u00f3n de actas constitutivas y 20 talleres de Fomento Cooperativo con funcionarios de las diferentes demarcaciones.<\/p>\n","protected":false},"excerpt":{"rendered":"<p>El secretario de Trabajo capitalino, Carlos Navarrete Ruiz, indic\u00f3 que en el primer a\u00f1o de su gesti\u00f3n se atendieron a 91 mil 280 buscadores de empleo y se otorgaron siete mil 229 becas de apoyo en este rubro.<\/p>\n","protected":false},"author":1,"featured_media":149883,"comment_status":"open","ping_status":"open","sticky":false,"template":"","format":"standard","meta":{"_monsterinsights_skip_tracking":false,"_monsterinsights_sitenote_active":false,"_monsterinsights_sitenote_note":"","_monsterinsights_sitenote_category":0,"footnotes":""},"categories":[6],"tags":[210,11642,204],"class_list":["post-149878","post","type-post","status-publish","format-standard","has-post-thumbnail","hentry","category-cd-de-mexico","tag-aldf","tag-becas","tag-ciudad-de-mexico"],"_links":{"self":[{"href":"https:\/\/www.diarioimagen.net\/index.php?rest_route=\/wp\/v2\/posts\/149878","targetHints":{"allow":["GET"]}}],"collection":[{"href":"https:\/\/www.diarioimagen.net\/index.php?rest_route=\/wp\/v2\/posts"}],"about":[{"href":"https:\/\/www.diarioimagen.net\/index.php?rest_route=\/wp\/v2\/types\/post"}],"author":[{"embeddable":true,"href":"https:\/\/www.diarioimagen.net\/index.php?rest_route=\/wp\/v2\/users\/1"}],"replies":[{"embeddable":true,"href":"https:\/\/www.diarioimagen.net\/index.php?rest_route=%2Fwp%2Fv2%2Fcomments&post=149878"}],"version-history":[{"count":0,"href":"https:\/\/www.diarioimagen.net\/index.php?rest_route=\/wp\/v2\/posts\/149878\/revisions"}],"wp:featuredmedia":[{"embeddable":true,"href":"https:\/\/www.diarioimagen.net\/index.php?rest_route=\/wp\/v2\/media\/149883"}],"wp:attachment":[{"href":"https:\/\/www.diarioimagen.net\/index.php?rest_route=%2Fwp%2Fv2%2Fmedia&parent=149878"}],"wp:term":[{"taxonomy":"category","embeddable":true,"href":"https:\/\/www.diarioimagen.net\/index.php?rest_route=%2Fwp%2Fv2%2Fcategories&post=149878"},{"taxonomy":"post_tag","embeddable":true,"href":"https:\/\/www.diarioimagen.net\/index.php?rest_route=%2Fwp%2Fv2%2Ftags&post=149878"}],"curies":[{"name":"wp","href":"https:\/\/api.w.org\/{rel}","templated":true}]}}