{"id":149925,"date":"2013-10-09T00:04:35","date_gmt":"2013-10-09T05:04:35","guid":{"rendered":"http:\/\/www.diarioimagen.net\/?p=149925"},"modified":"2013-10-10T05:28:41","modified_gmt":"2013-10-10T10:28:41","slug":"motin-en-el-penal-de-cancun","status":"publish","type":"post","link":"https:\/\/www.diarioimagen.net\/?p=149925","title":{"rendered":"Saldo de 27 heridos deja ri\u00f1a en penal de Canc\u00fan"},"content":{"rendered":"<ul>\n<li><em><strong>La iniciaron la banda \u201cLos Sure\u00f1os\u201d<\/strong><\/em><\/li>\n<\/ul>\n<div id=\"attachment_150010\" style=\"width: 250px\" class=\"wp-caption alignleft\"><a href=\"http:\/\/www.diarioimagen.net\/wp-content\/uploads\/2013\/10\/motin-cancun-2203.jpg\"><img loading=\"lazy\" decoding=\"async\" aria-describedby=\"caption-attachment-150010\" class=\"size-medium wp-image-150010\" alt=\"El Ej\u00e9rcito despleg\u00f3 un operativo para controlar la pelea entre internos en el penal de Canc\u00fan, en la que resultaron 27 lesionados, ninguno de ellos grave.\" src=\"http:\/\/www.diarioimagen.net\/wp-content\/uploads\/2013\/10\/motin-cancun-2203-240x135.jpg\" width=\"240\" height=\"135\" srcset=\"https:\/\/www.diarioimagen.net\/wp-content\/uploads\/2013\/10\/motin-cancun-2203-240x135.jpg 240w, https:\/\/www.diarioimagen.net\/wp-content\/uploads\/2013\/10\/motin-cancun-2203-420x236.jpg 420w, https:\/\/www.diarioimagen.net\/wp-content\/uploads\/2013\/10\/motin-cancun-2203-235x132.jpg 235w, https:\/\/www.diarioimagen.net\/wp-content\/uploads\/2013\/10\/motin-cancun-2203-202x114.jpg 202w, https:\/\/www.diarioimagen.net\/wp-content\/uploads\/2013\/10\/motin-cancun-2203-350x196.jpg 350w, https:\/\/www.diarioimagen.net\/wp-content\/uploads\/2013\/10\/motin-cancun-2203-220x123.jpg 220w, https:\/\/www.diarioimagen.net\/wp-content\/uploads\/2013\/10\/motin-cancun-2203-237x132.jpg 237w, https:\/\/www.diarioimagen.net\/wp-content\/uploads\/2013\/10\/motin-cancun-2203.jpg 480w\" sizes=\"auto, (max-width: 240px) 100vw, 240px\" \/><\/a><p id=\"caption-attachment-150010\" class=\"wp-caption-text\">El Ej\u00e9rcito despleg\u00f3 un operativo para controlar la pelea entre internos en el penal de Canc\u00fan, en la que resultaron 27 lesionados, ninguno de ellos grave.<\/p><\/div>\n<p><strong>Canc\u00fan, Quintana Roo<\/strong>.-\u00a0 Un saldo de 27 reos lesionados dej\u00f3 como saldo una ri\u00f1a registrada al interior del penal, cuatro de los cuales\u00a0 debieron ser trasladados a un hospital, inform\u00f3 el subprocurador de Justicia en la zona norte, Carlos Arturo \u00c1lvarez Escalera.<\/p>\n<p>En la trifulca participaron alrededor de 300 presos y fue inciada por la banda \u201cLos Sure\u00f1os\u201d, quienes pretend\u00edan aprovechar la confusi\u00f3n para intentar fugarse.<\/p>\n<p>El secretario de Gobierno, Gabriel Mendicutti Lor\u00eda, dijo que la oportuna intervenci\u00f3n de las polic\u00edas Estatal Preventiva, Municipal y Judicial permiti\u00f3 controlar la ri\u00f1a.<\/p>\n<p>El funcionario indic\u00f3 que de acuerdo con el reporte de la Secretar\u00eda Estatal de Seguridad P\u00fablica (SESP), los heridos recibieron atenci\u00f3n m\u00e9dica y cuatro de ellos fueron trasladados al Hospital General, aun cuando sus heridas no son\u00a0 graves.<\/p>\n<p>Es importante destacar que la r\u00e1pida y oportuna intervenci\u00f3n de los cuerpos policiacos permiti\u00f3 el\u00a0 control de la ri\u00f1a.<\/p>\n<p>Por su parte, el general Carlos Bibiano Villa Castillo, confirm\u00f3 que orden\u00f3 la inmediata implementaci\u00f3n de un dispositivo de seguridad en el centro de reclusi\u00f3n, que permiti\u00f3 a las autoridades mantener el control.<\/p>\n<p>Explic\u00f3 que los cinco heridos fueron atendidos en la enfermer\u00eda del penal y cuatro de ellos fueron trasladados al hospital. Si bien dos internos tienen fracturas, ninguno de los lesionados presenta heridas de consideraci\u00f3n.<\/p>\n<p>Gracias a la coordinaci\u00f3n y a la oportuna intervenci\u00f3n de las corporaciones policiacas, se control\u00f3 la pelea entre internos, sin que pasara a mayores.<\/p>\n<p>&nbsp;<\/p>\n","protected":false},"excerpt":{"rendered":"<p>Un saldo de 27 reos lesionados dej\u00f3 como saldo una ri\u00f1a registrada al interior del penal, cuatro de los cuales  debieron ser trasladados a un hospital, inform\u00f3 el subprocurador de Justicia en la zona norte, Carlos Arturo \u00c1lvarez Escalera.<\/p>\n","protected":false},"author":5,"featured_media":150010,"comment_status":"open","ping_status":"open","sticky":false,"template":"","format":"standard","meta":{"_monsterinsights_skip_tracking":false,"_monsterinsights_sitenote_active":false,"_monsterinsights_sitenote_note":"","_monsterinsights_sitenote_category":0,"footnotes":""},"categories":[17],"tags":[817,19158,18108,1250,8142],"class_list":["post-149925","post","type-post","status-publish","format-standard","has-post-thumbnail","hentry","category-especiales","tag-cancun","tag-motin","tag-penal","tag-quintana-roo","tag-roberto-borge-angulo"],"_links":{"self":[{"href":"https:\/\/www.diarioimagen.net\/index.php?rest_route=\/wp\/v2\/posts\/149925","targetHints":{"allow":["GET"]}}],"collection":[{"href":"https:\/\/www.diarioimagen.net\/index.php?rest_route=\/wp\/v2\/posts"}],"about":[{"href":"https:\/\/www.diarioimagen.net\/index.php?rest_route=\/wp\/v2\/types\/post"}],"author":[{"embeddable":true,"href":"https:\/\/www.diarioimagen.net\/index.php?rest_route=\/wp\/v2\/users\/5"}],"replies":[{"embeddable":true,"href":"https:\/\/www.diarioimagen.net\/index.php?rest_route=%2Fwp%2Fv2%2Fcomments&post=149925"}],"version-history":[{"count":0,"href":"https:\/\/www.diarioimagen.net\/index.php?rest_route=\/wp\/v2\/posts\/149925\/revisions"}],"wp:featuredmedia":[{"embeddable":true,"href":"https:\/\/www.diarioimagen.net\/index.php?rest_route=\/wp\/v2\/media\/150010"}],"wp:attachment":[{"href":"https:\/\/www.diarioimagen.net\/index.php?rest_route=%2Fwp%2Fv2%2Fmedia&parent=149925"}],"wp:term":[{"taxonomy":"category","embeddable":true,"href":"https:\/\/www.diarioimagen.net\/index.php?rest_route=%2Fwp%2Fv2%2Fcategories&post=149925"},{"taxonomy":"post_tag","embeddable":true,"href":"https:\/\/www.diarioimagen.net\/index.php?rest_route=%2Fwp%2Fv2%2Ftags&post=149925"}],"curies":[{"name":"wp","href":"https:\/\/api.w.org\/{rel}","templated":true}]}}