{"id":150000,"date":"2013-10-09T00:08:05","date_gmt":"2013-10-09T05:08:05","guid":{"rendered":"http:\/\/www.diarioimagen.net\/?p=150000"},"modified":"2013-10-09T04:22:22","modified_gmt":"2013-10-09T09:22:22","slug":"shcp-y-estados-fronterizos-analizan-reforma-hacendaria","status":"publish","type":"post","link":"https:\/\/www.diarioimagen.net\/?p=150000","title":{"rendered":"SHCP y estados fronterizos analizan reforma hacendaria"},"content":{"rendered":"<ul>\n<li><strong><em>Principalmente IVA y maquiladoras<\/em><\/strong><\/li>\n<\/ul>\n<div id=\"attachment_150027\" style=\"width: 250px\" class=\"wp-caption alignleft\"><a href=\"http:\/\/www.diarioimagen.net\/wp-content\/uploads\/2013\/10\/videgaray-2203.jpg\"><img loading=\"lazy\" decoding=\"async\" aria-describedby=\"caption-attachment-150027\" class=\"size-medium wp-image-150027\" alt=\"El secretario de Hacienda, Luis Videgaray Caso, se reuni\u00f3 con gobernadores panistas para escuchar sus puntos de vista.\" src=\"http:\/\/www.diarioimagen.net\/wp-content\/uploads\/2013\/10\/videgaray-2203-240x135.jpg\" width=\"240\" height=\"135\" srcset=\"https:\/\/www.diarioimagen.net\/wp-content\/uploads\/2013\/10\/videgaray-2203-240x135.jpg 240w, https:\/\/www.diarioimagen.net\/wp-content\/uploads\/2013\/10\/videgaray-2203-420x236.jpg 420w, https:\/\/www.diarioimagen.net\/wp-content\/uploads\/2013\/10\/videgaray-2203-235x132.jpg 235w, https:\/\/www.diarioimagen.net\/wp-content\/uploads\/2013\/10\/videgaray-2203-202x114.jpg 202w, https:\/\/www.diarioimagen.net\/wp-content\/uploads\/2013\/10\/videgaray-2203-350x196.jpg 350w, https:\/\/www.diarioimagen.net\/wp-content\/uploads\/2013\/10\/videgaray-2203-220x123.jpg 220w, https:\/\/www.diarioimagen.net\/wp-content\/uploads\/2013\/10\/videgaray-2203-237x132.jpg 237w, https:\/\/www.diarioimagen.net\/wp-content\/uploads\/2013\/10\/videgaray-2203.jpg 480w\" sizes=\"auto, (max-width: 240px) 100vw, 240px\" \/><\/a><p id=\"caption-attachment-150027\" class=\"wp-caption-text\">El secretario de Hacienda, Luis Videgaray Caso, se reuni\u00f3 con gobernadores panistas para escuchar sus puntos de vista.<\/p><\/div>\n<p>El secretario de Hacienda y Cr\u00e9dito P\u00fablico (SHCP), Luis Videgaray Caso, encabez\u00f3 una reuni\u00f3n de trabajo con representantes de los estados fronterizos, con el fin de analizar temas espec\u00edficos como el de la homologaci\u00f3n del Impuesto al Valor Agregado (IVA) y la industria maquiladora en esa regi\u00f3n del pa\u00eds.<\/p>\n<p>La dependencia inform\u00f3 que la reuni\u00f3n, celebrada en Palacio Nacional, se efectu\u00f3 en atenci\u00f3n a las instrucciones del presidente Enrique Pe\u00f1a Nieto para escuchar todas las voces y opiniones sobre la propuesta de reforma hacendaria.<\/p>\n<p>Al encuentro, solicitado por el gobernador electo de Baja California, Francisco Vega de Lamadrid, asistieron legisladores, as\u00ed como dirigentes y representantes de organismos empresariales e instituciones acad\u00e9micas de Baja California, Baja California Sur, Chihuahua, Quintana Roo, Sonora y Jalisco.<\/p>\n<p>Y con base en dos estudios presentados por el Colegio de la Frontera y el Instituto Tecnol\u00f3gico y de Estudios Superiores de Monterrey, se platic\u00f3 sobre el impacto econ\u00f3mico de la posible homologaci\u00f3n del IVA y la importancia de asegurar que el sector maquilador de exportaci\u00f3n no se vea afectado por la propuesta de reforma hacendaria.<b><\/b><\/p>\n<p>&nbsp;<\/p>\n","protected":false},"excerpt":{"rendered":"<p>El secretario de Hacienda y Cr\u00e9dito P\u00fablico (SHCP), Luis Videgaray Caso, encabez\u00f3 una reuni\u00f3n de trabajo con representantes de los estados fronterizos, con el fin de analizar temas espec\u00edficos como el de la homologaci\u00f3n del Impuesto al Valor Agregado (IVA) y la industria maquiladora en esa regi\u00f3n del pa\u00eds.<\/p>\n","protected":false},"author":3,"featured_media":150027,"comment_status":"open","ping_status":"open","sticky":false,"template":"","format":"standard","meta":{"_monsterinsights_skip_tracking":false,"_monsterinsights_sitenote_active":false,"_monsterinsights_sitenote_note":"","_monsterinsights_sitenote_category":0,"footnotes":""},"categories":[3],"tags":[7517,43673,373,26675,1102],"class_list":["post-150000","post","type-post","status-publish","format-standard","has-post-thumbnail","hentry","category-nacional","tag-luis-videgaray-caso","tag-nacional","tag-palacio-nacional","tag-reforma-hacendaria","tag-shcp"],"_links":{"self":[{"href":"https:\/\/www.diarioimagen.net\/index.php?rest_route=\/wp\/v2\/posts\/150000","targetHints":{"allow":["GET"]}}],"collection":[{"href":"https:\/\/www.diarioimagen.net\/index.php?rest_route=\/wp\/v2\/posts"}],"about":[{"href":"https:\/\/www.diarioimagen.net\/index.php?rest_route=\/wp\/v2\/types\/post"}],"author":[{"embeddable":true,"href":"https:\/\/www.diarioimagen.net\/index.php?rest_route=\/wp\/v2\/users\/3"}],"replies":[{"embeddable":true,"href":"https:\/\/www.diarioimagen.net\/index.php?rest_route=%2Fwp%2Fv2%2Fcomments&post=150000"}],"version-history":[{"count":0,"href":"https:\/\/www.diarioimagen.net\/index.php?rest_route=\/wp\/v2\/posts\/150000\/revisions"}],"wp:featuredmedia":[{"embeddable":true,"href":"https:\/\/www.diarioimagen.net\/index.php?rest_route=\/wp\/v2\/media\/150027"}],"wp:attachment":[{"href":"https:\/\/www.diarioimagen.net\/index.php?rest_route=%2Fwp%2Fv2%2Fmedia&parent=150000"}],"wp:term":[{"taxonomy":"category","embeddable":true,"href":"https:\/\/www.diarioimagen.net\/index.php?rest_route=%2Fwp%2Fv2%2Fcategories&post=150000"},{"taxonomy":"post_tag","embeddable":true,"href":"https:\/\/www.diarioimagen.net\/index.php?rest_route=%2Fwp%2Fv2%2Ftags&post=150000"}],"curies":[{"name":"wp","href":"https:\/\/api.w.org\/{rel}","templated":true}]}}