{"id":150067,"date":"2013-10-09T12:20:14","date_gmt":"2013-10-09T17:20:14","guid":{"rendered":"http:\/\/www.diarioimagen.net\/?p=150067"},"modified":"2013-10-10T05:29:15","modified_gmt":"2013-10-10T10:29:15","slug":"pri-apuesta-a-homologacion-de-iva-en-las-fronteras-y-rechaza-el-impuesto-en-colegiaturas-revela-su-dirigente-nacional","status":"publish","type":"post","link":"https:\/\/www.diarioimagen.net\/?p=150067","title":{"rendered":"PRI apuesta a homologaci\u00f3n de IVA en las fronteras y rechaza el impuesto en colegiaturas, revela su dirigente nacional"},"content":{"rendered":"<ul>\n<li><em><strong>Ve \u201cconformista y pol\u00edticamente irresponsable\u201d querer aplazar la reforma fiscal<\/strong><\/em><\/li>\n<\/ul>\n<div id=\"attachment_150068\" style=\"width: 250px\" class=\"wp-caption alignleft\"><a href=\"http:\/\/www.diarioimagen.net\/wp-content\/uploads\/2013\/10\/PRI-PORTAL.jpg\"><img loading=\"lazy\" decoding=\"async\" aria-describedby=\"caption-attachment-150068\" class=\"size-medium wp-image-150068\" alt=\"Camacho Quiroz defini\u00f3 que en la ruta legislativa de una reforma hacendaria, ser\u00eda \u201cconformista y pol\u00edticamente irresponsable\u201d asumir una actitud que intente aplazar la eventual aprobaci\u00f3n hacia el pr\u00f3ximo a\u00f1o, para que tenga vigencia hasta 2015.\" src=\"http:\/\/www.diarioimagen.net\/wp-content\/uploads\/2013\/10\/PRI-PORTAL-240x135.jpg\" width=\"240\" height=\"135\" srcset=\"https:\/\/www.diarioimagen.net\/wp-content\/uploads\/2013\/10\/PRI-PORTAL-240x135.jpg 240w, https:\/\/www.diarioimagen.net\/wp-content\/uploads\/2013\/10\/PRI-PORTAL-420x236.jpg 420w, https:\/\/www.diarioimagen.net\/wp-content\/uploads\/2013\/10\/PRI-PORTAL-235x132.jpg 235w, https:\/\/www.diarioimagen.net\/wp-content\/uploads\/2013\/10\/PRI-PORTAL-202x114.jpg 202w, https:\/\/www.diarioimagen.net\/wp-content\/uploads\/2013\/10\/PRI-PORTAL-350x196.jpg 350w, https:\/\/www.diarioimagen.net\/wp-content\/uploads\/2013\/10\/PRI-PORTAL-220x123.jpg 220w, https:\/\/www.diarioimagen.net\/wp-content\/uploads\/2013\/10\/PRI-PORTAL-237x132.jpg 237w, https:\/\/www.diarioimagen.net\/wp-content\/uploads\/2013\/10\/PRI-PORTAL.jpg 480w\" sizes=\"auto, (max-width: 240px) 100vw, 240px\" \/><\/a><p id=\"caption-attachment-150068\" class=\"wp-caption-text\">Camacho Quiroz defini\u00f3 que en la ruta legislativa de una reforma hacendaria, ser\u00eda \u201cconformista y pol\u00edticamente irresponsable\u201d asumir una actitud que intente aplazar la eventual aprobaci\u00f3n hacia el pr\u00f3ximo a\u00f1o, para que tenga vigencia hasta 2015.<\/p><\/div>\n<p>Al fijar su posici\u00f3n en dos temas torales, el presidente nacional del PRI, C\u00e9sar Camacho, se\u00f1al\u00f3 que la reforma hacendaria no es sencilla \u201cpero hay que entrarle\u201d, e hizo patente que esa fuerza pol\u00edtica rechaza \u201cabiertamente\u201d la imposici\u00f3n del IVA en el pago de colegiaturas.<\/p>\n<p>Subray\u00f3 que se requiere hacer un enorme esfuerzo por recaudar de manera proporcional y equitativa, como lo marca la Constituci\u00f3n, con base en lo cual \u201ces justo\u201d que esa tasa impositiva se aplique en las fronteras de manera homologada al resto del territorio nacional.<\/p>\n<p>Cit\u00f3 como ejemplo que Canc\u00fan, Quintana Roo, que est\u00e1 casi a 500 kil\u00f3metros de la frontera sur, actualmente goza de un r\u00e9gimen fiscal que no tiene muchos municipios y comunidades de Chiapas o Oaxaca, que se encuentran m\u00e1s cercanos a la franja fronteriza.<\/p>\n<p>Soy un convencido de la necesidad de que haya un IVA generalizado, para que haya mayor justicia y mayor equidad en la recaudaci\u00f3n\u201d, expres\u00f3 el l\u00edder partidista, quien incluso record\u00f3 que hay gente de zonas deprimidas en los estados de M\u00e9xico o Puebla que no gozan de un beneficio fiscal como el de Canc\u00fan.<\/p>\n<p>El pol\u00edtico ofreci\u00f3 un par de entrevistas a medios electr\u00f3nicos, en las cuales reconoci\u00f3 que en el proceso de la reforma hacendaria hay elementos que son \u201cde pensarse y replantearse\u201d.<\/p>\n<p>Yo creo que nadie le quiere pegar exactamente a ninguna clase social en M\u00e9xico, sino que se trata tambi\u00e9n de que nuevos contribuyentes, como los del comercio informal, se incorporen y que se ampl\u00ede la base gravable, de suerte que la carga fiscal se equilibre y sea, digamos, mejor repartida\u201d, enfatiz\u00f3.<\/p>\n","protected":false},"excerpt":{"rendered":"<p>Al fijar su posici\u00f3n en dos temas torales, el presidente nacional del PRI, C\u00e9sar Camacho, se\u00f1al\u00f3 que la reforma hacendaria no es sencilla \u201cpero hay que entrarle\u201d, e hizo patente que esa fuerza pol\u00edtica rechaza \u201cabiertamente\u201d la imposici\u00f3n del IVA en el pago de colegiaturas.<\/p>\n","protected":false},"author":5,"featured_media":150068,"comment_status":"open","ping_status":"open","sticky":false,"template":"","format":"standard","meta":{"_monsterinsights_skip_tracking":false,"_monsterinsights_sitenote_active":false,"_monsterinsights_sitenote_note":"","_monsterinsights_sitenote_category":0,"footnotes":""},"categories":[17,3],"tags":[10960,103,362],"class_list":["post-150067","post","type-post","status-publish","format-standard","has-post-thumbnail","hentry","category-especiales","category-nacional","tag-cesar-camacho","tag-iva","tag-pri"],"_links":{"self":[{"href":"https:\/\/www.diarioimagen.net\/index.php?rest_route=\/wp\/v2\/posts\/150067","targetHints":{"allow":["GET"]}}],"collection":[{"href":"https:\/\/www.diarioimagen.net\/index.php?rest_route=\/wp\/v2\/posts"}],"about":[{"href":"https:\/\/www.diarioimagen.net\/index.php?rest_route=\/wp\/v2\/types\/post"}],"author":[{"embeddable":true,"href":"https:\/\/www.diarioimagen.net\/index.php?rest_route=\/wp\/v2\/users\/5"}],"replies":[{"embeddable":true,"href":"https:\/\/www.diarioimagen.net\/index.php?rest_route=%2Fwp%2Fv2%2Fcomments&post=150067"}],"version-history":[{"count":0,"href":"https:\/\/www.diarioimagen.net\/index.php?rest_route=\/wp\/v2\/posts\/150067\/revisions"}],"wp:featuredmedia":[{"embeddable":true,"href":"https:\/\/www.diarioimagen.net\/index.php?rest_route=\/wp\/v2\/media\/150068"}],"wp:attachment":[{"href":"https:\/\/www.diarioimagen.net\/index.php?rest_route=%2Fwp%2Fv2%2Fmedia&parent=150067"}],"wp:term":[{"taxonomy":"category","embeddable":true,"href":"https:\/\/www.diarioimagen.net\/index.php?rest_route=%2Fwp%2Fv2%2Fcategories&post=150067"},{"taxonomy":"post_tag","embeddable":true,"href":"https:\/\/www.diarioimagen.net\/index.php?rest_route=%2Fwp%2Fv2%2Ftags&post=150067"}],"curies":[{"name":"wp","href":"https:\/\/api.w.org\/{rel}","templated":true}]}}