{"id":150088,"date":"2013-10-09T19:22:43","date_gmt":"2013-10-10T00:22:43","guid":{"rendered":"http:\/\/www.diarioimagen.net\/?p=150088"},"modified":"2013-10-10T05:29:50","modified_gmt":"2013-10-10T10:29:50","slug":"maestros-bloquearon-medio-dia-paseo-de-la-reforma","status":"publish","type":"post","link":"https:\/\/www.diarioimagen.net\/?p=150088","title":{"rendered":"Maestros bloquearon medio d\u00eda Paseo de la Reforma"},"content":{"rendered":"<ul>\n<li><em><strong>Temen en Oaxaca enfrentamientos entre miembros de la CNTE y el SNtE<\/strong><\/em><\/li>\n<\/ul>\n<div id=\"attachment_150089\" style=\"width: 250px\" class=\"wp-caption alignleft\"><a href=\"http:\/\/www.diarioimagen.net\/wp-content\/uploads\/2013\/10\/cnte-portal1.jpg\"><img loading=\"lazy\" decoding=\"async\" aria-describedby=\"caption-attachment-150089\" class=\"size-medium wp-image-150089\" alt=\"Transcurrido un tiempo, el segundo superintendente de la polic\u00eda capitalina, Mart\u00edn Manzo Estrada, advirti\u00f3 a los docentes que ser\u00edan \u201cencausados\u201d \u2013es decir, encapsulados\u2013, debido a que ya no pudieron dialogar.\" src=\"http:\/\/www.diarioimagen.net\/wp-content\/uploads\/2013\/10\/cnte-portal1-240x135.jpg\" width=\"240\" height=\"135\" srcset=\"https:\/\/www.diarioimagen.net\/wp-content\/uploads\/2013\/10\/cnte-portal1-240x135.jpg 240w, https:\/\/www.diarioimagen.net\/wp-content\/uploads\/2013\/10\/cnte-portal1-420x236.jpg 420w, https:\/\/www.diarioimagen.net\/wp-content\/uploads\/2013\/10\/cnte-portal1-235x132.jpg 235w, https:\/\/www.diarioimagen.net\/wp-content\/uploads\/2013\/10\/cnte-portal1-202x114.jpg 202w, https:\/\/www.diarioimagen.net\/wp-content\/uploads\/2013\/10\/cnte-portal1-350x196.jpg 350w, https:\/\/www.diarioimagen.net\/wp-content\/uploads\/2013\/10\/cnte-portal1-220x123.jpg 220w, https:\/\/www.diarioimagen.net\/wp-content\/uploads\/2013\/10\/cnte-portal1-237x132.jpg 237w, https:\/\/www.diarioimagen.net\/wp-content\/uploads\/2013\/10\/cnte-portal1.jpg 480w\" sizes=\"auto, (max-width: 240px) 100vw, 240px\" \/><\/a><p id=\"caption-attachment-150089\" class=\"wp-caption-text\">Transcurrido un tiempo, el segundo superintendente de la polic\u00eda capitalina, Mart\u00edn Manzo Estrada, advirti\u00f3 a los docentes que ser\u00edan \u201cencausados\u201d \u2013es decir, encapsulados\u2013, debido a que ya no pudieron dialogar.<\/p><\/div>\n<p>Poco m\u00e1s de dos mil maestros disidentes de Oaxaca, Chiapas, Veracruz, Michoac\u00e1n y Guerrero bloquearon desde la ma\u00f1ana hasta pasado el mediod\u00eda los dos sentidos de Paseo de la Reforma, frente a la embajada de Estados Unidos, para continuar con su protesta contra la reforma educativa.<\/p>\n<p>A eso de las tres y media de la tarde los integrantes de la Coordinadora Nacional de Trabajadores de la Educaci\u00f3n se concentraron sobre el carril central para regresar a su plant\u00f3n instalado en el Monumento a la Revoluci\u00f3n, con lo que liberaron Reforma. De inmediato, agentes de tr\u00e1nsito abrieron la circulaci\u00f3n sobre los carriles con direcci\u00f3n al Centro Hist\u00f3rico. As\u00ed, los manifestantes descartaron realizar m\u00e1s movilizaciones por el resto de la tarde.<\/p>\n<p>Los profesores ocuparon toda la avenida no obstante que una valla de granaderos se despleg\u00f3 del \u00c1ngel de la Independencia a la glorieta de La Palma para intentar evitarlo.<\/p>\n","protected":false},"excerpt":{"rendered":"<p>Poco m\u00e1s de dos mil maestros disidentes de Oaxaca, Chiapas, Veracruz, Michoac\u00e1n y Guerrero bloquearon desde la ma\u00f1ana hasta pasado el mediod\u00eda los dos sentidos de Paseo de la Reforma, frente a la embajada de Estados Unidos, para continuar con su protesta contra la reforma educativa.<\/p>\n","protected":false},"author":5,"featured_media":150089,"comment_status":"open","ping_status":"open","sticky":false,"template":"","format":"standard","meta":{"_monsterinsights_skip_tracking":false,"_monsterinsights_sitenote_active":false,"_monsterinsights_sitenote_note":"","_monsterinsights_sitenote_category":0,"footnotes":""},"categories":[17,6],"tags":[7473,2574,1824],"class_list":["post-150088","post","type-post","status-publish","format-standard","has-post-thumbnail","hentry","category-especiales","category-cd-de-mexico","tag-cnte","tag-maestros","tag-paseo-de-la-reforma"],"_links":{"self":[{"href":"https:\/\/www.diarioimagen.net\/index.php?rest_route=\/wp\/v2\/posts\/150088","targetHints":{"allow":["GET"]}}],"collection":[{"href":"https:\/\/www.diarioimagen.net\/index.php?rest_route=\/wp\/v2\/posts"}],"about":[{"href":"https:\/\/www.diarioimagen.net\/index.php?rest_route=\/wp\/v2\/types\/post"}],"author":[{"embeddable":true,"href":"https:\/\/www.diarioimagen.net\/index.php?rest_route=\/wp\/v2\/users\/5"}],"replies":[{"embeddable":true,"href":"https:\/\/www.diarioimagen.net\/index.php?rest_route=%2Fwp%2Fv2%2Fcomments&post=150088"}],"version-history":[{"count":0,"href":"https:\/\/www.diarioimagen.net\/index.php?rest_route=\/wp\/v2\/posts\/150088\/revisions"}],"wp:featuredmedia":[{"embeddable":true,"href":"https:\/\/www.diarioimagen.net\/index.php?rest_route=\/wp\/v2\/media\/150089"}],"wp:attachment":[{"href":"https:\/\/www.diarioimagen.net\/index.php?rest_route=%2Fwp%2Fv2%2Fmedia&parent=150088"}],"wp:term":[{"taxonomy":"category","embeddable":true,"href":"https:\/\/www.diarioimagen.net\/index.php?rest_route=%2Fwp%2Fv2%2Fcategories&post=150088"},{"taxonomy":"post_tag","embeddable":true,"href":"https:\/\/www.diarioimagen.net\/index.php?rest_route=%2Fwp%2Fv2%2Ftags&post=150088"}],"curies":[{"name":"wp","href":"https:\/\/api.w.org\/{rel}","templated":true}]}}