{"id":150233,"date":"2013-10-10T12:37:04","date_gmt":"2013-10-10T17:37:04","guid":{"rendered":"http:\/\/www.diarioimagen.net\/?p=150233"},"modified":"2013-10-11T05:09:52","modified_gmt":"2013-10-11T10:09:52","slug":"muere-bebe-en-clinica-donde-mujer-dio-a-luz-en-patio","status":"publish","type":"post","link":"https:\/\/www.diarioimagen.net\/?p=150233","title":{"rendered":"Muere beb\u00e9 en cl\u00ednica donde mujer dio a luz en patio"},"content":{"rendered":"<ul>\n<li><em><strong>El padre de la menor le quit\u00f3 el nebulizador y se la llev\u00f3 luego de que los m\u00e9dicos le dijeron que necesitaba ser trasladada de urgencia a otro hospital, seg\u00fan el gobierno de Oaxaca.<\/strong><\/em><\/li>\n<\/ul>\n<div id=\"attachment_150234\" style=\"width: 250px\" class=\"wp-caption alignleft\"><a href=\"http:\/\/www.diarioimagen.net\/wp-content\/uploads\/2013\/10\/BEBE-PORTAL.jpg\"><img loading=\"lazy\" decoding=\"async\" aria-describedby=\"caption-attachment-150234\" class=\"size-medium wp-image-150234\" alt=\"El gobierno oaxaque\u00f1o agreg\u00f3 que &quot;en el informe de los hechos se desprende que minutos m\u00e1s tarde, los padres de la menor regresaron al centro de salud de Jalapa de D\u00edaz, presentando a la ni\u00f1a en situaci\u00f3n de paro cardio-respiratorio, para ser atendida con maniobras b\u00e1sicas de reanimaci\u00f3n cardiopulmonar, sin lograr recuperar signos vitales, falleciendo a las 18:30 horas de este d\u00eda&quot;.\" src=\"http:\/\/www.diarioimagen.net\/wp-content\/uploads\/2013\/10\/BEBE-PORTAL-240x135.jpg\" width=\"240\" height=\"135\" srcset=\"https:\/\/www.diarioimagen.net\/wp-content\/uploads\/2013\/10\/BEBE-PORTAL-240x135.jpg 240w, https:\/\/www.diarioimagen.net\/wp-content\/uploads\/2013\/10\/BEBE-PORTAL-420x236.jpg 420w, https:\/\/www.diarioimagen.net\/wp-content\/uploads\/2013\/10\/BEBE-PORTAL-235x132.jpg 235w, https:\/\/www.diarioimagen.net\/wp-content\/uploads\/2013\/10\/BEBE-PORTAL-202x114.jpg 202w, https:\/\/www.diarioimagen.net\/wp-content\/uploads\/2013\/10\/BEBE-PORTAL-350x196.jpg 350w, https:\/\/www.diarioimagen.net\/wp-content\/uploads\/2013\/10\/BEBE-PORTAL-220x123.jpg 220w, https:\/\/www.diarioimagen.net\/wp-content\/uploads\/2013\/10\/BEBE-PORTAL-237x132.jpg 237w, https:\/\/www.diarioimagen.net\/wp-content\/uploads\/2013\/10\/BEBE-PORTAL.jpg 480w\" sizes=\"auto, (max-width: 240px) 100vw, 240px\" \/><\/a><p id=\"caption-attachment-150234\" class=\"wp-caption-text\">El gobierno oaxaque\u00f1o agreg\u00f3 que \u00aben el informe de los hechos se desprende que minutos m\u00e1s tarde, los padres de la menor regresaron al centro de salud de Jalapa de D\u00edaz, presentando a la ni\u00f1a en situaci\u00f3n de paro cardio-respiratorio, para ser atendida con maniobras b\u00e1sicas de reanimaci\u00f3n cardiopulmonar, sin lograr recuperar signos vitales, falleciendo a las 18:30 horas de este d\u00eda\u00bb.<\/p><\/div>\n<p>Una menor de diez meses de edad muri\u00f3 en el centro de salud de Jalapa de D\u00edaz, inform\u00f3 el gobierno de Oaxaca.<\/p>\n<p>En un comunicado, refiri\u00f3 que la menor Mayle Jazm\u00edn, de diez meses de edad, falleci\u00f3 a las 18:30 horas \u00abcomo consecuencia de un cuadro de bronquitis con bronco-espasmo, dificultad respiratoria severa y presuntos signos de S\u00edndrome de Down\u00bb.<\/p>\n<p>\u00abLuego de la valoraci\u00f3n cl\u00ednica y la aplicaci\u00f3n de ciclos de nebulizaciones para mitigar la dificultad respiratoria de la paciente, la m\u00e9dico tratante inform\u00f3 a los padres el estado cr\u00edtico de su peque\u00f1a hija y la necesidad de su traslado urgente al Hospital General de Tuxtepec, para recibir atenci\u00f3n m\u00e9dica especializada, siendo rechazada esta opci\u00f3n por el padre de la menor de nombre Gregorio Carrera Mart\u00ednez, quien al ser notificado del procedimiento, retir\u00f3 el dispositivo de nebulizaci\u00f3n a la paciente, para retirarse de la unidad de salud con la menor en brazos\u00bb, expone el comunicado.<\/p>\n<p>El encargado de la Jurisdicci\u00f3n Sanitaria n\u00famero 3, Juan Amado Hern\u00e1ndez Zayaz, inform\u00f3 que la menor fue ingresada por sus padres al centro de salud de Jalapa de D\u00edaz, a las 18:20 horas, es decir, diez minutos antes de su fallecimiento.<\/p>\n","protected":false},"excerpt":{"rendered":"<p>Una menor de diez meses de edad muri\u00f3 en el centro de salud de Jalapa de D\u00edaz, inform\u00f3 el gobierno de Oaxaca.<\/p>\n","protected":false},"author":5,"featured_media":150234,"comment_status":"open","ping_status":"open","sticky":false,"template":"","format":"standard","meta":{"_monsterinsights_skip_tracking":false,"_monsterinsights_sitenote_active":false,"_monsterinsights_sitenote_note":"","_monsterinsights_sitenote_category":0,"footnotes":""},"categories":[17],"tags":[3577],"class_list":["post-150233","post","type-post","status-publish","format-standard","has-post-thumbnail","hentry","category-especiales","tag-bebe"],"_links":{"self":[{"href":"https:\/\/www.diarioimagen.net\/index.php?rest_route=\/wp\/v2\/posts\/150233","targetHints":{"allow":["GET"]}}],"collection":[{"href":"https:\/\/www.diarioimagen.net\/index.php?rest_route=\/wp\/v2\/posts"}],"about":[{"href":"https:\/\/www.diarioimagen.net\/index.php?rest_route=\/wp\/v2\/types\/post"}],"author":[{"embeddable":true,"href":"https:\/\/www.diarioimagen.net\/index.php?rest_route=\/wp\/v2\/users\/5"}],"replies":[{"embeddable":true,"href":"https:\/\/www.diarioimagen.net\/index.php?rest_route=%2Fwp%2Fv2%2Fcomments&post=150233"}],"version-history":[{"count":0,"href":"https:\/\/www.diarioimagen.net\/index.php?rest_route=\/wp\/v2\/posts\/150233\/revisions"}],"wp:featuredmedia":[{"embeddable":true,"href":"https:\/\/www.diarioimagen.net\/index.php?rest_route=\/wp\/v2\/media\/150234"}],"wp:attachment":[{"href":"https:\/\/www.diarioimagen.net\/index.php?rest_route=%2Fwp%2Fv2%2Fmedia&parent=150233"}],"wp:term":[{"taxonomy":"category","embeddable":true,"href":"https:\/\/www.diarioimagen.net\/index.php?rest_route=%2Fwp%2Fv2%2Fcategories&post=150233"},{"taxonomy":"post_tag","embeddable":true,"href":"https:\/\/www.diarioimagen.net\/index.php?rest_route=%2Fwp%2Fv2%2Ftags&post=150233"}],"curies":[{"name":"wp","href":"https:\/\/api.w.org\/{rel}","templated":true}]}}