{"id":150270,"date":"2013-10-11T00:07:00","date_gmt":"2013-10-11T05:07:00","guid":{"rendered":"http:\/\/www.diarioimagen.net\/?p=150270"},"modified":"2013-10-14T01:42:30","modified_gmt":"2013-10-14T06:42:30","slug":"politica-bien-economia-en-la-incertidumbre","status":"publish","type":"post","link":"https:\/\/www.diarioimagen.net\/?p=150270","title":{"rendered":"Pol\u00edtica, bien&#8230; econom\u00eda, en la incertidumbre"},"content":{"rendered":"<h2>Tras la puerta del poder<\/h2>\n<h5>Roberto Vizca\u00edno<\/h5>\n<p>&nbsp;<\/p>\n<ul>\n<li><strong><i>El balance de las comparecencias de Osorio y Videgaray indican que el primero tiene m\u00e1s logros<\/i><\/strong><\/li>\n<li><strong><i>Ernesto Cordero indica que el titular de Hacienda ha obligado al Presidente a lanzar programas emergentes<\/i><\/strong><\/li>\n<li><strong><i>M\u00e9xico vive una ruta de reformas basadas en el di\u00e1logo y los acuerdos pol\u00edticos, dijo Osorio Chong<\/i><\/strong><\/li>\n<\/ul>\n<div id=\"attachment_150288\" style=\"width: 250px\" class=\"wp-caption alignleft\"><a href=\"http:\/\/www.diarioimagen.net\/wp-content\/uploads\/2013\/10\/CRISIS-BESTIAL-trizas-2205.jpg\"><img loading=\"lazy\" decoding=\"async\" aria-describedby=\"caption-attachment-150288\" class=\"size-medium wp-image-150288\" alt=\"Crisis bestial... | Trizas\" src=\"http:\/\/www.diarioimagen.net\/wp-content\/uploads\/2013\/10\/CRISIS-BESTIAL-trizas-2205-240x161.jpg\" width=\"240\" height=\"161\" srcset=\"https:\/\/www.diarioimagen.net\/wp-content\/uploads\/2013\/10\/CRISIS-BESTIAL-trizas-2205-240x161.jpg 240w, https:\/\/www.diarioimagen.net\/wp-content\/uploads\/2013\/10\/CRISIS-BESTIAL-trizas-2205-420x283.jpg 420w, https:\/\/www.diarioimagen.net\/wp-content\/uploads\/2013\/10\/CRISIS-BESTIAL-trizas-2205.jpg 700w\" sizes=\"auto, (max-width: 240px) 100vw, 240px\" \/><\/a><p id=\"caption-attachment-150288\" class=\"wp-caption-text\">Crisis bestial&#8230; | Trizas<\/p><\/div>\n<p>Al cumplir ayer con su comparecencia en el Senado de la Rep\u00fablica, el titular de Gobernaci\u00f3n Miguel \u00c1ngel Osorio Chong cerr\u00f3 el c\u00edrculo de los dos grandes temas nacionales que abri\u00f3 el secretario de Hacienda, Luis Videgaray: la pol\u00edtica y gobernabilidad y las finanzas y la econom\u00eda.<\/p>\n<p>En un r\u00e1pido balance, legisladores de varios partidos indicaron que las dos intervenciones dejaron en claro que en lo pol\u00edtico el gobierno del presidente Enrique Pe\u00f1a Nieto va no s\u00f3lo bien, sino dentro de las m\u00e1s amplias expectativas y promesas.<\/p>\n<p>Donde los hechos indican que podr\u00eda haber un desbarrancamiento hacia la recesi\u00f3n, y con ello el fin prematuro de una carrera presidencial, es en lo econ\u00f3mico.<\/p>\n<p>Hasta hoy, los indicadores nacionales e internacionales han cuestionado la actuaci\u00f3n del secretario de Hacienda, Luis Videgaray, quien no s\u00f3lo ha mostrado magros resultados en el primer a\u00f1o de gobierno de su jefe, sino que ha obligado a Enrique Pe\u00f1a Nieto a improvisar programas de recuperaci\u00f3n y relanzamiento, a fin de detener la recesi\u00f3n.<\/p>\n<p>Ayer mismo, mientras Osorio Chong cumpl\u00eda con su comparecencia en el Senado, Ernesto Cordero, ex secretario de Hacienda de Felipe Calder\u00f3n, arremet\u00eda contra Videgaray acus\u00e1ndolo abierta y directamente de ser el responsable de que la econom\u00eda vaya a cerrar casi en un punto del PIB, \u201ccuando nosotros entregamos un gobierno en diciembre pasado con una expectativa de crecimiento de 3.5 por ciento\u201d, dijo.<\/p>\n<p>Cordero indic\u00f3 que el manejo de Videgaray ha sido p\u00e9simo y lleno de subejercicios. \u201cSencillamente no ha ejercido bien el presupuesto que le otorgaron los diputados\u201d, indic\u00f3.<\/p>\n<p>Consider\u00f3 que proyecciones como la presentada hace unos d\u00edas por el FMI donde da un crecimiento de 1.2 por ciento para el cierre de este a\u00f1o para M\u00e9xico, \u201csurgen de una buena voluntad\u201d porque, agreg\u00f3, \u201cnosotros tenemos an\u00e1lisis de organismos privados que apenas ubican ese porcentaje en 0.5 por ciento\u2026 y eso esta m\u00e1s que cerca del 0\u201d, coment\u00f3.<\/p>\n<p>El ex secretario de Hacienda consider\u00f3 que las bondades de los aciertos pol\u00edticos podr\u00edan verse rebasados por un proceso de desaceleraci\u00f3n econ\u00f3mica que ya raya en recesi\u00f3n debido a que \u201cel motor interno no funciona\u201d.<\/p>\n<p>Por ello, insisti\u00f3 en que Videgaray debe retirar la iniciativa de reforma hacendaria que, de ser aprobada, va a causar graves tensiones sociales por los aumentos impositivos que trae.<\/p>\n<p>Indic\u00f3 que una enorme contradicci\u00f3n es que dentro de esta reforma se est\u00e9 contemplando aumentar el endeudamiento p\u00fablico cuando el titular de Hacienda no ha podido ejercer el presupuesto que le dieron para este a\u00f1o.<\/p>\n<p>Indic\u00f3 que el FMI cuestion\u00f3 a Videgaray al exponer tres razones por las que M\u00e9xico no pasar\u00e1 de 1.2 de crecimiento este a\u00f1o: una) porque no ha ejercido con oportunidad y eficiencia el gasto p\u00fablico; dos) porque est\u00e1 detenido el sector de la construcci\u00f3n, de vivienda y; tres) por las condiciones internacionales adversas.<\/p>\n<p align=\"center\">\u00a0<b>POL\u00cdTICA, DI\u00c1LOGO Y CONSENSO<\/b><\/p>\n<p>Ayer mismo y en ese escenario legislativo, Miguel \u00c1ngel Osorio compareci\u00f3 dentro de un ambiente distinto, marcado por el di\u00e1logo, la apertura y el manejo pol\u00edtico.<\/p>\n<p>En este contexto el titular de Gobernaci\u00f3n se\u00f1al\u00f3 que hoy \u201cM\u00e9xico avanza en un proceso de transformaci\u00f3n profunda, en un contexto de pluralidad con la convicci\u00f3n de que s\u00f3lo con acuerdos es posible impulsar cambios\u201d y por ello este gobierno ha privilegiado la pol\u00edtica para la gobernabilidad del pa\u00eds.<\/p>\n<p>Pero les record\u00f3 a los cr\u00edticos que una democracia robusta y madura, \u201csupone la participaci\u00f3n activa no solo del gobierno, sino de las oposiciones tanto en el debate pol\u00edtico como en la acci\u00f3n colectiva\u201d.<\/p>\n<p>Por lo dem\u00e1s consider\u00f3 que el presidente Enrique Pe\u00f1a Nieto ha dejado en claro que su relaci\u00f3n con el Congreso se basa en la m\u00e1s rigurosa observancia y respeto a la divisi\u00f3n de poderes.<\/p>\n<p>Bajo estos principios y marcos de acci\u00f3n, agreg\u00f3, es que hoy \u201cestamos inmersos en una ruta de reformas\u2026 y en cada una, se escuchan las distintas voces y se ponderar\u00e1n razones\u201d.<\/p>\n<p>Subray\u00f3 que el gobierno de Pe\u00f1a Nieto llega a este momento sin atarse a dogmas ni voluntarismos sino marcado por la flexibilidad, con tiempos de reflexi\u00f3n y espacios pertinentes y oportunos para adoptar decisiones con un amplio respaldo social.<\/p>\n<p align=\"center\"><b>PE\u00d1A NO PROMUEVE DIVISI\u00d3N<\/b><\/p>\n<p>\u201cNo promovemos divisiones ni enconos\u2026 y los acuerdos surgen de la propuesta no de la imposici\u00f3n\u201d, porque siempre se act\u00faa con base en razones, afirm\u00f3.<\/p>\n<p>\u201cTampoco caminamos por la descalificaci\u00f3n pol\u00edtica o social de las personas. Insistiremos en llamar al di\u00e1logo, al debate responsable. Es lo que le sirve a M\u00e9xico. La participaci\u00f3n de todos, es lo que exigen los mexicanos\u201d, precis\u00f3.<\/p>\n<p>Tranquilo, Osorio escuch\u00f3 y respondi\u00f3 todos los planteamientos y subray\u00f3 que uno de los grandes logros de este gobierno ha sido la firma del Pacto por M\u00e9xico, instrumento donde se privilegia el valor de la pol\u00edtica, dijo.<\/p>\n<p>Pidi\u00f3 reconocer que la transformaci\u00f3n promovida por todos los factores pol\u00edticos que convergen en ese pacto, \u201cno ser\u00e1 f\u00e1cil, porque se tocan intereses y se afectan privilegios\u201d.<\/p>\n<p>De igual forma, se\u00f1al\u00f3 que las decisiones del Presidente de la Rep\u00fablica no se basan en cuidar imagen p\u00fablica o en encuestas, sino en los beneficios que cada paso trae para los mexicanos.<\/p>\n<p>\u201cLas expresiones de inconformidad se responden con di\u00e1logo, escuchando a todos sin caer en provocaciones ni la confrontaci\u00f3n o la divisi\u00f3n de los mexicanos. Sin que eso signifique dejar que se vulneren los derechos de las mayor\u00edas\u201d, precis\u00f3.<\/p>\n<p>En cuanto a los logros de la pol\u00edtica de seguridad p\u00fablica los atribuy\u00f3 a que ahora esta se ejerce con base en la corresponsabilidad entre poderes y \u00f3rdenes de gobierno a fin de combatir la delincuencia y reducir la violencia.<\/p>\n<p>\u201cCon los gobernadores y el jefe de gobierno acordamos la coordinaci\u00f3n, la inteligencia, la profesionalizaci\u00f3n, evaluaci\u00f3n y depuraci\u00f3n de los cuerpos policiacos, y una justicia penal eficaz con protecci\u00f3n de derechos humanos\u201d, explic\u00f3.<\/p>\n<p>Record\u00f3 que desde el inicio de este gobierno el pa\u00eds se dividi\u00f3 en 5 regiones.<\/p>\n<p>\u201cAl 30 de agosto llev\u00e1bamos 21 reuniones regionales y cinco especiales entre el Gabinete de Seguridad y los gobernadores. Y gobernadores y jefe de gobierno, realizan en sus estados sus propias reuniones de coordinaci\u00f3n.<\/p>\n<p>\u201cSe avanza en la integraci\u00f3n de un Mando \u00danico Policial. Con la construcci\u00f3n de protocolos de actuaci\u00f3n, acci\u00f3n y prevenci\u00f3n homologados. Este mando \u00fanico s\u00f3lo ser\u00e1 posible si hay consensos suficientes. A la fecha se han firmado convenios en 24 estados con este prop\u00f3sito\u201d, indic\u00f3.<\/p>\n<p>Se\u00f1al\u00f3 que 9 secretar\u00edas que integran la Comisi\u00f3n Intersecretarial han invertido 118 mil millones de pesos en m\u00e1s de 90 programas municipales y que al parejo se aumentamos la vigilancia de la Polic\u00eda Federal en la Red Carretera del pa\u00eds dentro del Programa Cuadrantes Carreteros. As\u00ed desde el 29 de abril del 2013\u00a0 se definieron 136 tramos para reducir la delincuencia y prevenir los accidentes, manifest\u00f3.<\/p>\n<p>Ello ha derivado en que, entre marzo y julio de este a\u00f1o se haya registrado una disminuci\u00f3n de 19 por ciento en la incidencia de delitos y disminuido la siniestralidad en carreteras en un 15 por ciento. Hay tambi\u00e9n una disminuci\u00f3n del 16 por ciento en homicidios dolosos; respecto al robo una baja del 5 por ciento y una disminuci\u00f3n de 9 por ciento en el robo de veh\u00edculos con violencia. En cuanto a homicidios vinculados a delitos federales, entre diciembre del 2012 a septiembre de 2013, en comparaci\u00f3n al mismo periodo del a\u00f1o anterior, \u00e9stos se redujeron un 26 por ciento, precis\u00f3.<\/p>\n<p><em><a href=\"mailto:rvizcaino@gmail.com\" target=\"_blank\">rvizcaino@gmail.com<\/a><\/em><\/p>\n","protected":false},"excerpt":{"rendered":"<p><span style=\"color: #005497;\"><strong>Roberto Vizca\u00edno<\/strong><\/span><br \/>\n<br \/>\nAl cumplir ayer con su comparecencia en el Senado de la Rep\u00fablica, el titular de Gobernaci\u00f3n Miguel \u00c1ngel Osorio Chong cerr\u00f3 el c\u00edrculo de los dos grandes temas nacionales que abri\u00f3 el secretario de Hacienda, Luis Videgaray: la pol\u00edtica y gobernabilidad y las finanzas y la econom\u00eda.<\/p>\n","protected":false},"author":3,"featured_media":150288,"comment_status":"open","ping_status":"open","sticky":false,"template":"","format":"standard","meta":{"_monsterinsights_skip_tracking":false,"_monsterinsights_sitenote_active":false,"_monsterinsights_sitenote_note":"","_monsterinsights_sitenote_category":0,"footnotes":""},"categories":[136],"tags":[7517,3676,43674,93,94],"class_list":["post-150270","post","type-post","status-publish","format-standard","has-post-thumbnail","hentry","category-roberto-vizcaino-opinion","tag-luis-videgaray-caso","tag-miguel-angel-osorio-chong","tag-opinion","tag-roberto-vizcaino","tag-tras-la-puerta-del-poder"],"_links":{"self":[{"href":"https:\/\/www.diarioimagen.net\/index.php?rest_route=\/wp\/v2\/posts\/150270","targetHints":{"allow":["GET"]}}],"collection":[{"href":"https:\/\/www.diarioimagen.net\/index.php?rest_route=\/wp\/v2\/posts"}],"about":[{"href":"https:\/\/www.diarioimagen.net\/index.php?rest_route=\/wp\/v2\/types\/post"}],"author":[{"embeddable":true,"href":"https:\/\/www.diarioimagen.net\/index.php?rest_route=\/wp\/v2\/users\/3"}],"replies":[{"embeddable":true,"href":"https:\/\/www.diarioimagen.net\/index.php?rest_route=%2Fwp%2Fv2%2Fcomments&post=150270"}],"version-history":[{"count":0,"href":"https:\/\/www.diarioimagen.net\/index.php?rest_route=\/wp\/v2\/posts\/150270\/revisions"}],"wp:featuredmedia":[{"embeddable":true,"href":"https:\/\/www.diarioimagen.net\/index.php?rest_route=\/wp\/v2\/media\/150288"}],"wp:attachment":[{"href":"https:\/\/www.diarioimagen.net\/index.php?rest_route=%2Fwp%2Fv2%2Fmedia&parent=150270"}],"wp:term":[{"taxonomy":"category","embeddable":true,"href":"https:\/\/www.diarioimagen.net\/index.php?rest_route=%2Fwp%2Fv2%2Fcategories&post=150270"},{"taxonomy":"post_tag","embeddable":true,"href":"https:\/\/www.diarioimagen.net\/index.php?rest_route=%2Fwp%2Fv2%2Ftags&post=150270"}],"curies":[{"name":"wp","href":"https:\/\/api.w.org\/{rel}","templated":true}]}}