{"id":150398,"date":"2013-10-14T00:07:55","date_gmt":"2013-10-14T05:07:55","guid":{"rendered":"http:\/\/www.diarioimagen.net\/?p=150398"},"modified":"2013-10-15T02:59:39","modified_gmt":"2013-10-15T07:59:39","slug":"va-todo-menos-la-segunda-vuelta-camacho","status":"publish","type":"post","link":"https:\/\/www.diarioimagen.net\/?p=150398","title":{"rendered":"Va todo, menos la segunda vuelta: Camacho"},"content":{"rendered":"<h2>Tras la puerta del poder<\/h2>\n<h5>Roberto Vizca\u00edno<\/h5>\n<p>&nbsp;<\/p>\n<ul>\n<li><strong><i>El dirigente confirm\u00f3 que ni el Pacto por M\u00e9xico ni Pe\u00f1a Nieto enviar\u00e1n otra iniciativa de reforma pol\u00edtica<\/i><\/strong><\/li>\n<li><strong><i>Ernesto Cordero arremete contra Luis Videgaray en medio de una embestida de la oposici\u00f3n<\/i><\/strong><\/li>\n<li><strong><i>El ISSSTE tiene un presupuesto de 161 mil millones de pesos y una afiliaci\u00f3n de 12 millones de derechohabientes<\/i><\/strong><\/li>\n<\/ul>\n<div id=\"attachment_150456\" style=\"width: 250px\" class=\"wp-caption alignleft\"><a href=\"http:\/\/www.diarioimagen.net\/wp-content\/uploads\/2013\/10\/REDEFINICION-trizas-2206.jpg\"><img loading=\"lazy\" decoding=\"async\" aria-describedby=\"caption-attachment-150456\" class=\"size-medium wp-image-150456\" alt=\"Redefinici\u00f3n... | Trizas\" src=\"http:\/\/www.diarioimagen.net\/wp-content\/uploads\/2013\/10\/REDEFINICION-trizas-2206-240x206.jpg\" width=\"240\" height=\"206\" srcset=\"https:\/\/www.diarioimagen.net\/wp-content\/uploads\/2013\/10\/REDEFINICION-trizas-2206-240x206.jpg 240w, https:\/\/www.diarioimagen.net\/wp-content\/uploads\/2013\/10\/REDEFINICION-trizas-2206-420x361.jpg 420w, https:\/\/www.diarioimagen.net\/wp-content\/uploads\/2013\/10\/REDEFINICION-trizas-2206.jpg 700w\" sizes=\"auto, (max-width: 240px) 100vw, 240px\" \/><\/a><p id=\"caption-attachment-150456\" class=\"wp-caption-text\">Redefinici\u00f3n&#8230; | Trizas<\/p><\/div>\n<p>Al indicar que el Pacto por M\u00e9xico goza de cabal salud pese a que algunos se empe\u00f1an en matarlo todos los d\u00edas, el l\u00edder nacional del PRI, el mexiquense C\u00e9sar Camacho aclar\u00f3 que de todo lo propuesto dentro de la reforma pol\u00edtica, con lo \u00fanico que su partido no va es con la segunda vuelta.<\/p>\n<p>En cuanto a la reelecci\u00f3n de legisladores, indic\u00f3 que el debate est\u00e1 abierto al interior del pri\u00edsmo pero que a partir de ah\u00ed, pr\u00e1cticamente no hay ninguna otra reticencia del tricolor.<\/p>\n<p>Y eso significa que el PRI va con una Ley de Partidos que norme y clarifique la vida interna de estos institutos hasta la creaci\u00f3n de un Instituto Nacional de Elecciones o un Tribunal Nacional Electoral \u00fanico y las candidaturas independientes, consulta popular, iniciativa ciudadana y todo lo dem\u00e1s que ha sido planteado ya exhaustivamente.<\/p>\n<p><b>Todos estos temas<\/b> ya han sido sometidos a la consideraci\u00f3n del Congreso v\u00eda iniciativas de las fuerzas pol\u00edticas y no ser\u00e1n repetidos en una iniciativa presidencial ni a propuesta del Pacto, aclar\u00f3.<\/p>\n<p>Estos temas ya est\u00e1n en las Comisiones de dictamen y s\u00f3lo faltan los acuerdos que se est\u00e1n avanzando dentro del Pacto y que se llevar\u00e1n al Congreso para que diputados y senadores los procesen.<\/p>\n<p>\u201cHay que recordar tambi\u00e9n que las siete mesas de la reforma pol\u00edtico-electoral promovidas por el Pacto, est\u00e1n integradas por diputados y senadores de todos los partidos. Eso va a obviar la discusi\u00f3n. Igual con la reforma pol\u00edtica del Distrito Federal\u2026 y algunas otras cosas\u201d, precis\u00f3.<\/p>\n<p>Sin embargo, aclar\u00f3 que no todas las iniciativas tendr\u00e1n el mismo ritmo y los mismos tiempos.<\/p>\n<p>\u201cNosotros avalamos la voluntad del PRI de honrar nuestros compromisos para que la reforma pol\u00edtica salga pronto\u201d, se\u00f1al\u00f3 Camacho, quien es presidente en turno del Consejo Rector del Pacto por M\u00e9xico.<\/p>\n<p>\u201cY luego vendr\u00e1 el reto de la reforma energ\u00e9tica\u201d, agreg\u00f3.<\/p>\n<p align=\"center\"><b>VIDEGARAY, \u00bfEN RIESGO?<\/b><\/p>\n<p>Durante su comparecencia ante pleno del Senado, en medio del aplauso de los legisladores del PAN y PRD el jueves 26 de septiembre pasado, el secretario de Hacienda Luis Videgaray anunci\u00f3 la cancelaci\u00f3n de todas las campa\u00f1as del gobierno del presidente Enrique Pe\u00f1a Nieto.<\/p>\n<p>Hab\u00eda una raz\u00f3n, sugiri\u00f3: que no se deb\u00eda hacer promoci\u00f3n de los logros de la administraci\u00f3n, ni defensa de las reformas impulsadas por el nuevo r\u00e9gimen, en d\u00edas en que el pa\u00eds viv\u00eda el desastre provocado por los huracanes <i>Ingrid y Manuel<\/i>.<\/p>\n<p>El vac\u00edo que eso provoc\u00f3 fue aprovechado oportunamente por panistas y perredistas. Los primeros lanzaron una campa\u00f1a contra la reforma hacendaria y los segundos contra la energ\u00e9tica. Ambas han permeado en amplios segmentos de la poblaci\u00f3n y ahora no Videgaray, sino el gobierno de Enrique Pe\u00f1a Nieto en su conjunto tendr\u00e1 que salir a corregir el error.<\/p>\n<p>M\u00e1s o menos lo mismo ha ocurrido respecto a los resultados econ\u00f3micos de Videgaray en estos primeros 11 meses. El titular de Hacienda dej\u00f3 que avanzara la percepci\u00f3n de la desaceleraci\u00f3n econ\u00f3mica debido a una inadecuada o de plano fallida aplicaci\u00f3n del gasto p\u00fablico, y no orden\u00f3 realizar ninguna campa\u00f1a de explicaci\u00f3n al respecto.<\/p>\n<p>Lo m\u00e1s que hizo fue salir \u00e9l mismo a dos o tres medios para afirmar que nada pasaba y que no era cierto lo de la recesi\u00f3n porque quiz\u00e1 con uno o dos puntos menos a lo pronosticado, es decir de 3.5 a 1.1, pero la econom\u00eda mexicana segu\u00eda creciendo.<\/p>\n<p>Estuvo en su responsabilidad tambi\u00e9n aplicar una campa\u00f1a informativa respecto de los beneficios de la reforma hacendaria, y se le fue el tiempo en nada.<\/p>\n<p>Hoy el PAN, las bancadas de los blanquiazules en San L\u00e1zaro y el Senado y las centrales patronales m\u00e1s influyentes en el pa\u00eds, le ganaron esa oportunidad y llenan medios y calles con una campa\u00f1a contra la reforma hacendaria que tendr\u00e1 un alto costo de modificaciones al texto enviado por el presidente Pe\u00f1a Nieto al Congreso.<\/p>\n<p>M\u00e1s o menos lo mismo hacen los del PRD y otros de la izquierda, AMLO incluido, en cuanto a la reforma energ\u00e9tica.<\/p>\n<p>Ante la ausencia de una campa\u00f1a informativa y de defensa de ambas reformas, pero en especial de la hacendaria, hace una semana el presidente del PRI acompa\u00f1ado por los coordinadores del tricolor en San L\u00e1zaro y en el Senado, tuvieron que salir a explicar por qu\u00e9 se estaban modificando aspectos importantes de la iniciativa de reforma enviada por Pe\u00f1a Nieto.<\/p>\n<p>El embate de los panistas en contra de esta reforma cabalga sin embargo en campo abierto y ya se habla de que su dictamen incluso podr\u00eda ser fuertemente desmantelado de su perspectiva original o de plano enviarse a la congeladora. El problema es que sin reformas hacendaria y energ\u00e9tica no habr\u00eda dinero para aplicar los programas sociales &#8211;seguro del desempleo, seguro universal, educaci\u00f3n de calidad, etc&#8211; prometidos por el presidente Enrique Pe\u00f1a Nieto.<\/p>\n<p>&nbsp;<\/p>\n<p align=\"center\"><b>SAVATER Y CHUAYFFET<\/b><\/p>\n<p>El vasco Fernando Savater es uno de esos intelectuales que tienen la prerrogativa de viajar por el mundo porque han trascendido a sus pa\u00edses y le pertenecen ya a todos los seres humanos.<\/p>\n<p>Como tal est\u00e1 en M\u00e9xico, y en esta visita ha destinado algo de su tiempo para adentrarse en la controvertida reforma educativa y sus leyes secundarias aprobadas en paquete hace algunos meses.<\/p>\n<p>En un encuentro con el secretario de Educaci\u00f3n, Emilio Chuayffet, el fil\u00f3sofo y escritor espa\u00f1ol consider\u00f3 que M\u00e9xico ha dado un gran paso con esta reforma para alcanzar su transformaci\u00f3n y una libertad plena.<\/p>\n<p align=\"center\"><b>\u00a0<\/b><\/p>\n<p align=\"center\"><b>ISSSTE, VITAL<\/b><\/p>\n<p>El titular del ISSSTE, Sebasti\u00e1n Lerdo de Tejada, compareci\u00f3 a fines de la semana anterior ante el Congreso para dar cuenta de la situaci\u00f3n que guarda esta instituci\u00f3n.<\/p>\n<p>Ah\u00ed subray\u00f3 que este instituto atiende a casi 12 millones de derechohabientes que representan al 11 por ciento de la poblaci\u00f3n nacional. La cifra de derechohabientes de hoy est\u00e1 muy lejos de los 487 mil afiliados con que el ISSSTE arranco sus servicios en 1960.<\/p>\n<p>Hoy este instituto cuenta con 868 mil pensionados, el 17 por ciento del total de pensionados a nivel nacional. Y en \u00e9l trabajan 100 mil personas, que significan la s\u00e9ptima fuerza laboral en el pa\u00eds.<\/p>\n<p>Con un gasto de 161 mil millones de pesos, el ISSSTE es el cuarto receptor de recursos del gobierno federal.<\/p>\n<p>La principal demanda para el ISSSTE, explic\u00f3 Lerdo de Tejada, la salud y va de la medicina preventiva a la curativa, rehabilitaci\u00f3n y maternidad.\u00a0 En 2012 se dieron 123 millones de acciones en salud, y en ello se aplic\u00f3 el 31 por ciento de presupuesto.<\/p>\n<p>Durante 2012, el ISSSTE recibi\u00f3 15 mil 765 millones de pesos del gobierno federal para enfrentar sus desequilibrios financieros.<\/p>\n<p>Los males m\u00e1s recurrentes atendidos en el ISSSTE son: padecimientos cardiovasculares, diabetes, insuficiencia renal, hipertensi\u00f3n arterial y osteoartrosis. Atenderlos requiere del 20 por ciento de su gasto. En 2012 represent\u00f3 un costo de 9 mil 586.5 millones de pesos.<\/p>\n<p>Todo esto se realiza en dentro de instalaciones insuficientes y muy antiguas lo que requiere echar a andar un proceso de modernizaci\u00f3n integral, se\u00f1al\u00f3.<\/p>\n<p>De nueve fondos que opera el ISSSTE, en 2012 cuatro registraron d\u00e9ficit: 2 mil 471 millones de pesos en el Seguro de Salud; 9 mil 487 millones de pesos en el Seguro de Retiro, Cesant\u00eda en Edad Avanzada y Vejez; 2 mil 106 millones de pesos en el fondo de\u00a0 prestaciones sociales y culturales y, 262 millones de pesos en el Seguro de Riesgos de Trabajo.<\/p>\n<p>Las cifras dadas a conocer por su director hablan del tama\u00f1o de este instituto y de su importancia dentro de la estructura de derechos sociales en M\u00e9xico.<\/p>\n<p><em><a href=\"mailto:rvizcaino@gmail.com\" target=\"_blank\">rvizcaino@gmail.com<\/a><\/em><\/p>\n","protected":false},"excerpt":{"rendered":"<p><span style=\"color: #005497;\"><strong>Roberto Vizca\u00edno<\/strong><\/span><br \/>\n<br \/>\nAl indicar que el Pacto por M\u00e9xico goza de cabal salud pese a que algunos se empe\u00f1an en matarlo todos los d\u00edas, el l\u00edder nacional del PRI, el mexiquense C\u00e9sar Camacho aclar\u00f3 que de todo lo propuesto dentro de la reforma pol\u00edtica, con lo \u00fanico que su partido no va es con la segunda vuelta.<\/p>\n","protected":false},"author":3,"featured_media":150456,"comment_status":"open","ping_status":"open","sticky":false,"template":"","format":"standard","meta":{"_monsterinsights_skip_tracking":false,"_monsterinsights_sitenote_active":false,"_monsterinsights_sitenote_note":"","_monsterinsights_sitenote_category":0,"footnotes":""},"categories":[136],"tags":[18,93,94],"class_list":["post-150398","post","type-post","status-publish","format-standard","has-post-thumbnail","hentry","category-roberto-vizcaino-opinion","tag-enrique-pena-nieto","tag-roberto-vizcaino","tag-tras-la-puerta-del-poder"],"_links":{"self":[{"href":"https:\/\/www.diarioimagen.net\/index.php?rest_route=\/wp\/v2\/posts\/150398","targetHints":{"allow":["GET"]}}],"collection":[{"href":"https:\/\/www.diarioimagen.net\/index.php?rest_route=\/wp\/v2\/posts"}],"about":[{"href":"https:\/\/www.diarioimagen.net\/index.php?rest_route=\/wp\/v2\/types\/post"}],"author":[{"embeddable":true,"href":"https:\/\/www.diarioimagen.net\/index.php?rest_route=\/wp\/v2\/users\/3"}],"replies":[{"embeddable":true,"href":"https:\/\/www.diarioimagen.net\/index.php?rest_route=%2Fwp%2Fv2%2Fcomments&post=150398"}],"version-history":[{"count":0,"href":"https:\/\/www.diarioimagen.net\/index.php?rest_route=\/wp\/v2\/posts\/150398\/revisions"}],"wp:featuredmedia":[{"embeddable":true,"href":"https:\/\/www.diarioimagen.net\/index.php?rest_route=\/wp\/v2\/media\/150456"}],"wp:attachment":[{"href":"https:\/\/www.diarioimagen.net\/index.php?rest_route=%2Fwp%2Fv2%2Fmedia&parent=150398"}],"wp:term":[{"taxonomy":"category","embeddable":true,"href":"https:\/\/www.diarioimagen.net\/index.php?rest_route=%2Fwp%2Fv2%2Fcategories&post=150398"},{"taxonomy":"post_tag","embeddable":true,"href":"https:\/\/www.diarioimagen.net\/index.php?rest_route=%2Fwp%2Fv2%2Ftags&post=150398"}],"curies":[{"name":"wp","href":"https:\/\/api.w.org\/{rel}","templated":true}]}}