{"id":150406,"date":"2013-10-14T00:05:05","date_gmt":"2013-10-14T05:05:05","guid":{"rendered":"http:\/\/www.diarioimagen.net\/?p=150406"},"modified":"2013-10-15T03:03:50","modified_gmt":"2013-10-15T08:03:50","slug":"el-enclave-perdido","status":"publish","type":"post","link":"https:\/\/www.diarioimagen.net\/?p=150406","title":{"rendered":"El enclave perdido"},"content":{"rendered":"<h2>De frente y de perfil<\/h2>\n<h5>Ram\u00f3n Zurita Sahag\u00fan<\/h5>\n<p><span><br \/>\nNo se advierte desde donde podr\u00eda el pri\u00edsmo recuperar las simpat\u00edas ciudadanas en el Distrito Federal.<\/span><\/p>\n<p>Son muchos los a\u00f1os transcurridos desde que los votantes se hartaron de ese partido y decidieron darle la espalda en forma mayoritaria.<\/p>\n<p>Casi 16 a\u00f1os han transcurrido desde que los habitantes del Distrito Federal pudieron elegir a sus autoridades y desde entonces definieron que sus gobernantes ser\u00edan de cualquier partido, menos del PRI. En esos 16 a\u00f1os, los tricolores solamente consiguieron gobernar dos delegaciones Milpa Alta en el pasado y Cuajimalpa en la actualidad.<\/p>\n<p>Diputaciones locales y federales, senadur\u00edas y delegaciones han visto desfilar militantes de partidos ajenos al PRI, principalmente perredistas y panistas y por ah\u00ed perdido un distrito federal de la delegaci\u00f3n Gustavo A. Madero, ganado por un candidato pri\u00edsta.<\/p>\n<p>Ninguna otra cosa, fuera de ello. Los pri\u00edstas parecen resignados en la capital del pa\u00eds, ya que no preparan pol\u00edticos, ni cuentan con l\u00edderes con la capacidad necesaria para intentar en la siguiente elecci\u00f3n conquistar las simpat\u00edas de los capitalinos.<\/p>\n<p>Se mencion\u00f3 que la incorporaci\u00f3n de Rosario Robles Berlanga al gabinete presidencial llevaba una connotaci\u00f3n futurista que la encaminaba a la reorganizaci\u00f3n del partido en la ciudad de M\u00e9xico, aprovechando el conocimiento que la ex jefa de gobierno tiene de la capital del pa\u00eds.<\/p>\n<p>Parece ser que esa especulaci\u00f3n result\u00f3 infundada, ya que los pri\u00edstas parecen pasmados, sin visos de prop\u00f3sitos de ninguna clase, para los comicios federales y locales del 2015. La disputa por los peque\u00f1os espacios que le corresponden al pri\u00edsmo en la capital del pa\u00eds contin\u00faan y quienes se encuentran enfrascados en la lucha son los mismos de siempre.<\/p>\n<p>Dos personajes mantienen viva la llama del enfrentamiento, el flamante dirigente del pri\u00edsmo capitalino, Cuauht\u00e9moc Guti\u00e9rrez de la Torre y la diputada local Mar\u00eda de los \u00c1ngeles Moreno.<\/p>\n<p>La lucha entre ellos data de mucho tiempo atr\u00e1s, el actual dirigente persiguiendo el liderazgo del partido y la diputada local ostentando los cargos partidistas y de elecci\u00f3n popular.<\/p>\n<p>Enfrascado en esa lucha, los dos contendientes sostuvieron una nueva batalla, de la que sali\u00f3 airosa la diputada local Moreno, convertida en la coordinadora del reducido grupo de legisladores tricolores en el Distrito Federal.<\/p>\n<p>La guerra entre los dos personajes sigue abierta, sin que ninguno de ellos muestre inter\u00e9s por recomponer la vida del partido en una entidad en la que poco futuro tiene. Mar\u00eda de los \u00c1ngeles es una mujer de poder que desde que encontr\u00f3 la v\u00eda de los cargos de elecci\u00f3n popular no los ha soltado, saltando a uno y otro, bajo la protecci\u00f3n del partido, envuelto en los cargos plurinominales.<\/p>\n<p>Con la excepci\u00f3n de 1994, donde sali\u00f3 vencedora como candidata al Senado de la Rep\u00fablica, las dem\u00e1s ocasiones en que se asumi\u00f3 como diputada federal, senadora o diputada local, han sido por la v\u00eda de la representaci\u00f3n proporcional.<\/p>\n<p>Dichos cargos los combin\u00f3 con los de dirigente de su partido en la capital del pa\u00eds, posici\u00f3n en la que se eterniz\u00f3, controlando todos los espacios disponibles o no.<\/p>\n<p>Cuauht\u00e9moc Guti\u00e9rrez es un personaje no tan grato para el partido, ya que sus m\u00e9todos no son lo m\u00e1s ortodoxos y hay quienes ven en su crecimiento pol\u00edtico un riesgo mayor para el partido, por lo que se busca no dejarlo crecer en los grados que pretende.<\/p>\n<p>Ya consigui\u00f3 un prop\u00f3sito largamente anhelado, la dirigencia del Comit\u00e9 Directivo del Distrito Federal, pero se le acot\u00f3 con un delegado que le pudiese hacer sombra, como es el ex gobernador de Tabasco, Manuel Andrade D\u00edaz.<\/p>\n<p>Los esfuerzos del pri\u00edsmo por crecer en la capital son pocos y los ciudadanos ven con indiferencia al partido que despu\u00e9s de 12 a\u00f1os conquist\u00f3 nuevamente las simpat\u00edas del electorado, pero que en la capital del pa\u00eds, simplemente no pudo encontrar un respaldo adecuado. Conforme se acercan los tiempos electorales, se confirma que para los pri\u00edstas ser\u00e1 sumamente dif\u00edcil alcanzar nuevamente las simpat\u00edas electorales para en un futuro cercano reconquistar un espacio que fue suyo durante tanto tiempo.<\/p>\n<p>En el pasado no tan lejano, los pri\u00edstas perd\u00edan si acaso uno o dos distritos federales en cada proceso electoral, hasta que lleg\u00f3 la debacle del 88 y sucumbieron ante el primer movimiento importante de la izquierda, perdiendo por primera vez las dos senadur\u00edas, aunque en descargo de ellos, perdieron ante dos ex militantes del partido, Porfirio Mu\u00f1oz Ledo e Ifigenia Mart\u00ednez. Seis a\u00f1os despu\u00e9s recuperaron los dos esca\u00f1os con Fernando Solana y la mencionada Mar\u00eda de los \u00c1ngeles Moreno, para ya no volver a ganar un esca\u00f1o de mayor\u00eda en el Senado de la Rep\u00fablica. Los comicios del 2000, 2006 y 2012, beneficiaron a los candidatos del PRD y PAN, respectivamente.<\/p>\n<p>Las diputaciones federales perdidas en 88, fueron recuperadas en su totalidad en 91, repiti\u00e9ndose el triunfo pri\u00edsta en 94, pero desde 97 sucumbieron en definitiva, ya que 2000, 2003, 2006, 2009 y 2012, han sido decepcionantes para el tricolor en la capital del pa\u00eds.<\/p>\n<p align=\"center\"><b>FUERA DE CONTROL<\/b><\/p>\n<p>Los profesores de la Coordinadora Nacional de Trabajadores de la Educaci\u00f3n decidieron continuar con sus plantones y movilizaciones en la capital del pa\u00eds, aunque el magisterio ha crecido su movimiento en otros estados de la Rep\u00fablica, sin importar su pertenencia a cu\u00e1l de las dos corrientes magisteriales en vigencia. Tanto la CNTE como el Sindicato Nacional de Trabajadores de la Educaci\u00f3n dejan sentir su presencia, mediante los mismos m\u00e9todos de desplazamiento y cierre de v\u00edas a la circulaci\u00f3n.<\/p>\n<p>La situaci\u00f3n se complica, sin que se vean visos de soluci\u00f3n, mientras que la inconformidad de los ciudadanos afectados crece, por lo que urgen a las autoridades para que act\u00faen en consecuencia.<\/p>\n<p><em><a href=\"mailto:ramonzurita44@hotmail.com\" target=\"_blank\">ramonzurita44@hotmail.com<br \/>\n<\/a><a href=\"mailto:zurita_sahagun@hotmail.com\" target=\"_blank\">zurita_sahagun@hotmail.com<\/a><\/em><\/p>\n","protected":false},"excerpt":{"rendered":"<p><span style=\"color: #005497;\"><strong>Ram\u00f3n Zurita Sahag\u00fan<\/strong><\/span><\/p>\n","protected":false},"author":3,"featured_media":0,"comment_status":"open","ping_status":"open","sticky":false,"template":"","format":"standard","meta":{"_monsterinsights_skip_tracking":false,"_monsterinsights_sitenote_active":false,"_monsterinsights_sitenote_note":"","_monsterinsights_sitenote_category":0,"footnotes":""},"categories":[234],"tags":[7473,304,39,561,43674,362,43687],"class_list":["post-150406","post","type-post","status-publish","format-standard","hentry","category-ramon-zurita-sahagun","tag-cnte","tag-de-frente-y-de-perfil","tag-distrito-federal","tag-gustavo-a-madero","tag-opinion","tag-pri","tag-ramon-zurita-sahagun"],"_links":{"self":[{"href":"https:\/\/www.diarioimagen.net\/index.php?rest_route=\/wp\/v2\/posts\/150406","targetHints":{"allow":["GET"]}}],"collection":[{"href":"https:\/\/www.diarioimagen.net\/index.php?rest_route=\/wp\/v2\/posts"}],"about":[{"href":"https:\/\/www.diarioimagen.net\/index.php?rest_route=\/wp\/v2\/types\/post"}],"author":[{"embeddable":true,"href":"https:\/\/www.diarioimagen.net\/index.php?rest_route=\/wp\/v2\/users\/3"}],"replies":[{"embeddable":true,"href":"https:\/\/www.diarioimagen.net\/index.php?rest_route=%2Fwp%2Fv2%2Fcomments&post=150406"}],"version-history":[{"count":0,"href":"https:\/\/www.diarioimagen.net\/index.php?rest_route=\/wp\/v2\/posts\/150406\/revisions"}],"wp:attachment":[{"href":"https:\/\/www.diarioimagen.net\/index.php?rest_route=%2Fwp%2Fv2%2Fmedia&parent=150406"}],"wp:term":[{"taxonomy":"category","embeddable":true,"href":"https:\/\/www.diarioimagen.net\/index.php?rest_route=%2Fwp%2Fv2%2Fcategories&post=150406"},{"taxonomy":"post_tag","embeddable":true,"href":"https:\/\/www.diarioimagen.net\/index.php?rest_route=%2Fwp%2Fv2%2Ftags&post=150406"}],"curies":[{"name":"wp","href":"https:\/\/api.w.org\/{rel}","templated":true}]}}