{"id":150574,"date":"2013-10-15T00:01:26","date_gmt":"2013-10-15T05:01:26","guid":{"rendered":"http:\/\/www.diarioimagen.net\/?p=150574"},"modified":"2013-10-16T06:17:03","modified_gmt":"2013-10-16T11:17:03","slug":"cabilderos","status":"publish","type":"post","link":"https:\/\/www.diarioimagen.net\/?p=150574","title":{"rendered":"Cabilderos"},"content":{"rendered":"<h2>Pol\u00edtica Spot<\/h2>\n<h5>Juan Manuel Maga\u00f1a<\/h5>\n<p><span><br \/>\nEl asunto de los cabilderos camin\u00f3 ayer muy r\u00e1pido.<\/span><\/p>\n<p>En su calidad de presidente de la Junta de Coordinaci\u00f3n Pol\u00edtica de la C\u00e1mara de Diputados, el perredista Silvano Aureoles anunci\u00f3 que durante la sesi\u00f3n de hoy del pleno se discutir\u00e1 una iniciativa para regular las actividades de los cabilderos al interior de San L\u00e1zaro.<\/p>\n<p>Dijo: \u201cHemos acordado que ma\u00f1ana, de los primeros dict\u00e1menes que van a entrar a discusi\u00f3n, es el dictamen relativo a regular el trabajo, la din\u00e1mica del cabildeo en la C\u00e1mara de Diputados\u201d.<\/p>\n<p>Claridoso al respecto, el coordinador de diputados de Movimiento Ciudadano, Ricardo Monreal, defini\u00f3 que los cabilderos \u201cse manejan con todo cinismo\u201d, raz\u00f3n por la cual hay que regular y poner l\u00edmites a su actividad.<\/p>\n<p>No dej\u00f3 de hacer notar algo sobre el asunto: que es \u201cmuy extra\u00f1o y hasta sospechoso\u201d que la mayor\u00eda \u201ccompuesta por el PRI y sus aliados no quieran legislar en materia de cabildeo\u201d.<\/p>\n<p>Dec\u00eda que este asunto hab\u00eda caminado muy r\u00e1pido porque apenas por la ma\u00f1ana de ayer se publicaba un reportaje en el que se exhib\u00eda que \u201cLa firma de auditores PricewaterhouseCoopers (PwC) ofrece sus servicios de cabildeo en el Congreso de la Uni\u00f3n para \u2018tirar\u2019 o \u2018modificar\u2019 art\u00edculos de la propuesta de reforma fiscal del presidente Enrique Pe\u00f1a Nieto, que afectan directamente a empresas privadas\u201d.<\/p>\n<p>A\u00f1ad\u00eda: \u201cPwC ya \u2018opera\u2019 en la C\u00e1mara de Diputados para modificar el art\u00edculo 29 de la iniciativa de la Ley del Impuesto sobre la Renta (ISR) y la propuesta federal de aplicar un impuesto de 10% a las ganancias de las personas f\u00edsicas en la Bolsa Mexicana de Valores (BMV)\u201d.<\/p>\n<p>De acuerdo con un diario, por cada art\u00edculo que logre modificar, la firma internacional cobrar\u00e1 un mill\u00f3n de d\u00f3lares m\u00e1s IVA, es decir, si logra cambiar ambos apartados, la empresa cobrar\u00e1 dos millones de d\u00f3lares m\u00e1s IVA.<\/p>\n<p>De inmediato surgieron los cuestionamientos acerca de que sea el dinero el que determine la capacidad de hacerse escuchar por nuestros diputados. M\u00e1s trat\u00e1ndose de una firma trasnacional contratada por poderosos grupos de inter\u00e9s mexicanos.<\/p>\n<p>Y uno se preguntar\u00e1 \u00bfque clase de persuasi\u00f3n tendr\u00e1 esa empresa que no tenga un ciudadano para convencer de su raz\u00f3n a un diputado o un senador? Y es ah\u00ed donde brincan las sospechas, que no son nada nuevas.<\/p>\n<p>El propio diario apunta dos: desde amenazas hasta ofrecimientos en especie como viajes todo pagado.<\/p>\n<p>Y si toma uno en cuenta que en M\u00e9xico nuestros pol\u00edticos son muy susceptibles a los ca\u00f1onazos de 50 mil pesos&#8230; Uno puede sospechar todav\u00eda m\u00e1s. Y es claro que los cabilderos pueden hacer flaquear el proceso legislativo que tendr\u00e1 que ver con aquello de que \u201cpagar\u00e1n m\u00e1s los que m\u00e1s tienen\u201d.<\/p>\n<p>El caso es que hoy se ventilar\u00e1 este asunto en el pleno y es aqu\u00ed donde vamos a ver qui\u00e9n dice \u201cYo\u201d<\/p>\n<p><em><a href=\"mailto: maganapalace@yahoo.com.mx\" target=\"_blank\">maganapalace@yahoo.com.mx<\/a><\/em><\/p>\n","protected":false},"excerpt":{"rendered":"<p><span style=\"color: #005497;\"><strong>Juan Manuel Maga\u00f1a<\/strong><\/span><\/p>\n","protected":false},"author":3,"featured_media":0,"comment_status":"open","ping_status":"open","sticky":false,"template":"","format":"standard","meta":{"_monsterinsights_skip_tracking":false,"_monsterinsights_sitenote_active":false,"_monsterinsights_sitenote_note":"","_monsterinsights_sitenote_category":0,"footnotes":""},"categories":[22905],"tags":[98,4553,99,43674,100],"class_list":["post-150574","post","type-post","status-publish","format-standard","hentry","category-juan-manuel-magana","tag-camara-de-diputados","tag-junta-de-coordinacion-politica","tag-luis-munoz","tag-opinion","tag-segunda-vuelta"],"_links":{"self":[{"href":"https:\/\/www.diarioimagen.net\/index.php?rest_route=\/wp\/v2\/posts\/150574","targetHints":{"allow":["GET"]}}],"collection":[{"href":"https:\/\/www.diarioimagen.net\/index.php?rest_route=\/wp\/v2\/posts"}],"about":[{"href":"https:\/\/www.diarioimagen.net\/index.php?rest_route=\/wp\/v2\/types\/post"}],"author":[{"embeddable":true,"href":"https:\/\/www.diarioimagen.net\/index.php?rest_route=\/wp\/v2\/users\/3"}],"replies":[{"embeddable":true,"href":"https:\/\/www.diarioimagen.net\/index.php?rest_route=%2Fwp%2Fv2%2Fcomments&post=150574"}],"version-history":[{"count":0,"href":"https:\/\/www.diarioimagen.net\/index.php?rest_route=\/wp\/v2\/posts\/150574\/revisions"}],"wp:attachment":[{"href":"https:\/\/www.diarioimagen.net\/index.php?rest_route=%2Fwp%2Fv2%2Fmedia&parent=150574"}],"wp:term":[{"taxonomy":"category","embeddable":true,"href":"https:\/\/www.diarioimagen.net\/index.php?rest_route=%2Fwp%2Fv2%2Fcategories&post=150574"},{"taxonomy":"post_tag","embeddable":true,"href":"https:\/\/www.diarioimagen.net\/index.php?rest_route=%2Fwp%2Fv2%2Ftags&post=150574"}],"curies":[{"name":"wp","href":"https:\/\/api.w.org\/{rel}","templated":true}]}}