{"id":150715,"date":"2013-10-16T00:06:33","date_gmt":"2013-10-16T05:06:33","guid":{"rendered":"http:\/\/www.diarioimagen.net\/?p=150715"},"modified":"2013-10-18T03:50:51","modified_gmt":"2013-10-18T08:50:51","slug":"inauguran-en-el-estado-de-mexico-17-lecherias-liconsa","status":"publish","type":"post","link":"https:\/\/www.diarioimagen.net\/?p=150715","title":{"rendered":"Inauguran en el Estado de M\u00e9xico 17 lecher\u00edas Liconsa"},"content":{"rendered":"<ul>\n<li><em><strong>El gobernador mexiquense se\u00f1ala que son muestra del esfuerzo realizado por los gobiernos federal y estatal para combatir el hambre<\/strong><\/em><\/li>\n<\/ul>\n<p>&nbsp;<\/p>\n<div id=\"attachment_150716\" style=\"width: 250px\" class=\"wp-caption alignleft\"><a href=\"http:\/\/www.diarioimagen.net\/wp-content\/uploads\/2013\/10\/eruviel-2208.jpg\"><img loading=\"lazy\" decoding=\"async\" aria-describedby=\"caption-attachment-150716\" class=\"size-medium wp-image-150716\" alt=\"El Estado de M\u00e9xico respalda la reforma hacendaria del presidente Enrique Pe\u00f1a Nieto, porque piensa y apoya a la gente que m\u00e1s lo necesita y se traducir\u00e1 en acciones para combatir el hambre, refiri\u00f3 el gobernador Eruviel \u00c1vila Villegas, en el marco de la celebraci\u00f3n del D\u00eda Mundial de la Alimentaci\u00f3n, que encabez\u00f3 en este municipio ante el subsecretario de Desarrollo Social y Humano del gobierno federal, Ernesto N\u00e9mer \u00c1lvarez.\" src=\"http:\/\/www.diarioimagen.net\/wp-content\/uploads\/2013\/10\/eruviel-2208-240x135.jpg\" width=\"240\" height=\"135\" srcset=\"https:\/\/www.diarioimagen.net\/wp-content\/uploads\/2013\/10\/eruviel-2208-240x135.jpg 240w, https:\/\/www.diarioimagen.net\/wp-content\/uploads\/2013\/10\/eruviel-2208-420x236.jpg 420w, https:\/\/www.diarioimagen.net\/wp-content\/uploads\/2013\/10\/eruviel-2208-235x132.jpg 235w, https:\/\/www.diarioimagen.net\/wp-content\/uploads\/2013\/10\/eruviel-2208-202x114.jpg 202w, https:\/\/www.diarioimagen.net\/wp-content\/uploads\/2013\/10\/eruviel-2208-350x196.jpg 350w, https:\/\/www.diarioimagen.net\/wp-content\/uploads\/2013\/10\/eruviel-2208-220x123.jpg 220w, https:\/\/www.diarioimagen.net\/wp-content\/uploads\/2013\/10\/eruviel-2208-237x132.jpg 237w, https:\/\/www.diarioimagen.net\/wp-content\/uploads\/2013\/10\/eruviel-2208.jpg 480w\" sizes=\"auto, (max-width: 240px) 100vw, 240px\" \/><\/a><p id=\"caption-attachment-150716\" class=\"wp-caption-text\">El gobernador Eruviel \u00c1vila Villegas, en el marco de la celebraci\u00f3n del D\u00eda Mundial de la Alimentaci\u00f3n, que encabez\u00f3 en Villa del Carb\u00f3n, ante el subsecretario de Desarrollo Social y Humano del gobierno federal, Ernesto N\u00e9mer \u00c1lvarez.<\/p><\/div>\n<p><strong>Villa del Carb\u00f3n, Estado de M\u00e9xico.-<\/strong> El gobernador Eruviel \u00c1vila Villegas destac\u00f3 que el Estado de M\u00e9xico se suma a los esfuerzos del gobierno federal para combatir la pobreza alimentaria en el pa\u00eds, a trav\u00e9s de acciones como la inauguraci\u00f3n de 17 lecher\u00edas Liconsa en nueve municipios de la entidad, as\u00ed como el trabajo conjunto en la Cruzada Nacional contra el Hambre, con la finalidad de mejorar la calidad de vida de los mexiquenses.<\/p>\n<p>\u201cLas lecher\u00edas Liconsa son un modelo, yo dir\u00eda que son un modelo de ejemplo a nivel internacional, un modelo de c\u00f3mo si todos nos ponemos de acuerdo, si todos trabajamos parejo, si todos ponemos la parte que nos corresponde, le podemos cumplir mucho mejor a la gente. Participa el \u00e1mbito municipal, participa el \u00e1mbito estatal, el federal y la gente, tambi\u00e9n, con su trabajo y con su entusiasmo, as\u00ed es que les felicito por estas tres lecher\u00edas Liconsa que hoy se entregan aqu\u00ed en Villa del Carb\u00f3n y un total de 17 en todo el Estado de M\u00e9xico\u201d, expres\u00f3 el mandatario.<\/p>\n<p>Acompa\u00f1ado de Ernesto Nemer \u00c1lvarez, subsecretario federal de Desarrollo Social, el gobernador se\u00f1al\u00f3 que Liconsa es una empresa social que est\u00e1 del lado de la gente, por lo cual, en la entidad se continuar\u00e1 impulsando el establecimiento de este tipo de lecher\u00edas, y se trabaja para abrir 23 m\u00e1s el pr\u00f3ximo a\u00f1o.<\/p>\n<p>Destac\u00f3 que la leche que se comercializa en esta paraestatal proviene principalmente de productores mexiquenses, adem\u00e1s de ser de buena calidad y tener precios accesibles para la poblaci\u00f3n.<\/p>\n<p>En el marco del D\u00eda Mundial de la Alimentaci\u00f3n, Eruviel \u00c1vila inform\u00f3 que su administraci\u00f3n ha destinado m\u00e1s de 3 millones de pesos al programa de la Cruzada Nacional contra el Hambre, el cual llega a 32 municipios de la entidad, adem\u00e1s de que se alinearon a este proyecto m\u00e1s de 300 programas estatales.<\/p>\n<p>Agreg\u00f3 que algunas acciones que se promueven en el Estado de M\u00e9xico para disminuir los \u00edndices de pobreza alimentaria son la entrega de paquetes av\u00edcolas, de los cuales se han otorgado m\u00e1s de 175 mil para producir aproximadamente 20 mil toneladas de huevo, as\u00ed como el otorgamiento de canastas hortofrut\u00edcolas, y los programas alimentarios para adultos mayores, entre otras.<\/p>\n<p>Por su parte, Ernesto Nemer \u00c1lvarez, coment\u00f3 que en el pa\u00eds hay 7 millones de mexicanos que viven en pobreza extrema y carencia alimentaria, por eso se realizan los esfuerzos necesarios para que en los pr\u00f3ximos cinco a\u00f1os salgan de esa situaci\u00f3n y mejoren su nivel de vida.<\/p>\n<p>Indic\u00f3 que de los 2 mil 300 millones de pesos que se invierten en la Cruzada Nacional contra el Hambre, el 28 por ciento se destinan al Estado de M\u00e9xico, beneficiando a 1 mill\u00f3n 800 mexiquenses, que representan el 30 por ciento a nivel nacional.<\/p>\n<p>H\u00e9ctor Pablo Ram\u00edrez Puga Leyva, director de Liconsa, detall\u00f3 que el consumo de este l\u00e1cteo disminuye en 25 por ciento las posibilidades de que los ni\u00f1os padezcan anemia, y favorece el crecimiento de talla en 2.5 cent\u00edmetros y la capacidad de atenci\u00f3n escolar.<\/p>\n<p>&nbsp;<\/p>\n","protected":false},"excerpt":{"rendered":"<p> El gobernador Eruviel \u00c1vila Villegas destac\u00f3 que el Estado de M\u00e9xico se suma a los esfuerzos del gobierno federal para combatir la pobreza alimentaria en el pa\u00eds, a trav\u00e9s de acciones como la inauguraci\u00f3n de 17 lecher\u00edas Liconsa en nueve municipios de la entidad, as\u00ed como el trabajo conjunto en la Cruzada Nacional contra el Hambre, con la finalidad de mejorar la calidad de vida de los mexiquenses.<\/p>\n","protected":false},"author":1,"featured_media":150716,"comment_status":"open","ping_status":"open","sticky":false,"template":"","format":"standard","meta":{"_monsterinsights_skip_tracking":false,"_monsterinsights_sitenote_active":false,"_monsterinsights_sitenote_note":"","_monsterinsights_sitenote_category":0,"footnotes":""},"categories":[17,5],"tags":[5828,43675,1081],"class_list":["post-150715","post","type-post","status-publish","format-standard","has-post-thumbnail","hentry","category-especiales","category-estado-de-mexico","tag-eruviel-avila-villegas","tag-estado-de-mexico","tag-liconsa"],"_links":{"self":[{"href":"https:\/\/www.diarioimagen.net\/index.php?rest_route=\/wp\/v2\/posts\/150715","targetHints":{"allow":["GET"]}}],"collection":[{"href":"https:\/\/www.diarioimagen.net\/index.php?rest_route=\/wp\/v2\/posts"}],"about":[{"href":"https:\/\/www.diarioimagen.net\/index.php?rest_route=\/wp\/v2\/types\/post"}],"author":[{"embeddable":true,"href":"https:\/\/www.diarioimagen.net\/index.php?rest_route=\/wp\/v2\/users\/1"}],"replies":[{"embeddable":true,"href":"https:\/\/www.diarioimagen.net\/index.php?rest_route=%2Fwp%2Fv2%2Fcomments&post=150715"}],"version-history":[{"count":0,"href":"https:\/\/www.diarioimagen.net\/index.php?rest_route=\/wp\/v2\/posts\/150715\/revisions"}],"wp:featuredmedia":[{"embeddable":true,"href":"https:\/\/www.diarioimagen.net\/index.php?rest_route=\/wp\/v2\/media\/150716"}],"wp:attachment":[{"href":"https:\/\/www.diarioimagen.net\/index.php?rest_route=%2Fwp%2Fv2%2Fmedia&parent=150715"}],"wp:term":[{"taxonomy":"category","embeddable":true,"href":"https:\/\/www.diarioimagen.net\/index.php?rest_route=%2Fwp%2Fv2%2Fcategories&post=150715"},{"taxonomy":"post_tag","embeddable":true,"href":"https:\/\/www.diarioimagen.net\/index.php?rest_route=%2Fwp%2Fv2%2Ftags&post=150715"}],"curies":[{"name":"wp","href":"https:\/\/api.w.org\/{rel}","templated":true}]}}