{"id":150727,"date":"2013-10-16T00:02:03","date_gmt":"2013-10-16T05:02:03","guid":{"rendered":"http:\/\/www.diarioimagen.net\/?p=150727"},"modified":"2013-10-18T03:50:33","modified_gmt":"2013-10-18T08:50:33","slug":"codigo-penal-unico-es-garantia-de-justicia-pgr","status":"publish","type":"post","link":"https:\/\/www.diarioimagen.net\/?p=150727","title":{"rendered":"C\u00f3digo Penal \u00danico es garant\u00eda de justicia: PGR"},"content":{"rendered":"<ul>\n<li><em><strong>Jes\u00fas Murillo Karam afirma que es momento de aportar a los legisladores ideas para que puedan definirlo<\/strong><\/em><\/li>\n<\/ul>\n<p>&nbsp;<\/p>\n<div id=\"attachment_150730\" style=\"width: 250px\" class=\"wp-caption alignleft\"><a href=\"http:\/\/www.diarioimagen.net\/wp-content\/uploads\/2013\/10\/murillo-2208.jpg\"><img loading=\"lazy\" decoding=\"async\" aria-describedby=\"caption-attachment-150730\" class=\"size-medium wp-image-150730\" alt=\"El procurador general de la Rep\u00fablica, Jes\u00fas Murillo Karam,  acompa\u00f1ado del gobernador de Baja California Sur, Marcos Alberto Covarrubias Villase\u00f1or, durante  la segunda sesi\u00f3n ordinaria de la Conferencia de Procuraci\u00f3n de Justicia de las Zonas Noreste y Noroeste.\" src=\"http:\/\/www.diarioimagen.net\/wp-content\/uploads\/2013\/10\/murillo-2208-240x135.jpg\" width=\"240\" height=\"135\" srcset=\"https:\/\/www.diarioimagen.net\/wp-content\/uploads\/2013\/10\/murillo-2208-240x135.jpg 240w, https:\/\/www.diarioimagen.net\/wp-content\/uploads\/2013\/10\/murillo-2208-420x236.jpg 420w, https:\/\/www.diarioimagen.net\/wp-content\/uploads\/2013\/10\/murillo-2208-235x132.jpg 235w, https:\/\/www.diarioimagen.net\/wp-content\/uploads\/2013\/10\/murillo-2208-202x114.jpg 202w, https:\/\/www.diarioimagen.net\/wp-content\/uploads\/2013\/10\/murillo-2208-350x196.jpg 350w, https:\/\/www.diarioimagen.net\/wp-content\/uploads\/2013\/10\/murillo-2208-220x123.jpg 220w, https:\/\/www.diarioimagen.net\/wp-content\/uploads\/2013\/10\/murillo-2208-237x132.jpg 237w, https:\/\/www.diarioimagen.net\/wp-content\/uploads\/2013\/10\/murillo-2208.jpg 480w\" sizes=\"auto, (max-width: 240px) 100vw, 240px\" \/><\/a><p id=\"caption-attachment-150730\" class=\"wp-caption-text\">El procurador general de la Rep\u00fablica, Jes\u00fas Murillo Karam, acompa\u00f1ado del gobernador de Baja California Sur, Marcos Alberto Covarrubias Villase\u00f1or, durante la segunda sesi\u00f3n ordinaria de la Conferencia de Procuraci\u00f3n de Justicia de las Zonas Noreste y Noroeste.<\/p><\/div>\n<p>La Paz, BCS.- El titular de la Procuradur\u00eda General de la Rep\u00fablica (PGR), Jes\u00fas Murillo Karam, se\u00f1al\u00f3 que el Congreso de la Uni\u00f3n est\u00e1 a punto de emitir un C\u00f3digo de Procedimientos Penales \u00danico para todo el pa\u00eds, en el que la equidad en el proceso se dar\u00e1 de manera m\u00e1s clara y apegada a las normas que lo rigen.<\/p>\n<p>Al participar en la Segunda Sesi\u00f3n Ordinaria de la Conferencia Nacional de Procuraci\u00f3n de Justicia de las Zonas Noreste y Noroeste, en La Paz, Baja California Sur, indic\u00f3 que \u201ces el momento de aportar a los legisladores lo que nos parezca m\u00e1s importante para que ellos puedan decidir y definir lo que ser\u00e1 ese C\u00f3digo de Procedimientos Penales\u201d.<\/p>\n<p>Acompa\u00f1ado por el gobernador Marcos Alberto Covarrubias Villase\u00f1or, el titular de la PGR y presidente de la Conferencia Nacional de Procuradores, subray\u00f3 que hay avances sustanciales que repercuten positivamente en el desarrollo de la procuraci\u00f3n de justicia con una claridad contundente.<\/p>\n<p>Ante la presencia de procuradores y fiscales de 12 entidades, magistrados, diputados locales, representantes de colegios de abogados y de c\u00e1maras empresariales, precis\u00f3 que los trabajos de esa reuni\u00f3n abonar\u00e1n en mejores condiciones de justicia en el pa\u00eds.<\/p>\n<p>\u201cEs momento de hacer valer que jueces, defensores, fiscales y la propia sociedad nos unamos en un proceso nuevo que pueda darle a nuestro pa\u00eds una v\u00eda m\u00e1s segura, m\u00e1s correcta, m\u00e1s confiable, para que nuestro trabajo se haga mejor\u201d, destac\u00f3.<\/p>\n<p>A su vez, el procurador general de Justicia de Baja California Sur, Gamill Arreola Leal, al dar la bienvenida a los procuradores de las zonas Noreste y Noroeste, los invit\u00f3 a aportar ideas y experiencias que permitan la paz, la seguridad social y la armon\u00eda de todos los mexicanos.<\/p>\n","protected":false},"excerpt":{"rendered":"<p>El titular de la Procuradur\u00eda General de la Rep\u00fablica (PGR), Jes\u00fas Murillo Karam, se\u00f1al\u00f3 que el Congreso de la Uni\u00f3n est\u00e1 a punto de emitir un C\u00f3digo de Procedimientos Penales \u00danico para todo el pa\u00eds, en el que la equidad en el proceso se dar\u00e1 de manera m\u00e1s clara y apegada a las normas que lo rigen.<\/p>\n","protected":false},"author":1,"featured_media":150730,"comment_status":"open","ping_status":"open","sticky":false,"template":"","format":"standard","meta":{"_monsterinsights_skip_tracking":false,"_monsterinsights_sitenote_active":false,"_monsterinsights_sitenote_note":"","_monsterinsights_sitenote_category":0,"footnotes":""},"categories":[3],"tags":[5428,43673,232],"class_list":["post-150727","post","type-post","status-publish","format-standard","has-post-thumbnail","hentry","category-nacional","tag-jesus-murillo-karam","tag-nacional","tag-pgr"],"_links":{"self":[{"href":"https:\/\/www.diarioimagen.net\/index.php?rest_route=\/wp\/v2\/posts\/150727","targetHints":{"allow":["GET"]}}],"collection":[{"href":"https:\/\/www.diarioimagen.net\/index.php?rest_route=\/wp\/v2\/posts"}],"about":[{"href":"https:\/\/www.diarioimagen.net\/index.php?rest_route=\/wp\/v2\/types\/post"}],"author":[{"embeddable":true,"href":"https:\/\/www.diarioimagen.net\/index.php?rest_route=\/wp\/v2\/users\/1"}],"replies":[{"embeddable":true,"href":"https:\/\/www.diarioimagen.net\/index.php?rest_route=%2Fwp%2Fv2%2Fcomments&post=150727"}],"version-history":[{"count":0,"href":"https:\/\/www.diarioimagen.net\/index.php?rest_route=\/wp\/v2\/posts\/150727\/revisions"}],"wp:featuredmedia":[{"embeddable":true,"href":"https:\/\/www.diarioimagen.net\/index.php?rest_route=\/wp\/v2\/media\/150730"}],"wp:attachment":[{"href":"https:\/\/www.diarioimagen.net\/index.php?rest_route=%2Fwp%2Fv2%2Fmedia&parent=150727"}],"wp:term":[{"taxonomy":"category","embeddable":true,"href":"https:\/\/www.diarioimagen.net\/index.php?rest_route=%2Fwp%2Fv2%2Fcategories&post=150727"},{"taxonomy":"post_tag","embeddable":true,"href":"https:\/\/www.diarioimagen.net\/index.php?rest_route=%2Fwp%2Fv2%2Ftags&post=150727"}],"curies":[{"name":"wp","href":"https:\/\/api.w.org\/{rel}","templated":true}]}}