{"id":151026,"date":"2013-10-18T00:07:20","date_gmt":"2013-10-18T05:07:20","guid":{"rendered":"http:\/\/www.diarioimagen.net\/?p=151026"},"modified":"2013-10-21T01:39:54","modified_gmt":"2013-10-21T06:39:54","slug":"tepitenos-arremeten-contra-los-de-la-cnte","status":"publish","type":"post","link":"https:\/\/www.diarioimagen.net\/?p=151026","title":{"rendered":"Tepite\u00f1os arremeten contra los de la CNTE"},"content":{"rendered":"<h2>Tras la puerta del poder<\/h2>\n<h5>Roberto Vizca\u00edno<\/h5>\n<p>&nbsp;<\/p>\n<ul>\n<li><strong><i>Una vez que ocurren, estos hechos tienden a repetirse. A nadie extra\u00f1e que sea apenas el comienzo<\/i><\/strong><\/li>\n<li><strong><i>Al votar a favor 429 diputados, qued\u00f3 anulada la amenaza panista de vetar la reforma hacendaria \u00a0\u00a0<\/i><\/strong><\/li>\n<li><strong><i>Regreso de Josefina V\u00e1zquez Mota a la contienda del PAN, repite el escenario del 2011, donde vapule\u00f3 y desech\u00f3 a Ernesto Cordero<\/i><\/strong><\/li>\n<\/ul>\n<p>&nbsp;<\/p>\n<div id=\"attachment_151027\" style=\"width: 245px\" class=\"wp-caption alignleft\"><a href=\"http:\/\/www.diarioimagen.net\/wp-content\/uploads\/2013\/10\/A-PURO-PATIN-trizas-2210.jpg\"><img loading=\"lazy\" decoding=\"async\" aria-describedby=\"caption-attachment-151027\" class=\"size-medium wp-image-151027\" alt=\"A puro pat\u00edn... | Trizas\" src=\"http:\/\/www.diarioimagen.net\/wp-content\/uploads\/2013\/10\/A-PURO-PATIN-trizas-2210-235x240.jpg\" width=\"235\" height=\"240\" srcset=\"https:\/\/www.diarioimagen.net\/wp-content\/uploads\/2013\/10\/A-PURO-PATIN-trizas-2210-235x240.jpg 235w, https:\/\/www.diarioimagen.net\/wp-content\/uploads\/2013\/10\/A-PURO-PATIN-trizas-2210-412x420.jpg 412w, https:\/\/www.diarioimagen.net\/wp-content\/uploads\/2013\/10\/A-PURO-PATIN-trizas-2210-50x50.jpg 50w, https:\/\/www.diarioimagen.net\/wp-content\/uploads\/2013\/10\/A-PURO-PATIN-trizas-2210-70x70.jpg 70w, https:\/\/www.diarioimagen.net\/wp-content\/uploads\/2013\/10\/A-PURO-PATIN-trizas-2210.jpg 700w\" sizes=\"auto, (max-width: 235px) 100vw, 235px\" \/><\/a><p id=\"caption-attachment-151027\" class=\"wp-caption-text\">A puro pat\u00edn&#8230; | Trizas<\/p><\/div>\n<p>Lo ocurrido ayer en el Eje Uno en el barrio de Tepito es un importante aviso de que las acciones de la CNTE en el DF podr\u00edan estar entrando en la etapa de la ruptura social.<\/p>\n<p>Ayer los maestros decidieron marchar hacia la C\u00e1mara de Diputados en San L\u00e1zaro pero tomaron una ruta distinta. Fueron por Paseo de la Reforma hasta el Eje Uno y de ah\u00ed doblaron a la derecha para llegar al viejo Palacio de Lecumberri y de ah\u00ed arribar a San L\u00e1zaro por la parte de atr\u00e1s.<\/p>\n<p>Pero apenas hab\u00edan tomado Eje Uno cuando los tepite\u00f1os les expresaron lo que otros muchos, quiz\u00e1 millones de capitalinos, han hecho en forma privada. Sobrevino la rechifla y los reclamos.<\/p>\n<p>\u201c\u00a1Ya p\u00f3nganse a trabajar\u2026 pinches huevones!\u201d.<\/p>\n<p>Y m\u00e1s all\u00e1 de las mentadas comenzaron a lloverles a los maestros piedras, botellas y aguas de procedencia incierta. Estos se engallaron y vino la golpiza.<\/p>\n<p>Testigos narran que los tepite\u00f1os buenos desde siempre para el trompo, ni siquiera calentaron los pu\u00f1os. El resultado fue tres maestros enviados al hospital y decenas con costillas y narices rotas. El ego de los trogloditas de la CNTE result\u00f3 por los suelos. Su historial capitalino de agresiones e impunidad encontr\u00f3 ayer una fuerza superior en agudeza y habilidad combativa.<\/p>\n<p>Ah\u00ed acab\u00f3 la marcha de ayer. Algunos, m\u00e1s por orgullo que por ganas llegaron a San L\u00e1zaro, pero s\u00f3lo para de ah\u00ed tomar el Metro y regresar a su plant\u00f3n en el Monumento a la Revoluci\u00f3n.<\/p>\n<p>Los soci\u00f3logos y la experiencia advierten que una vez que ocurre este tipo de cosas, se repiten. Los tepite\u00f1os ya les mostraron a otros defe\u00f1os lo que hay que hacer con los latosos maestros de la CNTE. No se extra\u00f1e nadie que esto sea apenas el inicio del trato que se les dar\u00e1 en lo adelante en otros rumbos del DF.<\/p>\n<p style=\"text-align: center;\"><b>\u00bfNO QUE EL PAN LA VETAR\u00cdA?<\/b><\/p>\n<p>La campa\u00f1a y amenazas del PAN en contra de la reforma hacendaria cayeron hechas trizas ayer en San L\u00e1zaro. Con 429 votos a favor y 44 en contra y en menos de 25 minutos, y cero discusi\u00f3n, los diputados aprobaron modificar como lo propuso el presidente Enrique Pe\u00f1a Nieto la Ley Federal de Presupuesto y de Responsabilidad Hacendaria. Esta reforma propone un incremento del gasto corriente del gobierno federal hasta en 2.5 por ciento anual en 2015 y 2016 y prev\u00e9 que de 2017 en adelante este incremento lo fijar\u00e1 el reglamento de la Ley.<\/p>\n<p>Sin embargo lo importante es que las amenazas del PAN fueron dejadas de lado por los mismos diputados blanquiazules. Ahora veremos qu\u00e9 trato le dan los panistas en el Senado comandados por el calderonista Ernesto Cordero.<\/p>\n<p style=\"text-align: center;\"><b>NO HABRA PRESI\u00d3N QUE VALGA<\/b><\/p>\n<p>Quienes tambi\u00e9n fracasaron con esta votaci\u00f3n en San L\u00e1zaro, fueron las empresas de cabildeo que se supone cobraron incluso millones de d\u00f3lares para influir y modificar la iniciativa de reforma hacendaria.<\/p>\n<p>Al hablar al respecto, el coordinador de los senadores del PRI, el yucateco Emilio Gamboa previ\u00f3 un escenario similar para estos cabilderos en el paso del dictamen de la reforma hacendaria por la c\u00e1mara alta.<\/p>\n<p>\u201cNosotros no nos vamos a dejar presionar por nadie, por ning\u00fan grupo, de cualquier \u00edndole. Al contrario, vamos a trabajar como lo hemos hecho, con absoluta libertad; vamos a trabajar con la comunicaci\u00f3n que tenemos entre los partidos. En el PRI no dejaremos que nos presione nadie, nosotros vamos a actuar con responsabilidad &#8211;como lo hemos hecho&#8211; y vamos a ver qu\u00e9 es lo que aprobaron nuestros compa\u00f1eros &#8211;las diputadas y los diputados&#8211;, para empezar a analizarlo a partir del pr\u00f3ximo lunes\u201d, indic\u00f3.<\/p>\n<p style=\"text-align: center;\"><b>POR UNA CERTIFICACI\u00d3N EFECTIVA<\/b><\/p>\n<p>El Senado de la Rep\u00fablica respald\u00f3 ayer la petici\u00f3n de los gobernadores y vot\u00f3 por prorrogar un a\u00f1o m\u00e1s la certificaci\u00f3n de los polic\u00edas del pa\u00eds. Si no se hubiera hecho, los gobiernos estatales hubieran tenido que cesar a unos 75 mil polic\u00edas que no han pasado por el examen de confianza.<\/p>\n<p>Al explicarlo, los miembros de la Comisi\u00f3n de Seguridad del Senado, presidida por el hidalguense Omar Fayad, adelantaron que ya se trabajan para establecer un nuevo sistema de evaluaci\u00f3n que supla al actual que tiene muchas fallas e imperfecciones.<\/p>\n<p>Eso hace, aceptaron, que muchos polic\u00edas con evaluaci\u00f3n aparezcan de pronto en las filas del crimen organizado y en las bandas de delincuentes estatales.<\/p>\n<p>Los senadores Humberto Mayans Canabal \u00a0y Te\u00f3filo Torres Corzo indicaron luego que el sistema de evaluaci\u00f3n policiaca incluir\u00e1 en adelante a las polic\u00edas y guardias de empresas privadas, algunas de las cuales operan como agencias del crimen organizado, dijo Mayans.<\/p>\n<p style=\"text-align: center;\"><b>D\u00c9J\u00c0 VU<\/b><\/p>\n<p>El ingreso de Josefina V\u00e1zquez Mota a la contienda por la dirigencia nacional del PAN al amparo de ex gobernadores y panistas de viejo cu\u00f1o, plante\u00f3 la repetici\u00f3n de una contienda que se dio en 2011 entre ella y Ernesto Cordero.<\/p>\n<p>El ex coordinador de los senadores sigue teniendo en Felipe Calder\u00f3n su mismo padrino que en la anterior contienda.<\/p>\n<p>Zorruno, Gustavo Madero aplaude la participaci\u00f3n de V\u00e1zquez Mota porque ser\u00e1 quien desgaste al grupo de Felipe Calder\u00f3n encabezado por Cordero.<\/p>\n<p style=\"text-align: center;\"><b>MANCERA VA CON C\u00c1RDENAS<\/b><\/p>\n<p>Ayer, una vez m\u00e1s, Miguel \u00c1ngel \u00a0Mancera, refrend\u00f3 su apoyo a la postura del ingeniero Cuauht\u00e9moc C\u00e1rdenas Sol\u00f3rzano sobre la reforma energ\u00e9tica.<\/p>\n<p>\u201cYo lo he dicho muy claro, nosotros vamos a apoyar la convocatoria que ha hecho el ingeniero Cuauht\u00e9moc C\u00e1rdenas, que es la de ir en la ruta hacia una consulta de manera ordenada, en donde se tienen que recabar firmas, y obviamente, esa tarea la encabeza \u00e9l, pero est\u00e1 siendo coordinada desde el Senado por el senador Miguel Barbosa\u201d, precis\u00f3.<\/p>\n<p>El Jefe de Gobierno capitalino indic\u00f3 que su postura tiene la suma mayor dentro de la izquierda mexicana ya que hasta el presidente del PRD, Jes\u00fas Zambrano,\u00a0 ha indicado que ya se recolectan firmas en contra de la reforma energ\u00e9tica.<\/p>\n<p>\u201cEso va en una l\u00ednea: la del ingeniero C\u00e1rdenas y nosotros la seguiremos, no vamos a romper con esa congruencia\u2026 y nada de tocar el Art\u00edculo 28\u201d, advirti\u00f3.<\/p>\n<p style=\"text-align: center;\"><b>SEGURO UNIVERSAL, S\u00cd<\/b><\/p>\n<p>La secretaria de Salud, Mercedes Juan, indic\u00f3 ayer que la aprobaci\u00f3n del primer tramo de la reforma hacendaria es un paso m\u00e1s para instaurar un Sistema Nacional de Seguridad Social Universal, en el que todos los mexicanos cuenten con pensi\u00f3n, seguro de desempleo, seguro de vida y acceso efectivo a una calidad de vida que les garantice un derecho a la protecci\u00f3n de la salud, como parte de un derecho humano y social, y no s\u00f3lo laboral. La titular de Salud compareci\u00f3 ante la Comisi\u00f3n de Salud del Senado como parte del an\u00e1lisis del Primer Informe de Gobierno del presidente Enrique Pe\u00f1a Nieto.<\/p>\n<p><em><a href=\"mailto:rvizcaino@gmail.com\" target=\"_blank\">rvizcaino@gmail.com<\/a><\/em><\/p>\n","protected":false},"excerpt":{"rendered":"<p><span style=\"color: #005497;\"><strong>Roberto Vizca\u00edno<\/strong><\/span><br \/>\n<br \/>\nLo ocurrido ayer en el Eje Uno en el barrio de Tepito es un importante aviso de que las acciones de la CNTE en el DF podr\u00edan estar entrando en la etapa de la ruptura social.<\/p>\n","protected":false},"author":1,"featured_media":151027,"comment_status":"open","ping_status":"open","sticky":false,"template":"","format":"standard","meta":{"_monsterinsights_skip_tracking":false,"_monsterinsights_sitenote_active":false,"_monsterinsights_sitenote_note":"","_monsterinsights_sitenote_category":0,"footnotes":""},"categories":[136],"tags":[43674,93,94],"class_list":["post-151026","post","type-post","status-publish","format-standard","has-post-thumbnail","hentry","category-roberto-vizcaino-opinion","tag-opinion","tag-roberto-vizcaino","tag-tras-la-puerta-del-poder"],"_links":{"self":[{"href":"https:\/\/www.diarioimagen.net\/index.php?rest_route=\/wp\/v2\/posts\/151026","targetHints":{"allow":["GET"]}}],"collection":[{"href":"https:\/\/www.diarioimagen.net\/index.php?rest_route=\/wp\/v2\/posts"}],"about":[{"href":"https:\/\/www.diarioimagen.net\/index.php?rest_route=\/wp\/v2\/types\/post"}],"author":[{"embeddable":true,"href":"https:\/\/www.diarioimagen.net\/index.php?rest_route=\/wp\/v2\/users\/1"}],"replies":[{"embeddable":true,"href":"https:\/\/www.diarioimagen.net\/index.php?rest_route=%2Fwp%2Fv2%2Fcomments&post=151026"}],"version-history":[{"count":0,"href":"https:\/\/www.diarioimagen.net\/index.php?rest_route=\/wp\/v2\/posts\/151026\/revisions"}],"wp:featuredmedia":[{"embeddable":true,"href":"https:\/\/www.diarioimagen.net\/index.php?rest_route=\/wp\/v2\/media\/151027"}],"wp:attachment":[{"href":"https:\/\/www.diarioimagen.net\/index.php?rest_route=%2Fwp%2Fv2%2Fmedia&parent=151026"}],"wp:term":[{"taxonomy":"category","embeddable":true,"href":"https:\/\/www.diarioimagen.net\/index.php?rest_route=%2Fwp%2Fv2%2Fcategories&post=151026"},{"taxonomy":"post_tag","embeddable":true,"href":"https:\/\/www.diarioimagen.net\/index.php?rest_route=%2Fwp%2Fv2%2Ftags&post=151026"}],"curies":[{"name":"wp","href":"https:\/\/api.w.org\/{rel}","templated":true}]}}