{"id":151041,"date":"2013-10-18T00:02:49","date_gmt":"2013-10-18T05:02:49","guid":{"rendered":"http:\/\/www.diarioimagen.net\/?p=151041"},"modified":"2013-10-21T02:14:03","modified_gmt":"2013-10-21T07:14:03","slug":"nuevos-impuestos","status":"publish","type":"post","link":"https:\/\/www.diarioimagen.net\/?p=151041","title":{"rendered":"Nuevos impuestos"},"content":{"rendered":"<h2>Acta P\u00fablica<\/h2>\n<h5>Claudia Rodr\u00edguez<\/h5>\n<p><span><br \/>\nLa Comisi\u00f3n de Hacienda y Cr\u00e9dito P\u00fablico aprob\u00f3 la nueva reforma hacendaria, con las reservas que igual se discutieron en el pleno.<\/span><\/p>\n<p>Pero lea usted, no est\u00e1 por dem\u00e1s que en \u00e9ste y otros espacios est\u00e9 usted enterado de cu\u00e1les son las nuevas disposiciones hacendarias como simple consumidor.\u00a0 De unas, ni remedio, el impuesto se lo gravar\u00e1 por la simple raz\u00f3n de ganarse la vida o de trasladarse, y en otras, quiz\u00e1 s\u00ed se pueda hacer algo para no consumir esos productos gravados como de lujo.<\/p>\n<p>Y ah\u00ed va el aviso: El IVA antes diferenciado entre la frontera y el resto del pa\u00eds, ahora ser\u00e1 homologado a 16 por ciento.<\/p>\n<p>Si usted tiene mascota o varios seres vivos de esta categor\u00eda o piensa integrar uno o m\u00e1s a su entorno familiar, tome en cuenta que la compra de los mismos y todo lo que tiene que ver con su alimentaci\u00f3n y sost\u00e9n, ser\u00e1n gravados.<\/p>\n<p>Cuidado. Si gusta usted o sus familiares de refrescos y alimentos denominados cal\u00f3ricos y\/o \u201cchatarra\u201d -como esos que dicen ya no vender en las tiendas escolares y s\u00ed se hace- pues a estar alerta.<\/p>\n<p>Con los refrescos y bebidas saborizadas no habr\u00e1 ning\u00fan margen de error al momento de entender por qu\u00e9 ahora se paga m\u00e1s.\u00a0 Por cada litro de estas bebidas se sufragar\u00e1 un peso m\u00e1s.\u00a0 Pero donde s\u00ed hay que poner mucha atenci\u00f3n y tener la lista en mente es con todos los dulces y postres elaborados con leche y\/o con frutas.\u00a0 Ejemplos: yogurth, flan, gelatina o postres infantiles.\u00a0Tambi\u00e9n va el impuesto a cremas de avellana y cacahuate, helados y paletas, as\u00ed como cereales.<\/p>\n<p>La t\u00f3nica para gravar los anteriores alimentos fue en base a todos aquellos que aportan una densidad cal\u00f3rica de 275 kilocalor\u00edas por cada 100 gramos de producto.<\/p>\n<p>As\u00ed que ahora quedan sobrepasadas las razones o planteamientos de la l\u00f3gica para aprobar los impuestos a lo que se acaba de detallar, y que no son todos los productos con nuevo o modificado gravamen. Lo importante es que usted est\u00e9 consciente del porqu\u00e9 su bolsa del mercado con menos productos, pueda costar mucho m\u00e1s que antes.<\/p>\n<p>Es importante tambi\u00e9n para el tema de la congruencia pol\u00edtica y de democracia electoral que en otra oportunidad revisemos el sentido de la votaci\u00f3n a esta nueva reforma hacendaria por cada fracci\u00f3n legislativa de partidos pol\u00edticos.<\/p>\n<p>\u00bfY qu\u00e9 tal si me impongo de tarea para comentar con usted?<\/p>\n<p>Para advertir\u2026 Espero que el crecimiento no sea s\u00f3lo de los cuerpos de forma individual y entonces los impuestos en contra de la obesidad sean de nuevo una pifia.<\/p>\n<p><em><a href=\"mailto:actapublica@gmail.com\" target=\"_blank\">actapublica@gmail.com<\/a><\/em><\/p>\n","protected":false},"excerpt":{"rendered":"<p><span style=\"color: #005497;\"><strong>Claudia Rodr\u00edguez<\/strong><\/span><\/p>\n","protected":false},"author":1,"featured_media":0,"comment_status":"open","ping_status":"open","sticky":false,"template":"","format":"standard","meta":{"_monsterinsights_skip_tracking":false,"_monsterinsights_sitenote_active":false,"_monsterinsights_sitenote_note":"","_monsterinsights_sitenote_category":0,"footnotes":""},"categories":[1281],"tags":[6915,43674],"class_list":["post-151041","post","type-post","status-publish","format-standard","hentry","category-claudia-rodriguez","tag-impuestos","tag-opinion"],"_links":{"self":[{"href":"https:\/\/www.diarioimagen.net\/index.php?rest_route=\/wp\/v2\/posts\/151041","targetHints":{"allow":["GET"]}}],"collection":[{"href":"https:\/\/www.diarioimagen.net\/index.php?rest_route=\/wp\/v2\/posts"}],"about":[{"href":"https:\/\/www.diarioimagen.net\/index.php?rest_route=\/wp\/v2\/types\/post"}],"author":[{"embeddable":true,"href":"https:\/\/www.diarioimagen.net\/index.php?rest_route=\/wp\/v2\/users\/1"}],"replies":[{"embeddable":true,"href":"https:\/\/www.diarioimagen.net\/index.php?rest_route=%2Fwp%2Fv2%2Fcomments&post=151041"}],"version-history":[{"count":0,"href":"https:\/\/www.diarioimagen.net\/index.php?rest_route=\/wp\/v2\/posts\/151041\/revisions"}],"wp:attachment":[{"href":"https:\/\/www.diarioimagen.net\/index.php?rest_route=%2Fwp%2Fv2%2Fmedia&parent=151041"}],"wp:term":[{"taxonomy":"category","embeddable":true,"href":"https:\/\/www.diarioimagen.net\/index.php?rest_route=%2Fwp%2Fv2%2Fcategories&post=151041"},{"taxonomy":"post_tag","embeddable":true,"href":"https:\/\/www.diarioimagen.net\/index.php?rest_route=%2Fwp%2Fv2%2Ftags&post=151041"}],"curies":[{"name":"wp","href":"https:\/\/api.w.org\/{rel}","templated":true}]}}